{"id":28022,"date":"2022-09-05T16:09:55","date_gmt":"2022-09-05T19:09:55","guid":{"rendered":"https:\/\/justicapotiguar.com.br\/?p=28022"},"modified":"2022-09-05T16:09:55","modified_gmt":"2022-09-05T19:09:55","slug":"mprn-entregara-agenda-propositiva-aos-candidatos-ao-governo-do-estado","status":"publish","type":"post","link":"https:\/\/justicapotiguar.com.br\/index.php\/2022\/09\/05\/mprn-entregara-agenda-propositiva-aos-candidatos-ao-governo-do-estado\/","title":{"rendered":"MPRN entregar\u00e1 Agenda Propositiva aos candidatos ao Governo do Estado"},"content":{"rendered":"\n<figure class=\"wp-block-image size-large\"><img loading=\"lazy\" width=\"768\" height=\"768\" src=\"https:\/\/justicapotiguar.com.br\/wp-content\/uploads\/2022\/09\/Agenda_propostas_candidatos-768x768-1.jpeg\" alt=\"\" class=\"wp-image-28023\" srcset=\"https:\/\/justicapotiguar.com.br\/wp-content\/uploads\/2022\/09\/Agenda_propostas_candidatos-768x768-1.jpeg 768w, https:\/\/justicapotiguar.com.br\/wp-content\/uploads\/2022\/09\/Agenda_propostas_candidatos-768x768-1-300x300.jpeg 300w, https:\/\/justicapotiguar.com.br\/wp-content\/uploads\/2022\/09\/Agenda_propostas_candidatos-768x768-1-150x150.jpeg 150w\" sizes=\"(max-width: 768px) 100vw, 768px\" \/><figcaption>Reprodu\u00e7\u00e3o<\/figcaption><\/figure>\n\n\n\n<p>O Minist\u00e9rio P\u00fablico do Rio Grande do Norte (MPRN) entregar\u00e1 uma Agenda Propositiva aos candidatos ao Governo do Estado nas elei\u00e7\u00f5es deste ano. O documento contempla propostas para a administra\u00e7\u00e3o estadual nos pr\u00f3ximos quatro anos, sugerindo a ado\u00e7\u00e3o de medidas que culminem em solu\u00e7\u00f5es estruturais e definitivas para problemas de relev\u00e2ncia social enfrentados em terras potiguares. A solenidade de entrega ser\u00e1 \u00e0s 10h da sexta-feira (9), na sede da Procuradoria Geral de Justi\u00e7a (PGJ), em Natal.<\/p>\n\n\n\n<p>\u201cHistoricamente e de maneira proativa, o Minist\u00e9rio P\u00fablico do Rio Grande do Norte sempre est\u00e1 aberto para dialogar com outras institui\u00e7\u00f5es. Esperamos que as propostas sugeridas integrem o plano de a\u00e7\u00e3o de sua gest\u00e3o, tendo a certeza de contar com esta Institui\u00e7\u00e3o para a concretiza\u00e7\u00e3o das iniciativas apontadas\u201d, disse a procuradora geral de Justi\u00e7a do RN, Elaine Cardoso de Matos Novais Teixeira.<\/p><div class=\"wjgkt69f5991d9a046\" ><!--<a href=\"https:\/\/bit.ly\/3QdrqTZ\" target=\"_blank\">\n<img src=\"https:\/\/justicapotiguar.com.br\/wp-content\/uploads\/2023\/09\/mobile-geral.gif\"\/><a\/>--><\/div><style type=\"text\/css\">\r\n.wjgkt69f5991d9a046 {\r\ntext-align: center;\r\n}\r\n@media screen and (min-width: 1201px) {\r\n.wjgkt69f5991d9a046 {\r\ndisplay: none;\r\n}\r\n}\r\n@media screen and (min-width: 993px) and (max-width: 1200px) {\r\n.wjgkt69f5991d9a046 {\r\ndisplay: none;\r\n}\r\n}\r\n@media screen and (min-width: 769px) and (max-width: 992px) {\r\n.wjgkt69f5991d9a046 {\r\ndisplay: none;\r\n}\r\n}\r\n@media screen and (min-width: 768px) and (max-width: 768px) {\r\n.wjgkt69f5991d9a046 {\r\ndisplay: block;\r\n}\r\n}\r\n@media screen and (max-width: 767px) {\r\n.wjgkt69f5991d9a046 {\r\ndisplay: block;\r\n}\r\n}\r\n<\/style>\r\n<div class=\"ndwlw69f5991d9a02b\" ><!--<a href=\"https:\/\/bit.ly\/3QdrqTZ\" target=\"_blank\">\n<img src=\"https:\/\/justicapotiguar.com.br\/wp-content\/uploads\/2023\/09\/desktop-geral.gif\"\/><a\/>--><\/div><style type=\"text\/css\">\r\n.ndwlw69f5991d9a02b {\r\ntext-align: center;\nmargin-bottom: 1em;\r\n}\r\n@media screen and (min-width: 1201px) {\r\n.ndwlw69f5991d9a02b {\r\ndisplay: block;\r\n}\r\n}\r\n@media screen and (min-width: 993px) and (max-width: 1200px) {\r\n.ndwlw69f5991d9a02b {\r\ndisplay: block;\r\n}\r\n}\r\n@media screen and (min-width: 769px) and (max-width: 992px) {\r\n.ndwlw69f5991d9a02b {\r\ndisplay: block;\r\n}\r\n}\r\n@media screen and (min-width: 768px) and (max-width: 768px) {\r\n.ndwlw69f5991d9a02b {\r\ndisplay: none;\r\n}\r\n}\r\n@media screen and (max-width: 767px) {\r\n.ndwlw69f5991d9a02b {\r\ndisplay: none;\r\n}\r\n}\r\n<\/style>\r\n\n\n\n\n<p>As sugest\u00f5es apresentadas t\u00eam rela\u00e7\u00e3o com as \u00e1reas de atua\u00e7\u00e3o do Minist\u00e9rio P\u00fablico. As medidas estrat\u00e9gicas e priorit\u00e1rias nele contidas s\u00e3o apontadas com vistas \u00e0 promo\u00e7\u00e3o e defesa da Inf\u00e2ncia e Juventude, Pessoa om Defici\u00eancia e Idoso, Inclus\u00e3o, Sa\u00fade, Seguran\u00e7a P\u00fablica, Patrim\u00f4nio P\u00fablico, Cidadania e Meio Ambiente.<\/p>\n\n\n\n<p>Os nove candidatos ao Governo do Estado foram convidados para o evento nesta semana. A imprensa ter\u00e1 livre acesso para cobertura da solenidade, que ter\u00e1 transmiss\u00e3o ao vivo pelas redes sociais do MPRN.<\/p>\n","protected":false},"excerpt":{"rendered":"<p>O Minist\u00e9rio P\u00fablico do Rio Grande do Norte (MPRN) entregar\u00e1 uma Agenda Propositiva aos candidatos ao Governo do Estado nas elei\u00e7\u00f5es deste ano. O documento contempla propostas para a administra\u00e7\u00e3o estadual nos pr\u00f3ximos quatro anos, sugerindo a ado\u00e7\u00e3o de medidas que culminem em solu\u00e7\u00f5es estruturais e definitivas para problemas de relev\u00e2ncia social enfrentados em terras<br \/><a class=\"more-link\" href=\"https:\/\/justicapotiguar.com.br\/index.php\/2022\/09\/05\/mprn-entregara-agenda-propositiva-aos-candidatos-ao-governo-do-estado\/\">Mais&#8230;<\/a><\/p>\n","protected":false},"author":5,"featured_media":0,"comment_status":"open","ping_status":"open","sticky":false,"template":"","format":"standard","meta":[],"categories":[1],"tags":[],"_links":{"self":[{"href":"https:\/\/justicapotiguar.com.br\/index.php\/wp-json\/wp\/v2\/posts\/28022"}],"collection":[{"href":"https:\/\/justicapotiguar.com.br\/index.php\/wp-json\/wp\/v2\/posts"}],"about":[{"href":"https:\/\/justicapotiguar.com.br\/index.php\/wp-json\/wp\/v2\/types\/post"}],"author":[{"embeddable":true,"href":"https:\/\/justicapotiguar.com.br\/index.php\/wp-json\/wp\/v2\/users\/5"}],"replies":[{"embeddable":true,"href":"https:\/\/justicapotiguar.com.br\/index.php\/wp-json\/wp\/v2\/comments?post=28022"}],"version-history":[{"count":1,"href":"https:\/\/justicapotiguar.com.br\/index.php\/wp-json\/wp\/v2\/posts\/28022\/revisions"}],"predecessor-version":[{"id":28024,"href":"https:\/\/justicapotiguar.com.br\/index.php\/wp-json\/wp\/v2\/posts\/28022\/revisions\/28024"}],"wp:attachment":[{"href":"https:\/\/justicapotiguar.com.br\/index.php\/wp-json\/wp\/v2\/media?parent=28022"}],"wp:term":[{"taxonomy":"category","embeddable":true,"href":"https:\/\/justicapotiguar.com.br\/index.php\/wp-json\/wp\/v2\/categories?post=28022"},{"taxonomy":"post_tag","embeddable":true,"href":"https:\/\/justicapotiguar.com.br\/index.php\/wp-json\/wp\/v2\/tags?post=28022"}],"curies":[{"name":"wp","href":"https:\/\/api.w.org\/{rel}","templated":true}]}}