{"id":28018,"date":"2022-09-05T15:20:04","date_gmt":"2022-09-05T18:20:04","guid":{"rendered":"https:\/\/justicapotiguar.com.br\/?p=28018"},"modified":"2022-09-05T16:17:41","modified_gmt":"2022-09-05T19:17:41","slug":"ja-pode-pedir-musica-carlos-eduardo-perde-a-terceira-acao-contra-a-96fm","status":"publish","type":"post","link":"https:\/\/justicapotiguar.com.br\/index.php\/2022\/09\/05\/ja-pode-pedir-musica-carlos-eduardo-perde-a-terceira-acao-contra-a-96fm\/","title":{"rendered":"J\u00c1 PODE PEDIR M\u00daSICA: Carlos Eduardo perde a terceira a\u00e7\u00e3o contra a 96FM"},"content":{"rendered":"\n<figure class=\"wp-block-image size-large\"><img loading=\"lazy\" width=\"1024\" height=\"683\" src=\"https:\/\/justicapotiguar.com.br\/wp-content\/uploads\/2022\/08\/0ce54a452b5397d2c24f8d146508f206_720-1280-1024x683.jpg\" alt=\"\" class=\"wp-image-27552\" srcset=\"https:\/\/justicapotiguar.com.br\/wp-content\/uploads\/2022\/08\/0ce54a452b5397d2c24f8d146508f206_720-1280-1024x683.jpg 1024w, https:\/\/justicapotiguar.com.br\/wp-content\/uploads\/2022\/08\/0ce54a452b5397d2c24f8d146508f206_720-1280-300x200.jpg 300w, https:\/\/justicapotiguar.com.br\/wp-content\/uploads\/2022\/08\/0ce54a452b5397d2c24f8d146508f206_720-1280-768x512.jpg 768w, https:\/\/justicapotiguar.com.br\/wp-content\/uploads\/2022\/08\/0ce54a452b5397d2c24f8d146508f206_720-1280.jpg 1080w\" sizes=\"(max-width: 1024px) 100vw, 1024px\" \/><figcaption>Reprodu\u00e7\u00e3o<\/figcaption><\/figure>\n\n\n\n<p>O candidato a senador Carlos Eduardo Alves perdeu novamente a\u00e7\u00e3o judicial contra a r\u00e1dio 96 FM. Desta vez o candidato pedia que a r\u00e1dio fosse proibida de comentar sobre ele no pleito, pois julgava ser depreciativo.<\/p>\n\n\n\n<p>A juiza auxiliar do TRE-RN, Ticiana Nobre,  indeferiu o pedido e sustentou que: &#8220;Releve-se (&#8230;)&nbsp;que o conte\u00fado cr\u00edtico e opinativo impugnado n\u00e3o desbordou, em qualquer momento, para o vi\u00e9s da propaganda pol\u00edtica eleitoral e tamb\u00e9m n\u00e3o contou, direta ou subliminarmente, com pedido de voto, de sorte a n\u00e3o se conformar, objetivamente, com o tratamento privilegiado&#8221;.&nbsp;<br><br>Ticiana tamb\u00e9m ressaltou que &#8220;considerando a estatura pol\u00edtica e eleitoral do candidato representante; o conte\u00fado das opini\u00f5es e cr\u00edticas proferidas pelos comunicadores sociais \u00e0 sua atua\u00e7\u00e3o pol\u00edtica e eleitoral; o contexto em que foram produzidas \u2013 programa jornal\u00edstico da emissora, em \u00e9poca de campanha eleitoral, que analisa fatos referentes a a\u00e7\u00f5es judiciais perpetradas \u2013 bem como a garantia que se deve dar ao princ\u00edpio da liberdade de express\u00e3o e de imprensa, esta \u00faltima em rela\u00e7\u00e3o de m\u00fatua depend\u00eancia com a higidez do princ\u00edpio democr\u00e1tico, \u00e9 de se considerar que n\u00e3o houve, na esp\u00e9cie, tratamento privilegiado ao candidato Rog\u00e9rio Marinho em detrimento do candidato Carlos Eduardo Alves, m\u00e1xime porque os coment\u00e1rios direcionados a este \u00faltimo cingiram-se a opini\u00f5es frente a fatos constatados na campanha eleitoral&#8221;.&nbsp;<\/p><div class=\"lromp69f598f965137\" ><!--<a href=\"https:\/\/bit.ly\/3QdrqTZ\" target=\"_blank\">\n<img src=\"https:\/\/justicapotiguar.com.br\/wp-content\/uploads\/2023\/09\/mobile-geral.gif\"\/><a\/>--><\/div><style type=\"text\/css\">\r\n.lromp69f598f965137 {\r\ntext-align: center;\r\n}\r\n@media screen and (min-width: 1201px) {\r\n.lromp69f598f965137 {\r\ndisplay: none;\r\n}\r\n}\r\n@media screen and (min-width: 993px) and (max-width: 1200px) {\r\n.lromp69f598f965137 {\r\ndisplay: none;\r\n}\r\n}\r\n@media screen and (min-width: 769px) and (max-width: 992px) {\r\n.lromp69f598f965137 {\r\ndisplay: none;\r\n}\r\n}\r\n@media screen and (min-width: 768px) and (max-width: 768px) {\r\n.lromp69f598f965137 {\r\ndisplay: block;\r\n}\r\n}\r\n@media screen and (max-width: 767px) {\r\n.lromp69f598f965137 {\r\ndisplay: block;\r\n}\r\n}\r\n<\/style>\r\n<div class=\"fxrgk69f598f96511d\" ><!--<a href=\"https:\/\/bit.ly\/3QdrqTZ\" target=\"_blank\">\n<img src=\"https:\/\/justicapotiguar.com.br\/wp-content\/uploads\/2023\/09\/desktop-geral.gif\"\/><a\/>--><\/div><style type=\"text\/css\">\r\n.fxrgk69f598f96511d {\r\ntext-align: center;\nmargin-bottom: 1em;\r\n}\r\n@media screen and (min-width: 1201px) {\r\n.fxrgk69f598f96511d {\r\ndisplay: block;\r\n}\r\n}\r\n@media screen and (min-width: 993px) and (max-width: 1200px) {\r\n.fxrgk69f598f96511d {\r\ndisplay: block;\r\n}\r\n}\r\n@media screen and (min-width: 769px) and (max-width: 992px) {\r\n.fxrgk69f598f96511d {\r\ndisplay: block;\r\n}\r\n}\r\n@media screen and (min-width: 768px) and (max-width: 768px) {\r\n.fxrgk69f598f96511d {\r\ndisplay: none;\r\n}\r\n}\r\n@media screen and (max-width: 767px) {\r\n.fxrgk69f598f96511d {\r\ndisplay: none;\r\n}\r\n}\r\n<\/style>\r\n\n\n\n\n<p>A defesa da r\u00e1dio foi promovida pelo advogado Cristiano Barros.<\/p>\n\n\n\n<div class=\"wp-block-file\"><a href=\"https:\/\/justicapotiguar.com.br\/wp-content\/uploads\/2022\/09\/Decisa\u0303o.pdf\">Decisa\u0303o<\/a><a href=\"https:\/\/justicapotiguar.com.br\/wp-content\/uploads\/2022\/09\/Decisa\u0303o.pdf\" class=\"wp-block-file__button\" download>Baixar<\/a><\/div>\n\n\n\n<p><\/p>\n","protected":false},"excerpt":{"rendered":"<p>O candidato a senador Carlos Eduardo Alves perdeu novamente a\u00e7\u00e3o judicial contra a r\u00e1dio 96 FM. Desta vez o candidato pedia que a r\u00e1dio fosse proibida de comentar sobre ele no pleito, pois julgava ser depreciativo. A juiza auxiliar do TRE-RN, Ticiana Nobre, indeferiu o pedido e sustentou que: &#8220;Releve-se (&#8230;)&nbsp;que o conte\u00fado cr\u00edtico e<br \/><a class=\"more-link\" href=\"https:\/\/justicapotiguar.com.br\/index.php\/2022\/09\/05\/ja-pode-pedir-musica-carlos-eduardo-perde-a-terceira-acao-contra-a-96fm\/\">Mais&#8230;<\/a><\/p>\n","protected":false},"author":5,"featured_media":0,"comment_status":"open","ping_status":"open","sticky":false,"template":"","format":"standard","meta":[],"categories":[1],"tags":[],"_links":{"self":[{"href":"https:\/\/justicapotiguar.com.br\/index.php\/wp-json\/wp\/v2\/posts\/28018"}],"collection":[{"href":"https:\/\/justicapotiguar.com.br\/index.php\/wp-json\/wp\/v2\/posts"}],"about":[{"href":"https:\/\/justicapotiguar.com.br\/index.php\/wp-json\/wp\/v2\/types\/post"}],"author":[{"embeddable":true,"href":"https:\/\/justicapotiguar.com.br\/index.php\/wp-json\/wp\/v2\/users\/5"}],"replies":[{"embeddable":true,"href":"https:\/\/justicapotiguar.com.br\/index.php\/wp-json\/wp\/v2\/comments?post=28018"}],"version-history":[{"count":2,"href":"https:\/\/justicapotiguar.com.br\/index.php\/wp-json\/wp\/v2\/posts\/28018\/revisions"}],"predecessor-version":[{"id":28025,"href":"https:\/\/justicapotiguar.com.br\/index.php\/wp-json\/wp\/v2\/posts\/28018\/revisions\/28025"}],"wp:attachment":[{"href":"https:\/\/justicapotiguar.com.br\/index.php\/wp-json\/wp\/v2\/media?parent=28018"}],"wp:term":[{"taxonomy":"category","embeddable":true,"href":"https:\/\/justicapotiguar.com.br\/index.php\/wp-json\/wp\/v2\/categories?post=28018"},{"taxonomy":"post_tag","embeddable":true,"href":"https:\/\/justicapotiguar.com.br\/index.php\/wp-json\/wp\/v2\/tags?post=28018"}],"curies":[{"name":"wp","href":"https:\/\/api.w.org\/{rel}","templated":true}]}}