{"id":28001,"date":"2022-09-05T10:22:00","date_gmt":"2022-09-05T13:22:00","guid":{"rendered":"https:\/\/justicapotiguar.com.br\/?p=28001"},"modified":"2022-09-05T09:07:50","modified_gmt":"2022-09-05T12:07:50","slug":"procurador-cibele-benevides-vence-premio-do-trf5-sobre-boas-praticas-em-equidade-de-genero","status":"publish","type":"post","link":"https:\/\/justicapotiguar.com.br\/index.php\/2022\/09\/05\/procurador-cibele-benevides-vence-premio-do-trf5-sobre-boas-praticas-em-equidade-de-genero\/","title":{"rendered":"Procuradora Cibele Benevides vence pr\u00eamio do TRF5 sobre boas pr\u00e1ticas em equidade de g\u00eanero"},"content":{"rendered":"\n<p>A procuradora-chefe da PR\/RN, Cibele Benevides, foi uma dos vencedores do Pr\u00eamio Margarida de Boas Pr\u00e1ticas em Equidade de G\u00eanero, concedido pelo Tribunal Regional Federal da 5\u00aa Regi\u00e3o (TRF5). Ela foi escolhida na categoria \u201cBoas pr\u00e1ticas de equidade de g\u00eanero no Sistema de Justi\u00e7a\u201d e ir\u00e1 receber sua premia\u00e7\u00e3o no pr\u00f3ximo dia 13, em Recife.<\/p>\n\n\n\n<p>O pr\u00eamio veio em fun\u00e7\u00e3o do projeto \u201cPlena igualdade de g\u00eanero nos contratos administrativos do Minist\u00e9rio P\u00fablico Federal do RN\u201d, que buscou incentivar o equil\u00edbrio entre homens e mulheres nas contrata\u00e7\u00f5es de terceirizados, preservando o m\u00ednimo de 50% de pessoas do g\u00eanero feminino. Atualmente, a institui\u00e7\u00e3o conta com 13 colaboradoras do g\u00eanero feminino e 11 colaboradores do g\u00eanero masculino, distribu\u00eddos entre os contratos de vigil\u00e2ncia, auxiliar administrativo, limpeza, copeiragem, carrego e descarrego, prestando servi\u00e7os para a sede, em Natal.<\/p>\n\n\n\n<p>\u201c\u00c9 na verdade um reconhecimento a todos que fazem a Procuradoria da Rep\u00fablica no Rio Grande do Norte. Essa iniciativa n\u00e3o teria sido levada \u00e0 frente sem o esfor\u00e7o de v\u00e1rios servidores, sobretudo aqueles que tratam diretamente dos contratos, como os da Se\u00e7\u00e3o de Contrata\u00e7\u00f5es e Gest\u00e3o Contratual e da Secretaria Estadual. Espero que essa honraria, al\u00e9m de coroar esse projeto espec\u00edfico, contribua para que mais e mais projetos do tipo sejam adotados, dentro ou fora do MPF\u201d, destacou Cibele Benevides.<\/p>\n\n\n\n<figure class=\"wp-block-image size-large\"><img loading=\"lazy\" width=\"1024\" height=\"682\" src=\"https:\/\/justicapotiguar.com.br\/wp-content\/uploads\/2022\/09\/cibele-benevides.jpg\" alt=\"\" class=\"wp-image-28002\" srcset=\"https:\/\/justicapotiguar.com.br\/wp-content\/uploads\/2022\/09\/cibele-benevides.jpg 1024w, https:\/\/justicapotiguar.com.br\/wp-content\/uploads\/2022\/09\/cibele-benevides-300x200.jpg 300w, https:\/\/justicapotiguar.com.br\/wp-content\/uploads\/2022\/09\/cibele-benevides-768x512.jpg 768w\" sizes=\"(max-width: 1024px) 100vw, 1024px\" \/><figcaption>Reprodu\u00e7\u00e3o<\/figcaption><\/figure>\n\n\n\n<p>A inscri\u00e7\u00e3o para o pr\u00eamio, inclusive, foi feita pela procuradora-chefe, incluindo ainda a participa\u00e7\u00e3o do procurador-chefe substituto, Victor Mariz, e dos servidores Talita Bulh\u00f5es, Henrique Cort\u00eas, Valdir\u00e9cia Taveira, Claudiomar Maia, Lu\u00eds Cl\u00e1udio Ferreira, Ana Isabella Silva e Eduardo Ferreira J\u00fanior, equipe que, unida, priorizou a efetiva\u00e7\u00e3o da igualdade de g\u00eanero nas contrata\u00e7\u00f5es.<\/p>\n\n\n\n<p><strong>Contexto&nbsp;<\/strong>&#8211; O projeto da PR\/RN veio coroar um processo de est\u00edmulo \u00e0 busca pela igualdade de g\u00eanero nas contrata\u00e7\u00f5es de terceirizados, incentivado pela Procuradoria-Geral da Rep\u00fablica desde 2016. Na Procuradoria da Rep\u00fablica no Rio Grande do Norte, j\u00e1 em 2017 foi criada a Comiss\u00e3o de Equidade de G\u00eanero e Ra\u00e7a. \u201cA partir de ent\u00e3o a unidade passou a ter um olhar mais cuidadoso em seus contratos de m\u00e3o de obra residente, buscando um melhor equil\u00edbrio\u201d, ressalta.<\/p><div class=\"cknlc69f59940d1402\" ><!--<a href=\"https:\/\/bit.ly\/3QdrqTZ\" target=\"_blank\">\n<img src=\"https:\/\/justicapotiguar.com.br\/wp-content\/uploads\/2023\/09\/mobile-geral.gif\"\/><a\/>--><\/div><style type=\"text\/css\">\r\n.cknlc69f59940d1402 {\r\ntext-align: center;\r\n}\r\n@media screen and (min-width: 1201px) {\r\n.cknlc69f59940d1402 {\r\ndisplay: none;\r\n}\r\n}\r\n@media screen and (min-width: 993px) and (max-width: 1200px) {\r\n.cknlc69f59940d1402 {\r\ndisplay: none;\r\n}\r\n}\r\n@media screen and (min-width: 769px) and (max-width: 992px) {\r\n.cknlc69f59940d1402 {\r\ndisplay: none;\r\n}\r\n}\r\n@media screen and (min-width: 768px) and (max-width: 768px) {\r\n.cknlc69f59940d1402 {\r\ndisplay: block;\r\n}\r\n}\r\n@media screen and (max-width: 767px) {\r\n.cknlc69f59940d1402 {\r\ndisplay: block;\r\n}\r\n}\r\n<\/style>\r\n<div class=\"wroqs69f59940d13e1\" ><!--<a href=\"https:\/\/bit.ly\/3QdrqTZ\" target=\"_blank\">\n<img src=\"https:\/\/justicapotiguar.com.br\/wp-content\/uploads\/2023\/09\/desktop-geral.gif\"\/><a\/>--><\/div><style type=\"text\/css\">\r\n.wroqs69f59940d13e1 {\r\ntext-align: center;\nmargin-bottom: 1em;\r\n}\r\n@media screen and (min-width: 1201px) {\r\n.wroqs69f59940d13e1 {\r\ndisplay: block;\r\n}\r\n}\r\n@media screen and (min-width: 993px) and (max-width: 1200px) {\r\n.wroqs69f59940d13e1 {\r\ndisplay: block;\r\n}\r\n}\r\n@media screen and (min-width: 769px) and (max-width: 992px) {\r\n.wroqs69f59940d13e1 {\r\ndisplay: block;\r\n}\r\n}\r\n@media screen and (min-width: 768px) and (max-width: 768px) {\r\n.wroqs69f59940d13e1 {\r\ndisplay: none;\r\n}\r\n}\r\n@media screen and (max-width: 767px) {\r\n.wroqs69f59940d13e1 {\r\ndisplay: none;\r\n}\r\n}\r\n<\/style>\r\n\n\n\n\n<p>As medidas visando \u00e0 igualdade atendem ao Plano Nacional de Pol\u00edticas P\u00fablicas para as Mulheres (2013-2015), da Secretaria de Pol\u00edticas para Mulheres da Presid\u00eancia da Rep\u00fablica; ao Objetivo de Desenvolvimento Sustent\u00e1vel (ODS) 5 da Agenda 2030 da ONU; a resolu\u00e7\u00f5es e recomenda\u00e7\u00f5es do CNJ e do CNMP; e \u00e0 Conven\u00e7\u00e3o das Na\u00e7\u00f5es Unidas sobre a Elimina\u00e7\u00e3o de Todas as Formas de Discrimina\u00e7\u00e3o contra a Mulher.<\/p>\n\n\n\n<p>Ao assumir a chefia da procuradoria, em 2019, Cibele Benevides agilizou o cumprimento da meta de plena igualdade de g\u00eanero nas contrata\u00e7\u00f5es e, junto com a equipe de servidores, alcan\u00e7ou o objetivo, com mais de 50% de mulheres contratadas dentre os terceirizados no ano de 2022. Os editais de preg\u00f5es para contrata\u00e7\u00e3o de empresas terceirizadas com m\u00e3o de obra residente preveem, entre as obriga\u00e7\u00f5es da contratada, manter o equil\u00edbrio entre homens e mulheres, preservando a cota m\u00ednima de 50% de pessoas do g\u00eanero feminino.<\/p>\n\n\n\n<p>\u201cAl\u00e9m desse fato, os editais preveem que as empresas licitantes devem declarar n\u00e3o terem sido condenadas, nem os seus dirigentes, por infringirem as leis de combate \u00e0 discrimina\u00e7\u00e3o em todas as suas formas, por motivos de ra\u00e7a, g\u00eanero e outros\u201d, acrescenta.<\/p>\n\n\n\n<p><br>Para Cibele Benevides, um dos destaques da iniciativa foi a contrata\u00e7\u00e3o de uma vigilante, Ana Cl\u00e1udia Tavares. \u201cIsso proporcionou, at\u00e9 mesmo, mais bem-estar \u00e0s servidoras, procuradoras, colaboradoras, estagi\u00e1rias e cidad\u00e3s que visitam as depend\u00eancias do MPF em Natal e se sentem mais prestigiadas e seguras no \u00f3rg\u00e3o, especialmente quando h\u00e1 necessidade de revista pessoal\u201d, enfatiza, complementando: \u201cAdemais, ocupando um posto que culturalmente sempre foi atribu\u00eddo aos homens, a vigilante demonstra, cotidianamente, que lugar de mulher \u00e9 onde ela quiser!\u201d<\/p>\n","protected":false},"excerpt":{"rendered":"<p>A procuradora-chefe da PR\/RN, Cibele Benevides, foi uma dos vencedores do Pr\u00eamio Margarida de Boas Pr\u00e1ticas em Equidade de G\u00eanero, concedido pelo Tribunal Regional Federal da 5\u00aa Regi\u00e3o (TRF5). Ela foi escolhida na categoria \u201cBoas pr\u00e1ticas de equidade de g\u00eanero no Sistema de Justi\u00e7a\u201d e ir\u00e1 receber sua premia\u00e7\u00e3o no pr\u00f3ximo dia 13, em Recife.<br \/><a class=\"more-link\" href=\"https:\/\/justicapotiguar.com.br\/index.php\/2022\/09\/05\/procurador-cibele-benevides-vence-premio-do-trf5-sobre-boas-praticas-em-equidade-de-genero\/\">Mais&#8230;<\/a><\/p>\n","protected":false},"author":5,"featured_media":0,"comment_status":"open","ping_status":"open","sticky":false,"template":"","format":"standard","meta":[],"categories":[1],"tags":[],"_links":{"self":[{"href":"https:\/\/justicapotiguar.com.br\/index.php\/wp-json\/wp\/v2\/posts\/28001"}],"collection":[{"href":"https:\/\/justicapotiguar.com.br\/index.php\/wp-json\/wp\/v2\/posts"}],"about":[{"href":"https:\/\/justicapotiguar.com.br\/index.php\/wp-json\/wp\/v2\/types\/post"}],"author":[{"embeddable":true,"href":"https:\/\/justicapotiguar.com.br\/index.php\/wp-json\/wp\/v2\/users\/5"}],"replies":[{"embeddable":true,"href":"https:\/\/justicapotiguar.com.br\/index.php\/wp-json\/wp\/v2\/comments?post=28001"}],"version-history":[{"count":2,"href":"https:\/\/justicapotiguar.com.br\/index.php\/wp-json\/wp\/v2\/posts\/28001\/revisions"}],"predecessor-version":[{"id":28006,"href":"https:\/\/justicapotiguar.com.br\/index.php\/wp-json\/wp\/v2\/posts\/28001\/revisions\/28006"}],"wp:attachment":[{"href":"https:\/\/justicapotiguar.com.br\/index.php\/wp-json\/wp\/v2\/media?parent=28001"}],"wp:term":[{"taxonomy":"category","embeddable":true,"href":"https:\/\/justicapotiguar.com.br\/index.php\/wp-json\/wp\/v2\/categories?post=28001"},{"taxonomy":"post_tag","embeddable":true,"href":"https:\/\/justicapotiguar.com.br\/index.php\/wp-json\/wp\/v2\/tags?post=28001"}],"curies":[{"name":"wp","href":"https:\/\/api.w.org\/{rel}","templated":true}]}}