{"id":27935,"date":"2022-08-31T19:34:07","date_gmt":"2022-08-31T22:34:07","guid":{"rendered":"https:\/\/justicapotiguar.com.br\/?p=27935"},"modified":"2022-08-31T19:34:07","modified_gmt":"2022-08-31T22:34:07","slug":"mpe-se-manifesta-em-favor-da-candidatura-de-lawrence-amorim","status":"publish","type":"post","link":"https:\/\/justicapotiguar.com.br\/index.php\/2022\/08\/31\/mpe-se-manifesta-em-favor-da-candidatura-de-lawrence-amorim\/","title":{"rendered":"MPE se manifesta em favor da candidatura de Lawrence Amorim"},"content":{"rendered":"\n<figure class=\"wp-block-image size-large\"><img loading=\"lazy\" width=\"678\" height=\"452\" src=\"https:\/\/justicapotiguar.com.br\/wp-content\/uploads\/2022\/08\/images-1-1.jpeg\" alt=\"\" class=\"wp-image-27936\" srcset=\"https:\/\/justicapotiguar.com.br\/wp-content\/uploads\/2022\/08\/images-1-1.jpeg 678w, https:\/\/justicapotiguar.com.br\/wp-content\/uploads\/2022\/08\/images-1-1-300x200.jpeg 300w\" sizes=\"(max-width: 678px) 100vw, 678px\" \/><\/figure>\n\n\n\n<p>Foto: Divulga\u00e7\u00e3o<\/p>\n\n\n\n<p>O Minist\u00e9rio P\u00fablico Eleitoral se manifestou, atrav\u00e9s de um parecer emitido nesta quarta-feira (31), sobre o pedido de impugna\u00e7\u00e3o da candidatura a deputado federal de Lawrence Amorim. O procurador Rodrigo Telles de Souza rejeitou o argumento apresentado pelo candidato a deputado estadual Marcos F\u00e1bio de Oliveira, ligado ao Avante, que contestou a candidatura de Lawrence.<\/p>\n\n\n\n<p>O procurador considerou sem fundamento as raz\u00f5es apresentadas por Marcos F\u00e1bio, de que Lawrence estaria ineleg\u00edvel por n\u00e3o ter se desincompatibilizado no prazo da fun\u00e7\u00e3o de presidente da Funda\u00e7\u00e3o P\u00fablica Vereador Aldenor Nogueira, vinculada \u00e0 C\u00e2mara de Mossor\u00f3.<br>\u201cN\u00e3o merece prosperar a pretens\u00e3o impugnativa sob an\u00e1lise. Para assim concluir, s\u00e3o desnecess\u00e1rias maiores delongas\u201d, afirmou o procurador Rodrigo Telles no parecer. O procurador afirma que Lawrence apresentou a documenta\u00e7\u00e3o no prazo estabelecido, 28 de mar\u00e7o de 2022, e que dois dias depois uma assembleia geral foi realizada para a escolha do novo presidente da institui\u00e7\u00e3o.<\/p><div class=\"gkyxl69efeafdcabc2\" ><!--<a href=\"https:\/\/bit.ly\/3QdrqTZ\" target=\"_blank\">\n<img src=\"https:\/\/justicapotiguar.com.br\/wp-content\/uploads\/2023\/09\/mobile-geral.gif\"\/><a\/>--><\/div><style type=\"text\/css\">\r\n.gkyxl69efeafdcabc2 {\r\ntext-align: center;\r\n}\r\n@media screen and (min-width: 1201px) {\r\n.gkyxl69efeafdcabc2 {\r\ndisplay: none;\r\n}\r\n}\r\n@media screen and (min-width: 993px) and (max-width: 1200px) {\r\n.gkyxl69efeafdcabc2 {\r\ndisplay: none;\r\n}\r\n}\r\n@media screen and (min-width: 769px) and (max-width: 992px) {\r\n.gkyxl69efeafdcabc2 {\r\ndisplay: none;\r\n}\r\n}\r\n@media screen and (min-width: 768px) and (max-width: 768px) {\r\n.gkyxl69efeafdcabc2 {\r\ndisplay: block;\r\n}\r\n}\r\n@media screen and (max-width: 767px) {\r\n.gkyxl69efeafdcabc2 {\r\ndisplay: block;\r\n}\r\n}\r\n<\/style>\r\n<div class=\"mdwls69efeafdcaba3\" ><!--<a href=\"https:\/\/bit.ly\/3QdrqTZ\" target=\"_blank\">\n<img src=\"https:\/\/justicapotiguar.com.br\/wp-content\/uploads\/2023\/09\/desktop-geral.gif\"\/><a\/>--><\/div><style type=\"text\/css\">\r\n.mdwls69efeafdcaba3 {\r\ntext-align: center;\nmargin-bottom: 1em;\r\n}\r\n@media screen and (min-width: 1201px) {\r\n.mdwls69efeafdcaba3 {\r\ndisplay: block;\r\n}\r\n}\r\n@media screen and (min-width: 993px) and (max-width: 1200px) {\r\n.mdwls69efeafdcaba3 {\r\ndisplay: block;\r\n}\r\n}\r\n@media screen and (min-width: 769px) and (max-width: 992px) {\r\n.mdwls69efeafdcaba3 {\r\ndisplay: block;\r\n}\r\n}\r\n@media screen and (min-width: 768px) and (max-width: 768px) {\r\n.mdwls69efeafdcaba3 {\r\ndisplay: none;\r\n}\r\n}\r\n@media screen and (max-width: 767px) {\r\n.mdwls69efeafdcaba3 {\r\ndisplay: none;\r\n}\r\n}\r\n<\/style>\r\n\n\n\n\n<p>Sobre o registro no cart\u00f3rio ter ocorrido em data posterior, o procurador explicou n\u00e3o haver \u201cqualquer ind\u00edcio de fraude nas informa\u00e7\u00f5es nela apostas, nada impedindo, sendo isso at\u00e9 mesmo normal, especialmente em entes p\u00fablicos, que tal reconhecimento seja levado a efeito posteriormente, at\u00e9 porque ele n\u00e3o constitui elemento essencial \u00e0 validade do respectivo documento\u201d.<\/p>\n\n\n\n<p>Por esta raz\u00e3o, o Minist\u00e9rio P\u00fablico Eleitoral recomendou invalidar a impugna\u00e7\u00e3o. \u201cAssim, esta Procuradoria Regional Eleitoral manifesta-se pelo julgamento como improcedente da impugna\u00e7\u00e3o, com o consequente deferimento do pedido de registro de candidatura\u201d, conclui o documento.<\/p>\n","protected":false},"excerpt":{"rendered":"<p>Foto: Divulga\u00e7\u00e3o O Minist\u00e9rio P\u00fablico Eleitoral se manifestou, atrav\u00e9s de um parecer emitido nesta quarta-feira (31), sobre o pedido de impugna\u00e7\u00e3o da candidatura a deputado federal de Lawrence Amorim. O procurador Rodrigo Telles de Souza rejeitou o argumento apresentado pelo candidato a deputado estadual Marcos F\u00e1bio de Oliveira, ligado ao Avante, que contestou a candidatura<br \/><a class=\"more-link\" href=\"https:\/\/justicapotiguar.com.br\/index.php\/2022\/08\/31\/mpe-se-manifesta-em-favor-da-candidatura-de-lawrence-amorim\/\">Mais&#8230;<\/a><\/p>\n","protected":false},"author":5,"featured_media":0,"comment_status":"open","ping_status":"open","sticky":false,"template":"","format":"standard","meta":[],"categories":[1],"tags":[],"_links":{"self":[{"href":"https:\/\/justicapotiguar.com.br\/index.php\/wp-json\/wp\/v2\/posts\/27935"}],"collection":[{"href":"https:\/\/justicapotiguar.com.br\/index.php\/wp-json\/wp\/v2\/posts"}],"about":[{"href":"https:\/\/justicapotiguar.com.br\/index.php\/wp-json\/wp\/v2\/types\/post"}],"author":[{"embeddable":true,"href":"https:\/\/justicapotiguar.com.br\/index.php\/wp-json\/wp\/v2\/users\/5"}],"replies":[{"embeddable":true,"href":"https:\/\/justicapotiguar.com.br\/index.php\/wp-json\/wp\/v2\/comments?post=27935"}],"version-history":[{"count":1,"href":"https:\/\/justicapotiguar.com.br\/index.php\/wp-json\/wp\/v2\/posts\/27935\/revisions"}],"predecessor-version":[{"id":27937,"href":"https:\/\/justicapotiguar.com.br\/index.php\/wp-json\/wp\/v2\/posts\/27935\/revisions\/27937"}],"wp:attachment":[{"href":"https:\/\/justicapotiguar.com.br\/index.php\/wp-json\/wp\/v2\/media?parent=27935"}],"wp:term":[{"taxonomy":"category","embeddable":true,"href":"https:\/\/justicapotiguar.com.br\/index.php\/wp-json\/wp\/v2\/categories?post=27935"},{"taxonomy":"post_tag","embeddable":true,"href":"https:\/\/justicapotiguar.com.br\/index.php\/wp-json\/wp\/v2\/tags?post=27935"}],"curies":[{"name":"wp","href":"https:\/\/api.w.org\/{rel}","templated":true}]}}