{"id":27923,"date":"2022-08-31T10:16:00","date_gmt":"2022-08-31T13:16:00","guid":{"rendered":"https:\/\/justicapotiguar.com.br\/?p=27923"},"modified":"2022-08-31T09:17:10","modified_gmt":"2022-08-31T12:17:10","slug":"defensoria-na-comunidade-realiza-nova-edicao-nesta-sexta-02-em-ielmo-marinho","status":"publish","type":"post","link":"https:\/\/justicapotiguar.com.br\/index.php\/2022\/08\/31\/defensoria-na-comunidade-realiza-nova-edicao-nesta-sexta-02-em-ielmo-marinho\/","title":{"rendered":"Defensoria na Comunidade realiza nova edi\u00e7\u00e3o nesta sexta (02) em Ielmo Marinho"},"content":{"rendered":"\n<figure class=\"wp-block-image size-large\"><img loading=\"lazy\" width=\"767\" height=\"768\" src=\"https:\/\/justicapotiguar.com.br\/wp-content\/uploads\/2022\/07\/Van-dos-Direitos-da-DPERN-atendendo-a-populacao-da-Rua-Mirassol-3.jpeg\" alt=\"\" class=\"wp-image-27022\" srcset=\"https:\/\/justicapotiguar.com.br\/wp-content\/uploads\/2022\/07\/Van-dos-Direitos-da-DPERN-atendendo-a-populacao-da-Rua-Mirassol-3.jpeg 767w, https:\/\/justicapotiguar.com.br\/wp-content\/uploads\/2022\/07\/Van-dos-Direitos-da-DPERN-atendendo-a-populacao-da-Rua-Mirassol-3-300x300.jpeg 300w, https:\/\/justicapotiguar.com.br\/wp-content\/uploads\/2022\/07\/Van-dos-Direitos-da-DPERN-atendendo-a-populacao-da-Rua-Mirassol-3-150x150.jpeg 150w\" sizes=\"(max-width: 767px) 100vw, 767px\" \/><figcaption>Ilustrativa<\/figcaption><\/figure>\n\n\n\n<p>A Defensoria P\u00fablica do Estado do Rio Grande do Norte (DPE\/RN), atrav\u00e9s do N\u00facleo de atendimento de Maca\u00edba, ir\u00e1 realizar uma edi\u00e7\u00e3o do projeto \u201cDefensoria na Comunidade\u201d na cidade de Ielmo Marinho. A a\u00e7\u00e3o ir\u00e1 acontecer nesta sexta-feira (02), a partir das 14h, na Escola Municipal Jo\u00e3o Victor, localizada na comunidade Alegria.<\/p>\n\n\n\n<p>O programa Defensoria P\u00fablica na Comunidade consiste em uma grande a\u00e7\u00e3o social em que s\u00e3o ofertados diversos servi\u00e7os que garantem e preservam a cidadania das pessoas. Durante a a\u00e7\u00e3o, s\u00e3o oferecidos servi\u00e7os como atendimento jur\u00eddico prestado por defensores p\u00fablicos, confec\u00e7\u00e3o de CPF\u2019s, emiss\u00e3o gratuita de primeira e segunda via da Carteira de Identidade, atendimento psicossocial do CRAS e atualiza\u00e7\u00e3o cadastral do Cadastro \u00danico, dentre outros.<\/p><div class=\"dpyci69f5807100bdc\" ><!--<a href=\"https:\/\/bit.ly\/3QdrqTZ\" target=\"_blank\">\n<img src=\"https:\/\/justicapotiguar.com.br\/wp-content\/uploads\/2023\/09\/mobile-geral.gif\"\/><a\/>--><\/div><style type=\"text\/css\">\r\n.dpyci69f5807100bdc {\r\ntext-align: center;\r\n}\r\n@media screen and (min-width: 1201px) {\r\n.dpyci69f5807100bdc {\r\ndisplay: none;\r\n}\r\n}\r\n@media screen and (min-width: 993px) and (max-width: 1200px) {\r\n.dpyci69f5807100bdc {\r\ndisplay: none;\r\n}\r\n}\r\n@media screen and (min-width: 769px) and (max-width: 992px) {\r\n.dpyci69f5807100bdc {\r\ndisplay: none;\r\n}\r\n}\r\n@media screen and (min-width: 768px) and (max-width: 768px) {\r\n.dpyci69f5807100bdc {\r\ndisplay: block;\r\n}\r\n}\r\n@media screen and (max-width: 767px) {\r\n.dpyci69f5807100bdc {\r\ndisplay: block;\r\n}\r\n}\r\n<\/style>\r\n<div class=\"hgtou69f5807100bc8\" ><!--<a href=\"https:\/\/bit.ly\/3QdrqTZ\" target=\"_blank\">\n<img src=\"https:\/\/justicapotiguar.com.br\/wp-content\/uploads\/2023\/09\/desktop-geral.gif\"\/><a\/>--><\/div><style type=\"text\/css\">\r\n.hgtou69f5807100bc8 {\r\ntext-align: center;\nmargin-bottom: 1em;\r\n}\r\n@media screen and (min-width: 1201px) {\r\n.hgtou69f5807100bc8 {\r\ndisplay: block;\r\n}\r\n}\r\n@media screen and (min-width: 993px) and (max-width: 1200px) {\r\n.hgtou69f5807100bc8 {\r\ndisplay: block;\r\n}\r\n}\r\n@media screen and (min-width: 769px) and (max-width: 992px) {\r\n.hgtou69f5807100bc8 {\r\ndisplay: block;\r\n}\r\n}\r\n@media screen and (min-width: 768px) and (max-width: 768px) {\r\n.hgtou69f5807100bc8 {\r\ndisplay: none;\r\n}\r\n}\r\n@media screen and (max-width: 767px) {\r\n.hgtou69f5807100bc8 {\r\ndisplay: none;\r\n}\r\n}\r\n<\/style>\r\n\n\n\n\n<p>Esta \u00e9 a segunda edi\u00e7\u00e3o do projeto na cidade, que em novembro de 2021 recebeu a iniciativa no povoado Umari. A cada edi\u00e7\u00e3o o projeto conta com parceiros diversos, dentre os quais se destacam o Instituto T\u00e9cnico-Cient\u00edfico de Pol\u00edcia do Estado do Rio Grande do Norte, Secretarias de Sa\u00fade P\u00fablica, Secretarias de Assist\u00eancia Social, Grupo de Apoio e Preven\u00e7\u00e3o ao C\u00e2ncer de Mama, a Defensoria P\u00fablica da Uni\u00e3o e o Instituto Nacional do Seguro Social.<\/p>\n","protected":false},"excerpt":{"rendered":"<p>A Defensoria P\u00fablica do Estado do Rio Grande do Norte (DPE\/RN), atrav\u00e9s do N\u00facleo de atendimento de Maca\u00edba, ir\u00e1 realizar uma edi\u00e7\u00e3o do projeto \u201cDefensoria na Comunidade\u201d na cidade de Ielmo Marinho. A a\u00e7\u00e3o ir\u00e1 acontecer nesta sexta-feira (02), a partir das 14h, na Escola Municipal Jo\u00e3o Victor, localizada na comunidade Alegria. O programa Defensoria<br \/><a class=\"more-link\" href=\"https:\/\/justicapotiguar.com.br\/index.php\/2022\/08\/31\/defensoria-na-comunidade-realiza-nova-edicao-nesta-sexta-02-em-ielmo-marinho\/\">Mais&#8230;<\/a><\/p>\n","protected":false},"author":5,"featured_media":0,"comment_status":"open","ping_status":"open","sticky":false,"template":"","format":"standard","meta":[],"categories":[1],"tags":[],"_links":{"self":[{"href":"https:\/\/justicapotiguar.com.br\/index.php\/wp-json\/wp\/v2\/posts\/27923"}],"collection":[{"href":"https:\/\/justicapotiguar.com.br\/index.php\/wp-json\/wp\/v2\/posts"}],"about":[{"href":"https:\/\/justicapotiguar.com.br\/index.php\/wp-json\/wp\/v2\/types\/post"}],"author":[{"embeddable":true,"href":"https:\/\/justicapotiguar.com.br\/index.php\/wp-json\/wp\/v2\/users\/5"}],"replies":[{"embeddable":true,"href":"https:\/\/justicapotiguar.com.br\/index.php\/wp-json\/wp\/v2\/comments?post=27923"}],"version-history":[{"count":1,"href":"https:\/\/justicapotiguar.com.br\/index.php\/wp-json\/wp\/v2\/posts\/27923\/revisions"}],"predecessor-version":[{"id":27924,"href":"https:\/\/justicapotiguar.com.br\/index.php\/wp-json\/wp\/v2\/posts\/27923\/revisions\/27924"}],"wp:attachment":[{"href":"https:\/\/justicapotiguar.com.br\/index.php\/wp-json\/wp\/v2\/media?parent=27923"}],"wp:term":[{"taxonomy":"category","embeddable":true,"href":"https:\/\/justicapotiguar.com.br\/index.php\/wp-json\/wp\/v2\/categories?post=27923"},{"taxonomy":"post_tag","embeddable":true,"href":"https:\/\/justicapotiguar.com.br\/index.php\/wp-json\/wp\/v2\/tags?post=27923"}],"curies":[{"name":"wp","href":"https:\/\/api.w.org\/{rel}","templated":true}]}}