{"id":27921,"date":"2022-08-31T09:19:00","date_gmt":"2022-08-31T12:19:00","guid":{"rendered":"https:\/\/justicapotiguar.com.br\/?p=27921"},"modified":"2022-08-31T08:12:19","modified_gmt":"2022-08-31T11:12:19","slug":"eleicoes-tse-proibe-porte-de-armas-nos-locais-de-votacao","status":"publish","type":"post","link":"https:\/\/justicapotiguar.com.br\/index.php\/2022\/08\/31\/eleicoes-tse-proibe-porte-de-armas-nos-locais-de-votacao\/","title":{"rendered":"Elei\u00e7\u00f5es: TSE pro\u00edbe porte de armas nos locais de vota\u00e7\u00e3o"},"content":{"rendered":"\n<figure class=\"wp-block-image size-large\"><img loading=\"lazy\" width=\"450\" height=\"337\" src=\"https:\/\/justicapotiguar.com.br\/wp-content\/uploads\/2021\/01\/tse-tribunal-superior-eleitoralurna-eletronica-1606684350751_v2_450x337.jpg\" alt=\"\" class=\"wp-image-15743\" srcset=\"https:\/\/justicapotiguar.com.br\/wp-content\/uploads\/2021\/01\/tse-tribunal-superior-eleitoralurna-eletronica-1606684350751_v2_450x337.jpg 450w, https:\/\/justicapotiguar.com.br\/wp-content\/uploads\/2021\/01\/tse-tribunal-superior-eleitoralurna-eletronica-1606684350751_v2_450x337-300x225.jpg 300w\" sizes=\"(max-width: 450px) 100vw, 450px\" \/><figcaption>Reprodu\u00e7\u00e3o<\/figcaption><\/figure>\n\n\n\n<p>Os ministros do TSE conheceram, de forma un\u00e2nime, de consulta que indagava sobre a proibi\u00e7\u00e3o da circula\u00e7\u00e3o de pessoas portando armas nos locais de vota\u00e7\u00e3o, nas se\u00e7\u00f5es eleitorais e em outras localidades eleitorais no dia da elei\u00e7\u00e3o. Ao acompanhar o entendimento do relator, ministro Ricardo Lewandowski, de que &#8220;armas e votos n\u00e3o se misturam&#8221;, o plen\u00e1rio decidiu que, nesses locais, n\u00e3o ser\u00e1 permitido o porte de armas no dia, nas 48 horas que antecedem e nas 24 horas que sucedem o pleito, no per\u00edmetro de 100 metros.<\/p>\n\n\n\n<p>A consulta, analisada na sess\u00e3o plen\u00e1ria desta ter\u00e7a-feira, 30, foi formulada pelo deputado Federal Alencar Santana. Segundo o relator da mat\u00e9ria, &#8220;elei\u00e7\u00f5es constituem o pr\u00f3prio cora\u00e7\u00e3o da democracia&#8221; e, por isso, a proibi\u00e7\u00e3o da presen\u00e7a de pessoas armadas nos locais de vota\u00e7\u00e3o tem por objetivo proteger o exerc\u00edcio do voto de qualquer amea\u00e7a, concreta ou potencial, independentemente da proced\u00eancia.<\/p>\n\n\n\n<p>Ao votar, Lewandowski observou que o porte de armamento s\u00f3 ser\u00e1 permitido aos integrantes das for\u00e7as de seguran\u00e7a em servi\u00e7o e quando autorizados ou convocados pela autoridade eleitoral competente.<\/p><div class=\"svvjt69f581e31d5c6\" ><!--<a href=\"https:\/\/bit.ly\/3QdrqTZ\" target=\"_blank\">\n<img src=\"https:\/\/justicapotiguar.com.br\/wp-content\/uploads\/2023\/09\/mobile-geral.gif\"\/><a\/>--><\/div><style type=\"text\/css\">\r\n.svvjt69f581e31d5c6 {\r\ntext-align: center;\r\n}\r\n@media screen and (min-width: 1201px) {\r\n.svvjt69f581e31d5c6 {\r\ndisplay: none;\r\n}\r\n}\r\n@media screen and (min-width: 993px) and (max-width: 1200px) {\r\n.svvjt69f581e31d5c6 {\r\ndisplay: none;\r\n}\r\n}\r\n@media screen and (min-width: 769px) and (max-width: 992px) {\r\n.svvjt69f581e31d5c6 {\r\ndisplay: none;\r\n}\r\n}\r\n@media screen and (min-width: 768px) and (max-width: 768px) {\r\n.svvjt69f581e31d5c6 {\r\ndisplay: block;\r\n}\r\n}\r\n@media screen and (max-width: 767px) {\r\n.svvjt69f581e31d5c6 {\r\ndisplay: block;\r\n}\r\n}\r\n<\/style>\r\n<div class=\"qqasc69f581e31d5ad\" ><!--<a href=\"https:\/\/bit.ly\/3QdrqTZ\" target=\"_blank\">\n<img src=\"https:\/\/justicapotiguar.com.br\/wp-content\/uploads\/2023\/09\/desktop-geral.gif\"\/><a\/>--><\/div><style type=\"text\/css\">\r\n.qqasc69f581e31d5ad {\r\ntext-align: center;\nmargin-bottom: 1em;\r\n}\r\n@media screen and (min-width: 1201px) {\r\n.qqasc69f581e31d5ad {\r\ndisplay: block;\r\n}\r\n}\r\n@media screen and (min-width: 993px) and (max-width: 1200px) {\r\n.qqasc69f581e31d5ad {\r\ndisplay: block;\r\n}\r\n}\r\n@media screen and (min-width: 769px) and (max-width: 992px) {\r\n.qqasc69f581e31d5ad {\r\ndisplay: block;\r\n}\r\n}\r\n@media screen and (min-width: 768px) and (max-width: 768px) {\r\n.qqasc69f581e31d5ad {\r\ndisplay: none;\r\n}\r\n}\r\n@media screen and (max-width: 767px) {\r\n.qqasc69f581e31d5ad {\r\ndisplay: none;\r\n}\r\n}\r\n<\/style>\r\n\n\n\n\n<p>&#8220;Tal proibi\u00e7\u00e3o [\u00e9 estendida] para os locais que Tribunais e ju\u00edzes eleitorais, no \u00e2mbito das respectivas circunscri\u00e7\u00f5es, entendam merecedores de id\u00eantica prote\u00e7\u00e3o, sendo l\u00edcito ao TSE, no exerc\u00edcio de seu poder regulamentar e de pol\u00edcia, empreender todas as medidas complementares necess\u00e1rias para tornar efetivas tais veda\u00e7\u00f5es.&#8221;<\/p>\n\n\n\n<p>Migalhas <\/p>\n","protected":false},"excerpt":{"rendered":"<p>Os ministros do TSE conheceram, de forma un\u00e2nime, de consulta que indagava sobre a proibi\u00e7\u00e3o da circula\u00e7\u00e3o de pessoas portando armas nos locais de vota\u00e7\u00e3o, nas se\u00e7\u00f5es eleitorais e em outras localidades eleitorais no dia da elei\u00e7\u00e3o. Ao acompanhar o entendimento do relator, ministro Ricardo Lewandowski, de que &#8220;armas e votos n\u00e3o se misturam&#8221;, o<br \/><a class=\"more-link\" href=\"https:\/\/justicapotiguar.com.br\/index.php\/2022\/08\/31\/eleicoes-tse-proibe-porte-de-armas-nos-locais-de-votacao\/\">Mais&#8230;<\/a><\/p>\n","protected":false},"author":5,"featured_media":0,"comment_status":"open","ping_status":"open","sticky":false,"template":"","format":"standard","meta":[],"categories":[1],"tags":[],"_links":{"self":[{"href":"https:\/\/justicapotiguar.com.br\/index.php\/wp-json\/wp\/v2\/posts\/27921"}],"collection":[{"href":"https:\/\/justicapotiguar.com.br\/index.php\/wp-json\/wp\/v2\/posts"}],"about":[{"href":"https:\/\/justicapotiguar.com.br\/index.php\/wp-json\/wp\/v2\/types\/post"}],"author":[{"embeddable":true,"href":"https:\/\/justicapotiguar.com.br\/index.php\/wp-json\/wp\/v2\/users\/5"}],"replies":[{"embeddable":true,"href":"https:\/\/justicapotiguar.com.br\/index.php\/wp-json\/wp\/v2\/comments?post=27921"}],"version-history":[{"count":1,"href":"https:\/\/justicapotiguar.com.br\/index.php\/wp-json\/wp\/v2\/posts\/27921\/revisions"}],"predecessor-version":[{"id":27922,"href":"https:\/\/justicapotiguar.com.br\/index.php\/wp-json\/wp\/v2\/posts\/27921\/revisions\/27922"}],"wp:attachment":[{"href":"https:\/\/justicapotiguar.com.br\/index.php\/wp-json\/wp\/v2\/media?parent=27921"}],"wp:term":[{"taxonomy":"category","embeddable":true,"href":"https:\/\/justicapotiguar.com.br\/index.php\/wp-json\/wp\/v2\/categories?post=27921"},{"taxonomy":"post_tag","embeddable":true,"href":"https:\/\/justicapotiguar.com.br\/index.php\/wp-json\/wp\/v2\/tags?post=27921"}],"curies":[{"name":"wp","href":"https:\/\/api.w.org\/{rel}","templated":true}]}}