{"id":27910,"date":"2022-08-30T14:25:43","date_gmt":"2022-08-30T17:25:43","guid":{"rendered":"https:\/\/justicapotiguar.com.br\/?p=27910"},"modified":"2022-08-30T14:25:43","modified_gmt":"2022-08-30T17:25:43","slug":"tjrn-retoma-sessoes-presenciais-a-partir-desta-quinta-feira-1o-de-setembro","status":"publish","type":"post","link":"https:\/\/justicapotiguar.com.br\/index.php\/2022\/08\/30\/tjrn-retoma-sessoes-presenciais-a-partir-desta-quinta-feira-1o-de-setembro\/","title":{"rendered":"TJRN retoma sess\u00f5es presenciais a partir desta quinta-feira, 1\u00ba de setembro"},"content":{"rendered":"\n<p>O Tribunal de Justi\u00e7a do RN retoma a partir desta quinta-feira, 1\u00ba de setembro, as sess\u00f5es presenciais de seus \u00f3rg\u00e3os colegiados \u2013 Tribunal Pleno, C\u00e2maras C\u00edveis e C\u00e2mara Criminal. A medida foi aprovada pela Corte na sess\u00e3o administrativa do dia 10 de agosto e considerou o arrefecimento da Covid-19 no estado.<br>&nbsp;<\/p><div class=\"wsdko69f0026136387\" ><!--<a href=\"https:\/\/bit.ly\/3QdrqTZ\" target=\"_blank\">\n<img src=\"https:\/\/justicapotiguar.com.br\/wp-content\/uploads\/2023\/09\/mobile-geral.gif\"\/><a\/>--><\/div><style type=\"text\/css\">\r\n.wsdko69f0026136387 {\r\ntext-align: center;\r\n}\r\n@media screen and (min-width: 1201px) {\r\n.wsdko69f0026136387 {\r\ndisplay: none;\r\n}\r\n}\r\n@media screen and (min-width: 993px) and (max-width: 1200px) {\r\n.wsdko69f0026136387 {\r\ndisplay: none;\r\n}\r\n}\r\n@media screen and (min-width: 769px) and (max-width: 992px) {\r\n.wsdko69f0026136387 {\r\ndisplay: none;\r\n}\r\n}\r\n@media screen and (min-width: 768px) and (max-width: 768px) {\r\n.wsdko69f0026136387 {\r\ndisplay: block;\r\n}\r\n}\r\n@media screen and (max-width: 767px) {\r\n.wsdko69f0026136387 {\r\ndisplay: block;\r\n}\r\n}\r\n<\/style>\r\n<div class=\"eufbo69f002613636d\" ><!--<a href=\"https:\/\/bit.ly\/3QdrqTZ\" target=\"_blank\">\n<img src=\"https:\/\/justicapotiguar.com.br\/wp-content\/uploads\/2023\/09\/desktop-geral.gif\"\/><a\/>--><\/div><style type=\"text\/css\">\r\n.eufbo69f002613636d {\r\ntext-align: center;\nmargin-bottom: 1em;\r\n}\r\n@media screen and (min-width: 1201px) {\r\n.eufbo69f002613636d {\r\ndisplay: block;\r\n}\r\n}\r\n@media screen and (min-width: 993px) and (max-width: 1200px) {\r\n.eufbo69f002613636d {\r\ndisplay: block;\r\n}\r\n}\r\n@media screen and (min-width: 769px) and (max-width: 992px) {\r\n.eufbo69f002613636d {\r\ndisplay: block;\r\n}\r\n}\r\n@media screen and (min-width: 768px) and (max-width: 768px) {\r\n.eufbo69f002613636d {\r\ndisplay: none;\r\n}\r\n}\r\n@media screen and (max-width: 767px) {\r\n.eufbo69f002613636d {\r\ndisplay: none;\r\n}\r\n}\r\n<\/style>\r\n\n\n\n\n<figure class=\"wp-block-image size-large\"><img loading=\"lazy\" width=\"1024\" height=\"683\" src=\"https:\/\/justicapotiguar.com.br\/wp-content\/uploads\/2019\/09\/Plene-1024x683.jpg\" alt=\"\" class=\"wp-image-2556\" srcset=\"https:\/\/justicapotiguar.com.br\/wp-content\/uploads\/2019\/09\/Plene-1024x683.jpg 1024w, https:\/\/justicapotiguar.com.br\/wp-content\/uploads\/2019\/09\/Plene-300x200.jpg 300w, https:\/\/justicapotiguar.com.br\/wp-content\/uploads\/2019\/09\/Plene-768x512.jpg 768w\" sizes=\"(max-width: 1024px) 100vw, 1024px\" \/><figcaption>Reprodu\u00e7\u00e3o<\/figcaption><\/figure>\n\n\n\n<p><br>Nesta quinta-feira, \u00e0s 8h, haver\u00e1 sess\u00e3o da C\u00e2mara Criminal, realizada de forma h\u00edbrida (presencial e videoconfer\u00eancia).<\/p>\n","protected":false},"excerpt":{"rendered":"<p>O Tribunal de Justi\u00e7a do RN retoma a partir desta quinta-feira, 1\u00ba de setembro, as sess\u00f5es presenciais de seus \u00f3rg\u00e3os colegiados \u2013 Tribunal Pleno, C\u00e2maras C\u00edveis e C\u00e2mara Criminal. A medida foi aprovada pela Corte na sess\u00e3o administrativa do dia 10 de agosto e considerou o arrefecimento da Covid-19 no estado.&nbsp; Nesta quinta-feira, \u00e0s 8h,<br \/><a class=\"more-link\" href=\"https:\/\/justicapotiguar.com.br\/index.php\/2022\/08\/30\/tjrn-retoma-sessoes-presenciais-a-partir-desta-quinta-feira-1o-de-setembro\/\">Mais&#8230;<\/a><\/p>\n","protected":false},"author":5,"featured_media":0,"comment_status":"open","ping_status":"open","sticky":false,"template":"","format":"standard","meta":[],"categories":[1],"tags":[],"_links":{"self":[{"href":"https:\/\/justicapotiguar.com.br\/index.php\/wp-json\/wp\/v2\/posts\/27910"}],"collection":[{"href":"https:\/\/justicapotiguar.com.br\/index.php\/wp-json\/wp\/v2\/posts"}],"about":[{"href":"https:\/\/justicapotiguar.com.br\/index.php\/wp-json\/wp\/v2\/types\/post"}],"author":[{"embeddable":true,"href":"https:\/\/justicapotiguar.com.br\/index.php\/wp-json\/wp\/v2\/users\/5"}],"replies":[{"embeddable":true,"href":"https:\/\/justicapotiguar.com.br\/index.php\/wp-json\/wp\/v2\/comments?post=27910"}],"version-history":[{"count":1,"href":"https:\/\/justicapotiguar.com.br\/index.php\/wp-json\/wp\/v2\/posts\/27910\/revisions"}],"predecessor-version":[{"id":27911,"href":"https:\/\/justicapotiguar.com.br\/index.php\/wp-json\/wp\/v2\/posts\/27910\/revisions\/27911"}],"wp:attachment":[{"href":"https:\/\/justicapotiguar.com.br\/index.php\/wp-json\/wp\/v2\/media?parent=27910"}],"wp:term":[{"taxonomy":"category","embeddable":true,"href":"https:\/\/justicapotiguar.com.br\/index.php\/wp-json\/wp\/v2\/categories?post=27910"},{"taxonomy":"post_tag","embeddable":true,"href":"https:\/\/justicapotiguar.com.br\/index.php\/wp-json\/wp\/v2\/tags?post=27910"}],"curies":[{"name":"wp","href":"https:\/\/api.w.org\/{rel}","templated":true}]}}