{"id":27846,"date":"2022-08-26T17:17:31","date_gmt":"2022-08-26T20:17:31","guid":{"rendered":"https:\/\/justicapotiguar.com.br\/?p=27846"},"modified":"2022-08-26T16:04:00","modified_gmt":"2022-08-26T19:04:00","slug":"mprn-e-prefeitura-de-natal-assinam-acordo-para-acolhimento-de-pessoas-em-situacao-de-luto-pela-violencia-letal","status":"publish","type":"post","link":"https:\/\/justicapotiguar.com.br\/index.php\/2022\/08\/26\/mprn-e-prefeitura-de-natal-assinam-acordo-para-acolhimento-de-pessoas-em-situacao-de-luto-pela-violencia-letal\/","title":{"rendered":"MPRN e Prefeitura de Natal assinam acordo para acolhimento de pessoas em situa\u00e7\u00e3o de luto pela viol\u00eancia letal"},"content":{"rendered":"\n<ul><li><\/li><\/ul>\n\n\n\n<figure class=\"wp-block-image\"><img src=\"https:\/\/www.mprn.mp.br\/wp-content\/uploads\/2022\/08\/Termo_Cooperacao3.jpeg\" alt=\"\"\/><figcaption>Reprodu\u00e7\u00e3o<\/figcaption><\/figure>\n\n\n\n<p><\/p>\n\n\n\n<p>O Minist\u00e9rio P\u00fablico do Rio Grande do Norte (MPRN) e a Prefeitura de Natal, por interm\u00e9dio da Secretaria Municipal de Trabalho e Assist\u00eancia Social (Semtas), assinaram um acordo de coopera\u00e7\u00e3o t\u00e9cnica para viabilizar o acolhimento e atendimento de pessoas que estiverem em situa\u00e7\u00e3o de luto, em raz\u00e3o de viol\u00eancia letal e intencional, marcada pela vulnerabilidade social. A iniciativa faz parte do projeto \u201cDepois do Vazio\u201d, que vem sendo desenvolvido pelo Centro de Apoio Operacional \u00e0s Promotorias de Justi\u00e7a Criminais (Caop Criminal), por interm\u00e9dio do N\u00facleo de Apoio \u00e0s V\u00edtimas de Viol\u00eancia Letal e Intencional (NUAVV).<br><br>\u201cCom esse acordo, a Semtas poder\u00e1 tamb\u00e9m acolher as v\u00edtimas de crimes violentos letais e intencionais e ter uma interlocu\u00e7\u00e3o direta com o nosso n\u00facleo para uma maior aten\u00e7\u00e3o a essas pessoas, que se encontram extremamente fragilizadas pela a perda de um ente querido\u201d, destacou a procuradora-geral de Justi\u00e7a, Elaine Cardoso de Matos Novais Teixeira.<br><br>A secret\u00e1ria municipal de Trabalho e Assist\u00eancia Social, Ana Valda Teixeira de Vasconcelos Galv\u00e3o, tamb\u00e9m destacou a import\u00e2ncia da parceria com o MPRN. \u201cA Semtas vai colaborar no atendimento a essas fam\u00edlias vulner\u00e1veis, encaminhado-as ao Creas, para darmos todo o apoio t\u00e9cnico, psicol\u00f3gico e assistencial. O MPRN est\u00e1 de parab\u00e9ns e \u00e9 uma satisfa\u00e7\u00e3o para n\u00f3s de estamos firmando essa bel\u00edssima parceria\u201d, destacou.<br><br>Pelo acordo, ser\u00e1 implementado um modelo organizacional de atendimento e apoio humanizado \u00e0s v\u00edtimas indiretas de crimes violentos letais e intencionais, sobretudo \u00e0quelas em situa\u00e7\u00e3o de hipossufici\u00eancia, com crit\u00e9rios de qualidade, agilidade e compet\u00eancia.<br><br>Tamb\u00e9m ser\u00e3o disponibilizadas vagas aos profissionais de assist\u00eancia social da Secretaria Municipal de Trabalho e Assist\u00eancia Social (Semtas) em cursos e capacita\u00e7\u00f5es voltadas \u00e0 qualifica\u00e7\u00e3o do atendimento \u00e0s v\u00edtimas de crimes.<br><br>Ficar\u00e1 a cargo da Semtas designar equipe de refer\u00eancia, a quem competir\u00e1 atender com prontid\u00e3o os telefonemas e contatos via e-mail, facilitando a interlocu\u00e7\u00e3o com a equipe t\u00e9cnica do NUAVV, bem como promover o atendimento em assist\u00eancia social especializado das pessoas encaminhadas pelo n\u00facleo, primando pela presta\u00e7\u00e3o de assist\u00eancia aos acolhidos v\u00edtimas de viol\u00eancia letal e intencional na capital.<br><br>Caso o Centro de Refer\u00eancia Especializado de Assist\u00eancia Social (Creas) seja o primeiro a receber o acolhido, ele ser\u00e1 encaminhado este ao NUAVV se houver men\u00e7\u00e3o \u00e0 necessidade de obter informa\u00e7\u00f5es \u00e0 tramita\u00e7\u00e3o do procedimento investigat\u00f3rio ou da a\u00e7\u00e3o penal ou, ainda, orienta\u00e7\u00f5es complementares quanto ao exerc\u00edcio dos direitos das v\u00edtimas.<br><br>O documento foi assinado nesta sexta-feira (26) pela procuradora-geral de Justi\u00e7a, Elaine Cardoso de Matos Novais Teixeira, e pela secret\u00e1ria municipal de Trabalho e Assist\u00eancia Social, Ana Valda Teixeira de Vasconcelos Galv\u00e3o, na presen\u00e7a do promotor de justi\u00e7a e coordenador do NUAVV, Vin\u00edcius Lins Le\u00e3o Lima e da chefe de gabinete da Semtas, Fabiana Medeiros.<br><br><strong>NUAVV<\/strong><br><br>O NUAVV est\u00e1 vinculado ao Gabinete da Procuradoria-Geral de Justi\u00e7a, tem sede na capital potiguar, na rua Promotor Manoel Alves Pessoa Neto, 97, Candel\u00e1ria, e funciona de 8h \u00e0s 15h, de segunda a quinta-feira, e das 8h \u00e0s 14h nas sextas-feiras.<\/p><div class=\"zevjm69f516e60be86\" ><!--<a href=\"https:\/\/bit.ly\/3QdrqTZ\" target=\"_blank\">\n<img src=\"https:\/\/justicapotiguar.com.br\/wp-content\/uploads\/2023\/09\/mobile-geral.gif\"\/><a\/>--><\/div><style type=\"text\/css\">\r\n.zevjm69f516e60be86 {\r\ntext-align: center;\r\n}\r\n@media screen and (min-width: 1201px) {\r\n.zevjm69f516e60be86 {\r\ndisplay: none;\r\n}\r\n}\r\n@media screen and (min-width: 993px) and (max-width: 1200px) {\r\n.zevjm69f516e60be86 {\r\ndisplay: none;\r\n}\r\n}\r\n@media screen and (min-width: 769px) and (max-width: 992px) {\r\n.zevjm69f516e60be86 {\r\ndisplay: none;\r\n}\r\n}\r\n@media screen and (min-width: 768px) and (max-width: 768px) {\r\n.zevjm69f516e60be86 {\r\ndisplay: block;\r\n}\r\n}\r\n@media screen and (max-width: 767px) {\r\n.zevjm69f516e60be86 {\r\ndisplay: block;\r\n}\r\n}\r\n<\/style>\r\n<div class=\"hqpxg69f516e60be68\" ><!--<a href=\"https:\/\/bit.ly\/3QdrqTZ\" target=\"_blank\">\n<img src=\"https:\/\/justicapotiguar.com.br\/wp-content\/uploads\/2023\/09\/desktop-geral.gif\"\/><a\/>--><\/div><style type=\"text\/css\">\r\n.hqpxg69f516e60be68 {\r\ntext-align: center;\nmargin-bottom: 1em;\r\n}\r\n@media screen and (min-width: 1201px) {\r\n.hqpxg69f516e60be68 {\r\ndisplay: block;\r\n}\r\n}\r\n@media screen and (min-width: 993px) and (max-width: 1200px) {\r\n.hqpxg69f516e60be68 {\r\ndisplay: block;\r\n}\r\n}\r\n@media screen and (min-width: 769px) and (max-width: 992px) {\r\n.hqpxg69f516e60be68 {\r\ndisplay: block;\r\n}\r\n}\r\n@media screen and (min-width: 768px) and (max-width: 768px) {\r\n.hqpxg69f516e60be68 {\r\ndisplay: none;\r\n}\r\n}\r\n@media screen and (max-width: 767px) {\r\n.hqpxg69f516e60be68 {\r\ndisplay: none;\r\n}\r\n}\r\n<\/style>\r\n\n\n\n\n<p>O n\u00facleo presta apoio aos familiares das v\u00edtimas de crimes praticados na Comarca de Natal, observada a possibilidade de implanta\u00e7\u00e3o de novos n\u00facleos para as demais regi\u00f5es do Estado.<\/p>\n\n\n\n<p>O NUAVV tamb\u00e9m pode ser contatado pelo e_mail nuavv@mprn.mp.br e pelo telefone\/whatsapp (84) 99972-5351.<\/p>\n","protected":false},"excerpt":{"rendered":"<p>O Minist\u00e9rio P\u00fablico do Rio Grande do Norte (MPRN) e a Prefeitura de Natal, por interm\u00e9dio da Secretaria Municipal de Trabalho e Assist\u00eancia Social (Semtas), assinaram um acordo de coopera\u00e7\u00e3o t\u00e9cnica para viabilizar o acolhimento e atendimento de pessoas que estiverem em situa\u00e7\u00e3o de luto, em raz\u00e3o de viol\u00eancia letal e intencional, marcada pela vulnerabilidade<br \/><a class=\"more-link\" href=\"https:\/\/justicapotiguar.com.br\/index.php\/2022\/08\/26\/mprn-e-prefeitura-de-natal-assinam-acordo-para-acolhimento-de-pessoas-em-situacao-de-luto-pela-violencia-letal\/\">Mais&#8230;<\/a><\/p>\n","protected":false},"author":5,"featured_media":0,"comment_status":"open","ping_status":"open","sticky":false,"template":"","format":"standard","meta":[],"categories":[1],"tags":[],"_links":{"self":[{"href":"https:\/\/justicapotiguar.com.br\/index.php\/wp-json\/wp\/v2\/posts\/27846"}],"collection":[{"href":"https:\/\/justicapotiguar.com.br\/index.php\/wp-json\/wp\/v2\/posts"}],"about":[{"href":"https:\/\/justicapotiguar.com.br\/index.php\/wp-json\/wp\/v2\/types\/post"}],"author":[{"embeddable":true,"href":"https:\/\/justicapotiguar.com.br\/index.php\/wp-json\/wp\/v2\/users\/5"}],"replies":[{"embeddable":true,"href":"https:\/\/justicapotiguar.com.br\/index.php\/wp-json\/wp\/v2\/comments?post=27846"}],"version-history":[{"count":1,"href":"https:\/\/justicapotiguar.com.br\/index.php\/wp-json\/wp\/v2\/posts\/27846\/revisions"}],"predecessor-version":[{"id":27847,"href":"https:\/\/justicapotiguar.com.br\/index.php\/wp-json\/wp\/v2\/posts\/27846\/revisions\/27847"}],"wp:attachment":[{"href":"https:\/\/justicapotiguar.com.br\/index.php\/wp-json\/wp\/v2\/media?parent=27846"}],"wp:term":[{"taxonomy":"category","embeddable":true,"href":"https:\/\/justicapotiguar.com.br\/index.php\/wp-json\/wp\/v2\/categories?post=27846"},{"taxonomy":"post_tag","embeddable":true,"href":"https:\/\/justicapotiguar.com.br\/index.php\/wp-json\/wp\/v2\/tags?post=27846"}],"curies":[{"name":"wp","href":"https:\/\/api.w.org\/{rel}","templated":true}]}}