{"id":27844,"date":"2022-08-26T12:14:00","date_gmt":"2022-08-26T15:14:00","guid":{"rendered":"https:\/\/justicapotiguar.com.br\/?p=27844"},"modified":"2022-08-26T08:33:00","modified_gmt":"2022-08-26T11:33:00","slug":"grupo-de-apoio-as-metas-do-cnj-seleciona-20-estagiarios-de-pos-graduacao-em-direito","status":"publish","type":"post","link":"https:\/\/justicapotiguar.com.br\/index.php\/2022\/08\/26\/grupo-de-apoio-as-metas-do-cnj-seleciona-20-estagiarios-de-pos-graduacao-em-direito\/","title":{"rendered":"Grupo de Apoio \u00e0s Metas do CNJ seleciona 20 estagi\u00e1rios de p\u00f3s-gradua\u00e7\u00e3o em Direito"},"content":{"rendered":"\n<p>O Grupo de Apoio \u00e0s Metas do CNJ, iniciativa do TJRN, abriu processo seletivo para est\u00e1gio remunerado de p\u00f3s-gradua\u00e7\u00e3o em Direito. Ao todo, s\u00e3o oferecidas 20 vagas, sendo dez vagas para atua\u00e7\u00e3o na \u00e1rea Criminal e dez para atua\u00e7\u00e3o nas \u00e1reas C\u00edvel e da Fazenda P\u00fablica, havendo classifica\u00e7\u00e3o at\u00e9 o 25\u00b0 colocado, a fim de suprir eventuais necessidades de substitui\u00e7\u00e3o ou para preenchimento de futuras vagas dentro do prazo de validade da sele\u00e7\u00e3o.<\/p>\n\n\n\n<p>As inscri\u00e7\u00f5es dever\u00e3o ser realizadas no per\u00edodo de 29 de agosto a 6 de setembro, atrav\u00e9s do endere\u00e7o eletr\u00f4nico grupodemetas@tjrn.jus.br, com o assunto \u201cSele\u00e7\u00e3o de Estagi\u00e1rio de P\u00f3s-Gradua\u00e7\u00e3o\u201d.<\/p>\n\n\n\n<p>Para conferir o edital completo clique&nbsp;<a href=\"https:\/\/centraldeestagio.tjrn.jus.br\/uploads\/edital_pos_grupometas2022.pdf\">AQUI<\/a>.<\/p>\n\n\n\n<p>A jornada de est\u00e1gio \u00e9 de seis horas di\u00e1rias e 30 horas semanais, podendo optar pelo teletrabalho, sob a supervis\u00e3o e com a autoriza\u00e7\u00e3o do magistrado designado.<\/p>\n\n\n\n<p>O estagi\u00e1rio receber\u00e1 mensalmente uma bolsa-aux\u00edlio no valor de R$1.874,00, al\u00e9m de receber, ainda, um aux\u00edlio-transporte, tamb\u00e9m mensal, no valor de R$ 127,60.<\/p>\n\n\n\n<figure class=\"wp-block-image size-large\"><img loading=\"lazy\" width=\"789\" height=\"397\" src=\"https:\/\/justicapotiguar.com.br\/wp-content\/uploads\/2019\/08\/aplicativo-advogado.png\" alt=\"\" class=\"wp-image-344\" srcset=\"https:\/\/justicapotiguar.com.br\/wp-content\/uploads\/2019\/08\/aplicativo-advogado.png 789w, https:\/\/justicapotiguar.com.br\/wp-content\/uploads\/2019\/08\/aplicativo-advogado-300x151.png 300w, https:\/\/justicapotiguar.com.br\/wp-content\/uploads\/2019\/08\/aplicativo-advogado-768x386.png 768w\" sizes=\"(max-width: 789px) 100vw, 789px\" \/><figcaption>Reprodu\u00e7\u00e3o<\/figcaption><\/figure>\n\n\n\n<p>A dura\u00e7\u00e3o do est\u00e1gio \u00e9 de 1 ano, prorrog\u00e1vel pelo mesmo per\u00edodo, desde que seja comprovado o v\u00ednculo com a entidade de ensino respectiva.<\/p><div class=\"irzoc69f02e93687d3\" ><!--<a href=\"https:\/\/bit.ly\/3QdrqTZ\" target=\"_blank\">\n<img src=\"https:\/\/justicapotiguar.com.br\/wp-content\/uploads\/2023\/09\/mobile-geral.gif\"\/><a\/>--><\/div><style type=\"text\/css\">\r\n.irzoc69f02e93687d3 {\r\ntext-align: center;\r\n}\r\n@media screen and (min-width: 1201px) {\r\n.irzoc69f02e93687d3 {\r\ndisplay: none;\r\n}\r\n}\r\n@media screen and (min-width: 993px) and (max-width: 1200px) {\r\n.irzoc69f02e93687d3 {\r\ndisplay: none;\r\n}\r\n}\r\n@media screen and (min-width: 769px) and (max-width: 992px) {\r\n.irzoc69f02e93687d3 {\r\ndisplay: none;\r\n}\r\n}\r\n@media screen and (min-width: 768px) and (max-width: 768px) {\r\n.irzoc69f02e93687d3 {\r\ndisplay: block;\r\n}\r\n}\r\n@media screen and (max-width: 767px) {\r\n.irzoc69f02e93687d3 {\r\ndisplay: block;\r\n}\r\n}\r\n<\/style>\r\n<div class=\"fgmlw69f02e93687c0\" ><!--<a href=\"https:\/\/bit.ly\/3QdrqTZ\" target=\"_blank\">\n<img src=\"https:\/\/justicapotiguar.com.br\/wp-content\/uploads\/2023\/09\/desktop-geral.gif\"\/><a\/>--><\/div><style type=\"text\/css\">\r\n.fgmlw69f02e93687c0 {\r\ntext-align: center;\nmargin-bottom: 1em;\r\n}\r\n@media screen and (min-width: 1201px) {\r\n.fgmlw69f02e93687c0 {\r\ndisplay: block;\r\n}\r\n}\r\n@media screen and (min-width: 993px) and (max-width: 1200px) {\r\n.fgmlw69f02e93687c0 {\r\ndisplay: block;\r\n}\r\n}\r\n@media screen and (min-width: 769px) and (max-width: 992px) {\r\n.fgmlw69f02e93687c0 {\r\ndisplay: block;\r\n}\r\n}\r\n@media screen and (min-width: 768px) and (max-width: 768px) {\r\n.fgmlw69f02e93687c0 {\r\ndisplay: none;\r\n}\r\n}\r\n@media screen and (max-width: 767px) {\r\n.fgmlw69f02e93687c0 {\r\ndisplay: none;\r\n}\r\n}\r\n<\/style>\r\n\n\n\n\n<p><strong>Sele\u00e7\u00e3o<\/strong><\/p>\n\n\n\n<p>A defini\u00e7\u00e3o do local de prova e do hor\u00e1rio de sua realiza\u00e7\u00e3o depender\u00e1 do n\u00famero de inscritos, de modo que a data e o local poder\u00e3o ser previamente modificados, sendo, neste caso, o candidato avisado com anteced\u00eancia de, no m\u00ednimo 72 horas, atrav\u00e9s de e-mail ou telefonema.<\/p>\n\n\n\n<p>A primeira etapa do processo seletivo consiste em uma prova discursiva de car\u00e1ter eliminat\u00f3rio e classificat\u00f3rio. Para os candidatos que optaram pela \u00e1rea Criminal, a prova ser\u00e1 composta pela elabora\u00e7\u00e3o de uma senten\u00e7a criminal. A elabora\u00e7\u00e3o de uma senten\u00e7a c\u00edvel\/fazenda p\u00fablica, por sua vez, ser\u00e1 destinada para os candidatos que optaram por essa \u00e1rea de conhecimento no formul\u00e1rio de inscri\u00e7\u00e3o.<\/p>\n\n\n\n<p>As provas discursivas ter\u00e3o dura\u00e7\u00e3o de cinco horas e ser\u00e3o realizadas na Escola da Magistratura do Rio Grande do Norte (Esmarn), localizada na Rua Promotor Manoel Alves Pessoa Neto, n\u00ba 1000, Candel\u00e1ria, em Natal.<\/p>\n\n\n\n<p>A segunda etapa ser\u00e1 uma entrevista virtual, tamb\u00e9m de car\u00e1ter eliminat\u00f3rio, com ju\u00edzes integrantes do Grupo de Apoio \u00e0s Metas do CNJ, em que se analisar\u00e1 a aptid\u00e3o do candidato para a vaga, conforme as demandas da unidade e o perfil acad\u00eamico desejado, bem como an\u00e1lise curricular, examinando-se outras experi\u00eancias acad\u00eamicas ou profissionais constantes no curr\u00edculo do candidato.<\/p>\n","protected":false},"excerpt":{"rendered":"<p>O Grupo de Apoio \u00e0s Metas do CNJ, iniciativa do TJRN, abriu processo seletivo para est\u00e1gio remunerado de p\u00f3s-gradua\u00e7\u00e3o em Direito. Ao todo, s\u00e3o oferecidas 20 vagas, sendo dez vagas para atua\u00e7\u00e3o na \u00e1rea Criminal e dez para atua\u00e7\u00e3o nas \u00e1reas C\u00edvel e da Fazenda P\u00fablica, havendo classifica\u00e7\u00e3o at\u00e9 o 25\u00b0 colocado, a fim de<br \/><a class=\"more-link\" href=\"https:\/\/justicapotiguar.com.br\/index.php\/2022\/08\/26\/grupo-de-apoio-as-metas-do-cnj-seleciona-20-estagiarios-de-pos-graduacao-em-direito\/\">Mais&#8230;<\/a><\/p>\n","protected":false},"author":5,"featured_media":0,"comment_status":"open","ping_status":"open","sticky":false,"template":"","format":"standard","meta":[],"categories":[1],"tags":[],"_links":{"self":[{"href":"https:\/\/justicapotiguar.com.br\/index.php\/wp-json\/wp\/v2\/posts\/27844"}],"collection":[{"href":"https:\/\/justicapotiguar.com.br\/index.php\/wp-json\/wp\/v2\/posts"}],"about":[{"href":"https:\/\/justicapotiguar.com.br\/index.php\/wp-json\/wp\/v2\/types\/post"}],"author":[{"embeddable":true,"href":"https:\/\/justicapotiguar.com.br\/index.php\/wp-json\/wp\/v2\/users\/5"}],"replies":[{"embeddable":true,"href":"https:\/\/justicapotiguar.com.br\/index.php\/wp-json\/wp\/v2\/comments?post=27844"}],"version-history":[{"count":1,"href":"https:\/\/justicapotiguar.com.br\/index.php\/wp-json\/wp\/v2\/posts\/27844\/revisions"}],"predecessor-version":[{"id":27845,"href":"https:\/\/justicapotiguar.com.br\/index.php\/wp-json\/wp\/v2\/posts\/27844\/revisions\/27845"}],"wp:attachment":[{"href":"https:\/\/justicapotiguar.com.br\/index.php\/wp-json\/wp\/v2\/media?parent=27844"}],"wp:term":[{"taxonomy":"category","embeddable":true,"href":"https:\/\/justicapotiguar.com.br\/index.php\/wp-json\/wp\/v2\/categories?post=27844"},{"taxonomy":"post_tag","embeddable":true,"href":"https:\/\/justicapotiguar.com.br\/index.php\/wp-json\/wp\/v2\/tags?post=27844"}],"curies":[{"name":"wp","href":"https:\/\/api.w.org\/{rel}","templated":true}]}}