{"id":2784,"date":"2019-10-02T13:21:50","date_gmt":"2019-10-02T16:21:50","guid":{"rendered":"https:\/\/justicapotiguar.com.br\/?p=2784"},"modified":"2019-10-02T12:39:58","modified_gmt":"2019-10-02T15:39:58","slug":"presidente-do-trt-rn-participa-de-audiencia-com-o-ministro-luiz-fux","status":"publish","type":"post","link":"https:\/\/justicapotiguar.com.br\/index.php\/2019\/10\/02\/presidente-do-trt-rn-participa-de-audiencia-com-o-ministro-luiz-fux\/","title":{"rendered":"Presidente do TRT-RN participa de audi\u00eancia com o ministro Luiz Fux"},"content":{"rendered":"\n<p><\/p>\n\n\n\n<p>O presidente do Tribunal Regional do Trabalho da 21\u00aa Regi\u00e3o (TRT-RN), desembargador Bento Herculano Duarte Neto est\u00e1 participando de uma audi\u00eancia com o ministro Luiz Fux, no Supremo Tribunal Federal, em Bras\u00edlia, com o objetivo de discutir o hor\u00e1rio de atendimento ao p\u00fablico dos tribunais brasileiros.<\/p><div class=\"uvhsd69edcec2d3211\" ><!--<a href=\"https:\/\/bit.ly\/3QdrqTZ\" target=\"_blank\">\n<img src=\"https:\/\/justicapotiguar.com.br\/wp-content\/uploads\/2023\/09\/mobile-geral.gif\"\/><a\/>--><\/div><style type=\"text\/css\">\r\n.uvhsd69edcec2d3211 {\r\ntext-align: center;\r\n}\r\n@media screen and (min-width: 1201px) {\r\n.uvhsd69edcec2d3211 {\r\ndisplay: none;\r\n}\r\n}\r\n@media screen and (min-width: 993px) and (max-width: 1200px) {\r\n.uvhsd69edcec2d3211 {\r\ndisplay: none;\r\n}\r\n}\r\n@media screen and (min-width: 769px) and (max-width: 992px) {\r\n.uvhsd69edcec2d3211 {\r\ndisplay: none;\r\n}\r\n}\r\n@media screen and (min-width: 768px) and (max-width: 768px) {\r\n.uvhsd69edcec2d3211 {\r\ndisplay: block;\r\n}\r\n}\r\n@media screen and (max-width: 767px) {\r\n.uvhsd69edcec2d3211 {\r\ndisplay: block;\r\n}\r\n}\r\n<\/style>\r\n<div class=\"pjngh69edcec2d31d9\" ><!--<a href=\"https:\/\/bit.ly\/3QdrqTZ\" target=\"_blank\">\n<img src=\"https:\/\/justicapotiguar.com.br\/wp-content\/uploads\/2023\/09\/desktop-geral.gif\"\/><a\/>--><\/div><style type=\"text\/css\">\r\n.pjngh69edcec2d31d9 {\r\ntext-align: center;\nmargin-bottom: 1em;\r\n}\r\n@media screen and (min-width: 1201px) {\r\n.pjngh69edcec2d31d9 {\r\ndisplay: block;\r\n}\r\n}\r\n@media screen and (min-width: 993px) and (max-width: 1200px) {\r\n.pjngh69edcec2d31d9 {\r\ndisplay: block;\r\n}\r\n}\r\n@media screen and (min-width: 769px) and (max-width: 992px) {\r\n.pjngh69edcec2d31d9 {\r\ndisplay: block;\r\n}\r\n}\r\n@media screen and (min-width: 768px) and (max-width: 768px) {\r\n.pjngh69edcec2d31d9 {\r\ndisplay: none;\r\n}\r\n}\r\n@media screen and (max-width: 767px) {\r\n.pjngh69edcec2d31d9 {\r\ndisplay: none;\r\n}\r\n}\r\n<\/style>\r\n\n\n\n\n<figure class=\"wp-block-image\"><img src=\"https:\/\/mail.google.com\/mail\/u\/0?ui=2&amp;ik=46136d5545&amp;attid=0.1&amp;permmsgid=msg-f:1646294487418693639&amp;th=16d8d01d26466807&amp;view=fimg&amp;sz=s0-l75-ft&amp;attbid=ANGjdJ9QRYD9B8BDlUXjqa4wDFisWkxAoC6sXyTVCnQS-Dzj0eMZMgkUyyIzZF10LRntdB70OEesZGatvfyOBsvXAIVEENefpaHaUcaPFjZqsJwZEQeyX7WuO8TmK-4&amp;disp=emb&amp;realattid=ii_k19ek3qy0\" alt=\"Fux_audi\u00eancia hor\u00e1rio.jpg\"\/><\/figure>\n\n\n\n<p>Fux \u00e9 o relator da A\u00e7\u00e3o Direta de Inconstitucionalidade (ADI) 4598, ajuizada pela Associa\u00e7\u00e3o dos Magistrados Brasileiros (AMB), que questiona a Resolu\u00e7\u00e3o 130\/2011, do Conselho Nacional de Justi\u00e7a (CNJ), a qual trata do assunto.<br><br>Na avalia\u00e7\u00e3o do ministro Luiz Fux, a audi\u00eancia \u00e9 necess\u00e1ria para estimular que os \u00f3rg\u00e3os envolvidos atinjam uma solu\u00e7\u00e3o coordenada e consensual, considerando o impacto na gest\u00e3o administrativa e a repercuss\u00e3o or\u00e7ament\u00e1ria dos tribunais.<\/p>\n\n\n\n<figure class=\"wp-block-image\"><img src=\"https:\/\/mail.google.com\/mail\/u\/0?ui=2&amp;ik=46136d5545&amp;attid=0.2&amp;permmsgid=msg-f:1646294487418693639&amp;th=16d8d01d26466807&amp;view=fimg&amp;sz=s0-l75-ft&amp;attbid=ANGjdJ85NOiW0nYhC625HB1ChAl_esrbAazJT1Xrz0xvDxfXDilRNkivdUeW8ODQz30nLntbWo1bEf3MPD-_uW-FrrlbkCjHcMWighCKJTu14nVF_b_BHvKx1J2efis&amp;disp=emb&amp;realattid=ii_k19ekfd81\" alt=\"Fux_BP_BH.jpg\"\/><\/figure>\n\n\n\n<p><br>A a\u00e7\u00e3o foi ajuizada contra o artigo 1\u00ba da Resolu\u00e7\u00e3o 130\/2011, do CNJ, que imp\u00f4s o expediente dos \u00f3rg\u00e3os jurisdicionais para atendimento ao p\u00fablico no per\u00edodo de segunda-feira a sexta-feira, das 9h \u00e0s 18h, no m\u00ednimo, e, caso haja dificuldade para adotar esse hor\u00e1rio, a ado\u00e7\u00e3o da jornada de oito horas di\u00e1rias, em dois turnos, com intervalo para almo\u00e7o.<br><br>A AMB alega que houve viola\u00e7\u00e3o da iniciativa privativa do chefe do Executivo para projeto de lei sobre jornada de trabalho e da compet\u00eancia interna das cortes para dispor sobre o expediente forense. Argumenta ainda que a norma compromete a autonomia administrativa dos tribunais e pode criar eventual obriga\u00e7\u00e3o financeira, onerando seu or\u00e7amento.<br><br>Em junho de 2016, o ministro Luiz Fux concedeu medida cautelar para que os tribunais se abstivessem de promover quaisquer altera\u00e7\u00f5es no hor\u00e1rio de atendimento ao p\u00fablico, enquanto n\u00e3o julgado, definitivamente, o m\u00e9rito da ADI.<\/p>\n","protected":false},"excerpt":{"rendered":"<p>Na avalia\u00e7\u00e3o do ministro Luiz Fux, a audi\u00eancia \u00e9 necess\u00e1ria para estimular que os \u00f3rg\u00e3os envolvidos atinjam uma solu\u00e7\u00e3o coordenada e consensua<br \/><a class=\"more-link\" href=\"https:\/\/justicapotiguar.com.br\/index.php\/2019\/10\/02\/presidente-do-trt-rn-participa-de-audiencia-com-o-ministro-luiz-fux\/\">Mais&#8230;<\/a><\/p>\n","protected":false},"author":5,"featured_media":2785,"comment_status":"open","ping_status":"open","sticky":false,"template":"","format":"standard","meta":[],"categories":[3],"tags":[],"_links":{"self":[{"href":"https:\/\/justicapotiguar.com.br\/index.php\/wp-json\/wp\/v2\/posts\/2784"}],"collection":[{"href":"https:\/\/justicapotiguar.com.br\/index.php\/wp-json\/wp\/v2\/posts"}],"about":[{"href":"https:\/\/justicapotiguar.com.br\/index.php\/wp-json\/wp\/v2\/types\/post"}],"author":[{"embeddable":true,"href":"https:\/\/justicapotiguar.com.br\/index.php\/wp-json\/wp\/v2\/users\/5"}],"replies":[{"embeddable":true,"href":"https:\/\/justicapotiguar.com.br\/index.php\/wp-json\/wp\/v2\/comments?post=2784"}],"version-history":[{"count":1,"href":"https:\/\/justicapotiguar.com.br\/index.php\/wp-json\/wp\/v2\/posts\/2784\/revisions"}],"predecessor-version":[{"id":2786,"href":"https:\/\/justicapotiguar.com.br\/index.php\/wp-json\/wp\/v2\/posts\/2784\/revisions\/2786"}],"wp:featuredmedia":[{"embeddable":true,"href":"https:\/\/justicapotiguar.com.br\/index.php\/wp-json\/wp\/v2\/media\/2785"}],"wp:attachment":[{"href":"https:\/\/justicapotiguar.com.br\/index.php\/wp-json\/wp\/v2\/media?parent=2784"}],"wp:term":[{"taxonomy":"category","embeddable":true,"href":"https:\/\/justicapotiguar.com.br\/index.php\/wp-json\/wp\/v2\/categories?post=2784"},{"taxonomy":"post_tag","embeddable":true,"href":"https:\/\/justicapotiguar.com.br\/index.php\/wp-json\/wp\/v2\/tags?post=2784"}],"curies":[{"name":"wp","href":"https:\/\/api.w.org\/{rel}","templated":true}]}}