{"id":27833,"date":"2022-08-25T16:22:40","date_gmt":"2022-08-25T19:22:40","guid":{"rendered":"https:\/\/justicapotiguar.com.br\/?p=27833"},"modified":"2022-08-25T16:22:40","modified_gmt":"2022-08-25T19:22:40","slug":"advogada-baiana-e-alvo-de-representacao-de-outra-advogada-por-participar-de-sessao-com-bebe-no-colo","status":"publish","type":"post","link":"https:\/\/justicapotiguar.com.br\/index.php\/2022\/08\/25\/advogada-baiana-e-alvo-de-representacao-de-outra-advogada-por-participar-de-sessao-com-bebe-no-colo\/","title":{"rendered":"Advogada baiana \u00e9 alvo de representa\u00e7\u00e3o de outra advogada por participar de sess\u00e3o com beb\u00ea no colo"},"content":{"rendered":"\n<p>Durante uma audi\u00eancia virtual nesta ter\u00e7a-feira (23), a advogada Camila Silveira foi surpreendida com um pedido, feito pela advogada da parte contr\u00e1ria, de expedi\u00e7\u00e3o de of\u00edcio \u00e0 OAB-BA para representar a advogada por participar da audi\u00eancia com seu filho no colo e \u201csem trajes adequados \u00e0 profiss\u00e3o\u201d.<\/p>\n\n\n\n<p>A advogada Camila Silveira foi \u00e0s redes sociais relatar o que sentiu ap\u00f3s ter seu direito de conciliar a maternidade com o exerc\u00edcio da advocacia questionado, ainda mais por outra colega, e ressaltou ainda que a conciliadora nada fez.<\/p>\n\n\n\n<p>Em seu perfil no Instagram, Camila postou foto com seu filho com o t\u00edtulo \u201cDesabafo\u201d e escreveu:<\/p>\n\n\n\n<p>\u201cVenho atrav\u00e9s deste post, sem as vestimentas adequadas para a profiss\u00e3o que exer\u00e7o e com meu filho no colo para falar um pouco do que senti hoje.<\/p>\n\n\n\n<p>Dor. Senti uma dor em um local, at\u00e9 ent\u00e3o, desconhecido. Senti como se eu n\u00e3o pudesse exercer a minha paix\u00e3o por ser m\u00e3e, pelo meu filho naquele momento precisar do meu colo, da praticidade da minha vestimenta para que eu possa lhe dar alimento.<\/p>\n\n\n\n<figure class=\"wp-block-image size-large\"><img loading=\"lazy\" width=\"380\" height=\"280\" src=\"https:\/\/justicapotiguar.com.br\/wp-content\/uploads\/2022\/08\/IMAGEM_NOTICIA_5.jpg\" alt=\"\" class=\"wp-image-27834\" srcset=\"https:\/\/justicapotiguar.com.br\/wp-content\/uploads\/2022\/08\/IMAGEM_NOTICIA_5.jpg 380w, https:\/\/justicapotiguar.com.br\/wp-content\/uploads\/2022\/08\/IMAGEM_NOTICIA_5-300x221.jpg 300w\" sizes=\"(max-width: 380px) 100vw, 380px\" \/><figcaption>Reprodu\u00e7\u00e3o <\/figcaption><\/figure>\n\n\n\n<p>Em um momento de trabalho, em audi\u00eancia, com meu filho no colo, a advogada da parte contr\u00e1ria indicou que \u201crequer expedi\u00e7\u00e3o de of\u00edcio \u00e0 OAB\/BA para representa\u00e7\u00e3o da advogada Camila Silveira Costa por se fazer presente na assentada (\u2026) com trajes inadequados \u00e0 profiss\u00e3o (\u2026) sobretudo segurando a crian\u00e7a no colo (\u2026)\u201d. A conciliadora nada fez durante 1h que tive que lidar com estes absurdos.<\/p><div class=\"pbdjy69f02e8e53b8f\" ><!--<a href=\"https:\/\/bit.ly\/3QdrqTZ\" target=\"_blank\">\n<img src=\"https:\/\/justicapotiguar.com.br\/wp-content\/uploads\/2023\/09\/mobile-geral.gif\"\/><a\/>--><\/div><style type=\"text\/css\">\r\n.pbdjy69f02e8e53b8f {\r\ntext-align: center;\r\n}\r\n@media screen and (min-width: 1201px) {\r\n.pbdjy69f02e8e53b8f {\r\ndisplay: none;\r\n}\r\n}\r\n@media screen and (min-width: 993px) and (max-width: 1200px) {\r\n.pbdjy69f02e8e53b8f {\r\ndisplay: none;\r\n}\r\n}\r\n@media screen and (min-width: 769px) and (max-width: 992px) {\r\n.pbdjy69f02e8e53b8f {\r\ndisplay: none;\r\n}\r\n}\r\n@media screen and (min-width: 768px) and (max-width: 768px) {\r\n.pbdjy69f02e8e53b8f {\r\ndisplay: block;\r\n}\r\n}\r\n@media screen and (max-width: 767px) {\r\n.pbdjy69f02e8e53b8f {\r\ndisplay: block;\r\n}\r\n}\r\n<\/style>\r\n<div class=\"fekyv69f02e8e53b7a\" ><!--<a href=\"https:\/\/bit.ly\/3QdrqTZ\" target=\"_blank\">\n<img src=\"https:\/\/justicapotiguar.com.br\/wp-content\/uploads\/2023\/09\/desktop-geral.gif\"\/><a\/>--><\/div><style type=\"text\/css\">\r\n.fekyv69f02e8e53b7a {\r\ntext-align: center;\nmargin-bottom: 1em;\r\n}\r\n@media screen and (min-width: 1201px) {\r\n.fekyv69f02e8e53b7a {\r\ndisplay: block;\r\n}\r\n}\r\n@media screen and (min-width: 993px) and (max-width: 1200px) {\r\n.fekyv69f02e8e53b7a {\r\ndisplay: block;\r\n}\r\n}\r\n@media screen and (min-width: 769px) and (max-width: 992px) {\r\n.fekyv69f02e8e53b7a {\r\ndisplay: block;\r\n}\r\n}\r\n@media screen and (min-width: 768px) and (max-width: 768px) {\r\n.fekyv69f02e8e53b7a {\r\ndisplay: none;\r\n}\r\n}\r\n@media screen and (max-width: 767px) {\r\n.fekyv69f02e8e53b7a {\r\ndisplay: none;\r\n}\r\n}\r\n<\/style>\r\n\n\n\n\n<p>Nunca pensei em passar por uma limita\u00e7\u00e3o como esta, atrav\u00e9s da fala de uma outra mulher e sequer ter o apoio da outra mulher presente que, por obriga\u00e7\u00e3o da sua fun\u00e7\u00e3o (conciliadora) deveria impor limites e nada fez.<\/p>\n\n\n\n<p>Decidi publicar sobre o ocorrido, pois precisamos de uni\u00e3o e for\u00e7a para desestruturar essa percep\u00e7\u00e3o arcaica, desumana e ineficaz do judici\u00e1rio brasileiro.<\/p>\n\n\n\n<p>Em uma semana que aplaudimos um advogado com seu beb\u00ea sendo respeitado por este momento, vemos o contr\u00e1rio quando se trata de n\u00f3s mulheres.<\/p>\n\n\n\n<p>Desejo que as provid\u00eancias sejam realmente tomadas, que isso n\u00e3o passe em branco. E que n\u00f3s mulheres e nossas individualidades sejam respeitadas\u201d.<\/p>\n\n\n\n<p>Bahia Noticias<\/p>\n","protected":false},"excerpt":{"rendered":"<p>Durante uma audi\u00eancia virtual nesta ter\u00e7a-feira (23), a advogada Camila Silveira foi surpreendida com um pedido, feito pela advogada da parte contr\u00e1ria, de expedi\u00e7\u00e3o de of\u00edcio \u00e0 OAB-BA para representar a advogada por participar da audi\u00eancia com seu filho no colo e \u201csem trajes adequados \u00e0 profiss\u00e3o\u201d. A advogada Camila Silveira foi \u00e0s redes sociais<br \/><a class=\"more-link\" href=\"https:\/\/justicapotiguar.com.br\/index.php\/2022\/08\/25\/advogada-baiana-e-alvo-de-representacao-de-outra-advogada-por-participar-de-sessao-com-bebe-no-colo\/\">Mais&#8230;<\/a><\/p>\n","protected":false},"author":5,"featured_media":0,"comment_status":"open","ping_status":"open","sticky":false,"template":"","format":"standard","meta":[],"categories":[1],"tags":[],"_links":{"self":[{"href":"https:\/\/justicapotiguar.com.br\/index.php\/wp-json\/wp\/v2\/posts\/27833"}],"collection":[{"href":"https:\/\/justicapotiguar.com.br\/index.php\/wp-json\/wp\/v2\/posts"}],"about":[{"href":"https:\/\/justicapotiguar.com.br\/index.php\/wp-json\/wp\/v2\/types\/post"}],"author":[{"embeddable":true,"href":"https:\/\/justicapotiguar.com.br\/index.php\/wp-json\/wp\/v2\/users\/5"}],"replies":[{"embeddable":true,"href":"https:\/\/justicapotiguar.com.br\/index.php\/wp-json\/wp\/v2\/comments?post=27833"}],"version-history":[{"count":1,"href":"https:\/\/justicapotiguar.com.br\/index.php\/wp-json\/wp\/v2\/posts\/27833\/revisions"}],"predecessor-version":[{"id":27835,"href":"https:\/\/justicapotiguar.com.br\/index.php\/wp-json\/wp\/v2\/posts\/27833\/revisions\/27835"}],"wp:attachment":[{"href":"https:\/\/justicapotiguar.com.br\/index.php\/wp-json\/wp\/v2\/media?parent=27833"}],"wp:term":[{"taxonomy":"category","embeddable":true,"href":"https:\/\/justicapotiguar.com.br\/index.php\/wp-json\/wp\/v2\/categories?post=27833"},{"taxonomy":"post_tag","embeddable":true,"href":"https:\/\/justicapotiguar.com.br\/index.php\/wp-json\/wp\/v2\/tags?post=27833"}],"curies":[{"name":"wp","href":"https:\/\/api.w.org\/{rel}","templated":true}]}}