{"id":27830,"date":"2022-08-25T15:37:12","date_gmt":"2022-08-25T18:37:12","guid":{"rendered":"https:\/\/justicapotiguar.com.br\/?p=27830"},"modified":"2022-08-25T15:37:12","modified_gmt":"2022-08-25T18:37:12","slug":"suspeito-de-estuprar-sobrinha-de-7-anos-tem-prisao-preventiva-declarada-pela-justica-em-natal","status":"publish","type":"post","link":"https:\/\/justicapotiguar.com.br\/index.php\/2022\/08\/25\/suspeito-de-estuprar-sobrinha-de-7-anos-tem-prisao-preventiva-declarada-pela-justica-em-natal\/","title":{"rendered":"Suspeito de estuprar sobrinha de 7 anos tem pris\u00e3o preventiva declarada  pela Justi\u00e7a em Natal"},"content":{"rendered":"\n<figure class=\"wp-block-image size-large\"><img loading=\"lazy\" width=\"786\" height=\"550\" src=\"https:\/\/justicapotiguar.com.br\/wp-content\/uploads\/2019\/12\/estupro.jpg\" alt=\"\" class=\"wp-image-4463\" srcset=\"https:\/\/justicapotiguar.com.br\/wp-content\/uploads\/2019\/12\/estupro.jpg 786w, https:\/\/justicapotiguar.com.br\/wp-content\/uploads\/2019\/12\/estupro-300x210.jpg 300w, https:\/\/justicapotiguar.com.br\/wp-content\/uploads\/2019\/12\/estupro-768x537.jpg 768w\" sizes=\"(max-width: 786px) 100vw, 786px\" \/><figcaption>Ilustrativa<\/figcaption><\/figure>\n\n\n\n<p>O juiz Diego Dantas da 1\u00aa Central de Flagrantes da Comarca de Natal, converteu em pris\u00e3o preventiva durante audi\u00eancia de cust\u00f3dia de Edivan Patricio dos Santos, suspeito de estupro de vulner\u00e1vel da pr\u00f3pria sobrinha de apenas 7 anos. <\/p>\n\n\n\n<p>O suspeito havia sido preso em flagrante e segundo a decis\u00e3o judicial, &#8220;de acordo com o depoimento da v\u00edtima, o autuado teria acariciado suas partes \u00edntimas e exibido seu \u00f3rg\u00e3o genital, imp\u00f5e-se reconhecer a validade do flagrante&#8221;.<\/p><div class=\"tqlqw69f01e322fa8c\" ><!--<a href=\"https:\/\/bit.ly\/3QdrqTZ\" target=\"_blank\">\n<img src=\"https:\/\/justicapotiguar.com.br\/wp-content\/uploads\/2023\/09\/mobile-geral.gif\"\/><a\/>--><\/div><style type=\"text\/css\">\r\n.tqlqw69f01e322fa8c {\r\ntext-align: center;\r\n}\r\n@media screen and (min-width: 1201px) {\r\n.tqlqw69f01e322fa8c {\r\ndisplay: none;\r\n}\r\n}\r\n@media screen and (min-width: 993px) and (max-width: 1200px) {\r\n.tqlqw69f01e322fa8c {\r\ndisplay: none;\r\n}\r\n}\r\n@media screen and (min-width: 769px) and (max-width: 992px) {\r\n.tqlqw69f01e322fa8c {\r\ndisplay: none;\r\n}\r\n}\r\n@media screen and (min-width: 768px) and (max-width: 768px) {\r\n.tqlqw69f01e322fa8c {\r\ndisplay: block;\r\n}\r\n}\r\n@media screen and (max-width: 767px) {\r\n.tqlqw69f01e322fa8c {\r\ndisplay: block;\r\n}\r\n}\r\n<\/style>\r\n<div class=\"bgqyr69f01e322fa78\" ><!--<a href=\"https:\/\/bit.ly\/3QdrqTZ\" target=\"_blank\">\n<img src=\"https:\/\/justicapotiguar.com.br\/wp-content\/uploads\/2023\/09\/desktop-geral.gif\"\/><a\/>--><\/div><style type=\"text\/css\">\r\n.bgqyr69f01e322fa78 {\r\ntext-align: center;\nmargin-bottom: 1em;\r\n}\r\n@media screen and (min-width: 1201px) {\r\n.bgqyr69f01e322fa78 {\r\ndisplay: block;\r\n}\r\n}\r\n@media screen and (min-width: 993px) and (max-width: 1200px) {\r\n.bgqyr69f01e322fa78 {\r\ndisplay: block;\r\n}\r\n}\r\n@media screen and (min-width: 769px) and (max-width: 992px) {\r\n.bgqyr69f01e322fa78 {\r\ndisplay: block;\r\n}\r\n}\r\n@media screen and (min-width: 768px) and (max-width: 768px) {\r\n.bgqyr69f01e322fa78 {\r\ndisplay: none;\r\n}\r\n}\r\n@media screen and (max-width: 767px) {\r\n.bgqyr69f01e322fa78 {\r\ndisplay: none;\r\n}\r\n}\r\n<\/style>\r\n\n\n\n\n<p>Confira decis\u00e3o na integra <\/p>\n\n\n\n<figure class=\"wp-block-image\"><img alt=\"\"\/><\/figure>\n\n\n\n<div class=\"wp-block-file\"><a href=\"https:\/\/justicapotiguar.com.br\/wp-content\/uploads\/2022\/08\/Termo-de-Audie\u0302ncia.pdf\">Termo-de-Audie\u0302ncia<\/a><a href=\"https:\/\/justicapotiguar.com.br\/wp-content\/uploads\/2022\/08\/Termo-de-Audie\u0302ncia.pdf\" class=\"wp-block-file__button\" download>Baixar<\/a><\/div>\n","protected":false},"excerpt":{"rendered":"<p>O juiz Diego Dantas da 1\u00aa Central de Flagrantes da Comarca de Natal, converteu em pris\u00e3o preventiva durante audi\u00eancia de cust\u00f3dia de Edivan Patricio dos Santos, suspeito de estupro de vulner\u00e1vel da pr\u00f3pria sobrinha de apenas 7 anos. O suspeito havia sido preso em flagrante e segundo a decis\u00e3o judicial, &#8220;de acordo com o depoimento<br \/><a class=\"more-link\" href=\"https:\/\/justicapotiguar.com.br\/index.php\/2022\/08\/25\/suspeito-de-estuprar-sobrinha-de-7-anos-tem-prisao-preventiva-declarada-pela-justica-em-natal\/\">Mais&#8230;<\/a><\/p>\n","protected":false},"author":5,"featured_media":0,"comment_status":"open","ping_status":"open","sticky":false,"template":"","format":"standard","meta":[],"categories":[1],"tags":[],"_links":{"self":[{"href":"https:\/\/justicapotiguar.com.br\/index.php\/wp-json\/wp\/v2\/posts\/27830"}],"collection":[{"href":"https:\/\/justicapotiguar.com.br\/index.php\/wp-json\/wp\/v2\/posts"}],"about":[{"href":"https:\/\/justicapotiguar.com.br\/index.php\/wp-json\/wp\/v2\/types\/post"}],"author":[{"embeddable":true,"href":"https:\/\/justicapotiguar.com.br\/index.php\/wp-json\/wp\/v2\/users\/5"}],"replies":[{"embeddable":true,"href":"https:\/\/justicapotiguar.com.br\/index.php\/wp-json\/wp\/v2\/comments?post=27830"}],"version-history":[{"count":1,"href":"https:\/\/justicapotiguar.com.br\/index.php\/wp-json\/wp\/v2\/posts\/27830\/revisions"}],"predecessor-version":[{"id":27832,"href":"https:\/\/justicapotiguar.com.br\/index.php\/wp-json\/wp\/v2\/posts\/27830\/revisions\/27832"}],"wp:attachment":[{"href":"https:\/\/justicapotiguar.com.br\/index.php\/wp-json\/wp\/v2\/media?parent=27830"}],"wp:term":[{"taxonomy":"category","embeddable":true,"href":"https:\/\/justicapotiguar.com.br\/index.php\/wp-json\/wp\/v2\/categories?post=27830"},{"taxonomy":"post_tag","embeddable":true,"href":"https:\/\/justicapotiguar.com.br\/index.php\/wp-json\/wp\/v2\/tags?post=27830"}],"curies":[{"name":"wp","href":"https:\/\/api.w.org\/{rel}","templated":true}]}}