{"id":27824,"date":"2022-08-25T10:19:32","date_gmt":"2022-08-25T13:19:32","guid":{"rendered":"https:\/\/justicapotiguar.com.br\/?p=27824"},"modified":"2022-08-25T10:19:32","modified_gmt":"2022-08-25T13:19:32","slug":"tse-cassa-diploma-de-vereadores-eleitos-em-2020-em-ipira-ba-por-fraude-na-cota-de-genero","status":"publish","type":"post","link":"https:\/\/justicapotiguar.com.br\/index.php\/2022\/08\/25\/tse-cassa-diploma-de-vereadores-eleitos-em-2020-em-ipira-ba-por-fraude-na-cota-de-genero\/","title":{"rendered":"TSE cassa diploma de vereadores eleitos em 2020 em Ipir\u00e1 (BA) por fraude na cota de g\u00eanero"},"content":{"rendered":"\n<p>Na sess\u00e3o jurisdicional desta ter\u00e7a-feira (23), o Tribunal Superior Eleitoral (TSE) reconheceu a pr\u00e1tica de fraude na cota de g\u00eanero nas elei\u00e7\u00f5es para o cargo de vereador no munic\u00edpio de Ipir\u00e1 (BA), em 2020. Por unanimidade, os ministros deram provimento a recurso do diret\u00f3rio municipal do Partido dos Trabalhadores (PT), para decretar a nulidade de todos os votos recebidos pelo Partido Progressistas (PP) e pelo Partido Socialista Brasileiro (PSB) naquele pleito e cassar os registros e diplomas dos candidatos vinculados.<\/p>\n\n\n\n<p>Tamb\u00e9m foi determinado o rec\u00e1lculo dos quocientes eleitoral e partid\u00e1rio. Por fim, foi declarada a inelegibilidade de Ivete Francisca da Silva Matos (PP) e Fabr\u00edcia dos Santos Dunda (PSB), candidatas lan\u00e7adas pelas agremia\u00e7\u00f5es com o intuito de simular o cumprimento do percentual m\u00ednimo de 30% para cada g\u00eanero. A decis\u00e3o dever\u00e1 ser cumprida imediatamente, independentemente da publica\u00e7\u00e3o do ac\u00f3rd\u00e3o.<\/p>\n\n\n\n<p><strong>Entenda o caso<\/strong><\/p>\n\n\n\n<p>Na origem, o PT ajuizou uma A\u00e7\u00e3o de Investiga\u00e7\u00e3o Judicial Eleitoral (Aije) alegando que as candidaturas de Ivete e Fabr\u00edcia eram fict\u00edcias, j\u00e1 que ambas n\u00e3o receberam votos, nem incentivo financeiro das agremia\u00e7\u00f5es pelas quais concorreram no pleito de 2020.<\/p>\n\n\n\n<figure class=\"wp-block-image size-large\"><img loading=\"lazy\" width=\"620\" height=\"300\" src=\"https:\/\/justicapotiguar.com.br\/wp-content\/uploads\/2021\/08\/ministro-alexandre-moraes-2020.jpeg\" alt=\"\" class=\"wp-image-21201\" srcset=\"https:\/\/justicapotiguar.com.br\/wp-content\/uploads\/2021\/08\/ministro-alexandre-moraes-2020.jpeg 620w, https:\/\/justicapotiguar.com.br\/wp-content\/uploads\/2021\/08\/ministro-alexandre-moraes-2020-300x145.jpeg 300w\" sizes=\"(max-width: 620px) 100vw, 620px\" \/><figcaption>Reprodu\u00e7\u00e3o<\/figcaption><\/figure>\n\n\n\n<p>Ao examinar o conjunto de provas apresentadas, o Tribunal Regional Eleitoral da Bahia (TRE-BA) reformou a senten\u00e7a de primeiro grau que havia reconhecido a pr\u00e1tica de fraude \u00e0 cota de g\u00eanero. Para a corte regional, a exist\u00eancia de panfletos de propaganda, postagens de eventos eleitorais e de despesas de campanha era suficiente para atestar a efetiva participa\u00e7\u00e3o das candidatas naquele pleito.<\/p>\n\n\n\n<p>No TSE, o diret\u00f3rio municipal do PT buscou, ent\u00e3o, reverter o resultado do julgamento.<\/p><div class=\"xusgh69f02ebb9ebb5\" ><!--<a href=\"https:\/\/bit.ly\/3QdrqTZ\" target=\"_blank\">\n<img src=\"https:\/\/justicapotiguar.com.br\/wp-content\/uploads\/2023\/09\/mobile-geral.gif\"\/><a\/>--><\/div><style type=\"text\/css\">\r\n.xusgh69f02ebb9ebb5 {\r\ntext-align: center;\r\n}\r\n@media screen and (min-width: 1201px) {\r\n.xusgh69f02ebb9ebb5 {\r\ndisplay: none;\r\n}\r\n}\r\n@media screen and (min-width: 993px) and (max-width: 1200px) {\r\n.xusgh69f02ebb9ebb5 {\r\ndisplay: none;\r\n}\r\n}\r\n@media screen and (min-width: 769px) and (max-width: 992px) {\r\n.xusgh69f02ebb9ebb5 {\r\ndisplay: none;\r\n}\r\n}\r\n@media screen and (min-width: 768px) and (max-width: 768px) {\r\n.xusgh69f02ebb9ebb5 {\r\ndisplay: block;\r\n}\r\n}\r\n@media screen and (max-width: 767px) {\r\n.xusgh69f02ebb9ebb5 {\r\ndisplay: block;\r\n}\r\n}\r\n<\/style>\r\n<div class=\"hjihc69f02ebb9eb9b\" ><!--<a href=\"https:\/\/bit.ly\/3QdrqTZ\" target=\"_blank\">\n<img src=\"https:\/\/justicapotiguar.com.br\/wp-content\/uploads\/2023\/09\/desktop-geral.gif\"\/><a\/>--><\/div><style type=\"text\/css\">\r\n.hjihc69f02ebb9eb9b {\r\ntext-align: center;\nmargin-bottom: 1em;\r\n}\r\n@media screen and (min-width: 1201px) {\r\n.hjihc69f02ebb9eb9b {\r\ndisplay: block;\r\n}\r\n}\r\n@media screen and (min-width: 993px) and (max-width: 1200px) {\r\n.hjihc69f02ebb9eb9b {\r\ndisplay: block;\r\n}\r\n}\r\n@media screen and (min-width: 769px) and (max-width: 992px) {\r\n.hjihc69f02ebb9eb9b {\r\ndisplay: block;\r\n}\r\n}\r\n@media screen and (min-width: 768px) and (max-width: 768px) {\r\n.hjihc69f02ebb9eb9b {\r\ndisplay: none;\r\n}\r\n}\r\n@media screen and (max-width: 767px) {\r\n.hjihc69f02ebb9eb9b {\r\ndisplay: none;\r\n}\r\n}\r\n<\/style>\r\n\n\n\n\n<p><strong>Voto do relator<\/strong><\/p>\n\n\n\n<p>Ao proferir o voto, o presidente da Corte Eleitoral e relator do caso, ministro Alexandre de Moraes, explicou que, al\u00e9m de n\u00e3o promoverem as pr\u00f3prias candidaturas, Ivete e Fabr\u00edcia ainda teriam se engajado na campanha de Rafael Teixeira, presidente do Partido Progressistas na localidade, que tamb\u00e9m participou da disputa.<\/p>\n\n\n\n<p>Ele lembrou que a jurisprud\u00eancia do TSE aponta no sentido do reconhecimento da pr\u00e1tica da fraude sempre que for detectada a vota\u00e7\u00e3o zerada ou insignificante, somada \u00e0 aus\u00eancia de atos de campanha e de despesas listadas nas presta\u00e7\u00f5es de contas. Para o ministro, est\u00e3o presentes no caso debatido todos os elementos que comprovam a inten\u00e7\u00e3o dos partidos de violar a lei eleitoral.<\/p>\n\n\n\n<p>Moraes destacou que, diante da proximidade das Elei\u00e7\u00f5es Gerais de 2022, deve ficar claro que fraudes \u00e0 cota de g\u00eanero n\u00e3o ser\u00e3o toleradas pela Justi\u00e7a Eleitoral. Segundo o ministro, eventuais suspeitas de viola\u00e7\u00e3o \u00e0 legisla\u00e7\u00e3o ser\u00e3o \u201crigorosamente analisadas\u201d pelo TSE e pelos Tribunais Regionais Eleitorais.<\/p>\n\n\n\n<p>\u201c\u00c9 importante que o Tribunal Superior Eleitoral deixe bem claro esse recado de que aqueles que fazem parte da chapa t\u00eam que verificar a n\u00e3o exist\u00eancia da fraude, da candidatura laranja para [garantir] o respeito \u00e0s candidaturas de g\u00eanero\u201d, asseverou o ministro.<\/p>\n\n\n\n<p>BA\/LC, DM<\/p>\n","protected":false},"excerpt":{"rendered":"<p>Na sess\u00e3o jurisdicional desta ter\u00e7a-feira (23), o Tribunal Superior Eleitoral (TSE) reconheceu a pr\u00e1tica de fraude na cota de g\u00eanero nas elei\u00e7\u00f5es para o cargo de vereador no munic\u00edpio de Ipir\u00e1 (BA), em 2020. Por unanimidade, os ministros deram provimento a recurso do diret\u00f3rio municipal do Partido dos Trabalhadores (PT), para decretar a nulidade de<br \/><a class=\"more-link\" href=\"https:\/\/justicapotiguar.com.br\/index.php\/2022\/08\/25\/tse-cassa-diploma-de-vereadores-eleitos-em-2020-em-ipira-ba-por-fraude-na-cota-de-genero\/\">Mais&#8230;<\/a><\/p>\n","protected":false},"author":5,"featured_media":0,"comment_status":"open","ping_status":"open","sticky":false,"template":"","format":"standard","meta":[],"categories":[1],"tags":[],"_links":{"self":[{"href":"https:\/\/justicapotiguar.com.br\/index.php\/wp-json\/wp\/v2\/posts\/27824"}],"collection":[{"href":"https:\/\/justicapotiguar.com.br\/index.php\/wp-json\/wp\/v2\/posts"}],"about":[{"href":"https:\/\/justicapotiguar.com.br\/index.php\/wp-json\/wp\/v2\/types\/post"}],"author":[{"embeddable":true,"href":"https:\/\/justicapotiguar.com.br\/index.php\/wp-json\/wp\/v2\/users\/5"}],"replies":[{"embeddable":true,"href":"https:\/\/justicapotiguar.com.br\/index.php\/wp-json\/wp\/v2\/comments?post=27824"}],"version-history":[{"count":1,"href":"https:\/\/justicapotiguar.com.br\/index.php\/wp-json\/wp\/v2\/posts\/27824\/revisions"}],"predecessor-version":[{"id":27825,"href":"https:\/\/justicapotiguar.com.br\/index.php\/wp-json\/wp\/v2\/posts\/27824\/revisions\/27825"}],"wp:attachment":[{"href":"https:\/\/justicapotiguar.com.br\/index.php\/wp-json\/wp\/v2\/media?parent=27824"}],"wp:term":[{"taxonomy":"category","embeddable":true,"href":"https:\/\/justicapotiguar.com.br\/index.php\/wp-json\/wp\/v2\/categories?post=27824"},{"taxonomy":"post_tag","embeddable":true,"href":"https:\/\/justicapotiguar.com.br\/index.php\/wp-json\/wp\/v2\/tags?post=27824"}],"curies":[{"name":"wp","href":"https:\/\/api.w.org\/{rel}","templated":true}]}}