{"id":2780,"date":"2019-10-02T12:29:04","date_gmt":"2019-10-02T15:29:04","guid":{"rendered":"https:\/\/justicapotiguar.com.br\/?p=2780"},"modified":"2019-10-04T09:10:44","modified_gmt":"2019-10-04T12:10:44","slug":"caso-gislane-juiza-afirma-que-acusado-de-matar-professora-em-acidente-na-prudente-sofre-constrangimento-ilegal-e-determina-soltura","status":"publish","type":"post","link":"https:\/\/justicapotiguar.com.br\/index.php\/2019\/10\/02\/caso-gislane-juiza-afirma-que-acusado-de-matar-professora-em-acidente-na-prudente-sofre-constrangimento-ilegal-e-determina-soltura\/","title":{"rendered":"CASO GISLANE: Ju\u00edza afirma que acusado de matar professora em acidente na Prudente sofre \u201cconstrangimento ilegal\u201d e determina soltura"},"content":{"rendered":"\n<figure class=\"wp-block-image\"><img loading=\"lazy\" width=\"730\" height=\"400\" src=\"https:\/\/justicapotiguar.com.br\/wp-content\/uploads\/2019\/10\/josias.jpeg\" alt=\"\" class=\"wp-image-2781\" srcset=\"https:\/\/justicapotiguar.com.br\/wp-content\/uploads\/2019\/10\/josias.jpeg 730w, https:\/\/justicapotiguar.com.br\/wp-content\/uploads\/2019\/10\/josias-300x164.jpeg 300w\" sizes=\"(max-width: 730px) 100vw, 730px\" \/><figcaption>Foto: Reprodu\u00e7\u00e3o<\/figcaption><\/figure>\n\n\n\n<p>A ju\u00edza Ingrid Raniele Farias Sandes determinou a soltura para o oficial de justi\u00e7a, Josias Teixeira de Morais, preso desde o \u00faltimo m\u00eas de maio pela morte da professora Gislane Cruz, em acidente de tr\u00e2nsito no prolongamento da av. Prudente de Morais. O oficial havia sido preso em flagrante e foi comprovado que estava dirigindo sob efeito de \u00e1lcool.<\/p>\n\n\n\n<p>Na decis\u00e3o judicial da \u00faltima segunda-feira, 30, a ju\u00edza ressaltou que Josias Teixeira preso desde o \u00faltimo dia 19 de maio, estaria passando \u201cconstrangimento ilegal\u201d. O oficial estava preso e deveria j\u00e1 ter passado pelo exame de sanidade mental pedido desde o \u00fatimo dia 15 de julho, mas que at\u00e9 o momento n\u00e3o ocorreu e estaria agendado para 15 de outubro<\/p><div class=\"tdmfm69edb59f61004\" ><!--<a href=\"https:\/\/bit.ly\/3QdrqTZ\" target=\"_blank\">\n<img src=\"https:\/\/justicapotiguar.com.br\/wp-content\/uploads\/2023\/09\/mobile-geral.gif\"\/><a\/>--><\/div><style type=\"text\/css\">\r\n.tdmfm69edb59f61004 {\r\ntext-align: center;\r\n}\r\n@media screen and (min-width: 1201px) {\r\n.tdmfm69edb59f61004 {\r\ndisplay: none;\r\n}\r\n}\r\n@media screen and (min-width: 993px) and (max-width: 1200px) {\r\n.tdmfm69edb59f61004 {\r\ndisplay: none;\r\n}\r\n}\r\n@media screen and (min-width: 769px) and (max-width: 992px) {\r\n.tdmfm69edb59f61004 {\r\ndisplay: none;\r\n}\r\n}\r\n@media screen and (min-width: 768px) and (max-width: 768px) {\r\n.tdmfm69edb59f61004 {\r\ndisplay: block;\r\n}\r\n}\r\n@media screen and (max-width: 767px) {\r\n.tdmfm69edb59f61004 {\r\ndisplay: block;\r\n}\r\n}\r\n<\/style>\r\n<div class=\"cgrhj69edb59f60fe9\" ><!--<a href=\"https:\/\/bit.ly\/3QdrqTZ\" target=\"_blank\">\n<img src=\"https:\/\/justicapotiguar.com.br\/wp-content\/uploads\/2023\/09\/desktop-geral.gif\"\/><a\/>--><\/div><style type=\"text\/css\">\r\n.cgrhj69edb59f60fe9 {\r\ntext-align: center;\nmargin-bottom: 1em;\r\n}\r\n@media screen and (min-width: 1201px) {\r\n.cgrhj69edb59f60fe9 {\r\ndisplay: block;\r\n}\r\n}\r\n@media screen and (min-width: 993px) and (max-width: 1200px) {\r\n.cgrhj69edb59f60fe9 {\r\ndisplay: block;\r\n}\r\n}\r\n@media screen and (min-width: 769px) and (max-width: 992px) {\r\n.cgrhj69edb59f60fe9 {\r\ndisplay: block;\r\n}\r\n}\r\n@media screen and (min-width: 768px) and (max-width: 768px) {\r\n.cgrhj69edb59f60fe9 {\r\ndisplay: none;\r\n}\r\n}\r\n@media screen and (max-width: 767px) {\r\n.cgrhj69edb59f60fe9 {\r\ndisplay: none;\r\n}\r\n}\r\n<\/style>\r\n\n\n\n\n<p>\u201cAinda que a dila\u00e7\u00e3o do prazo para julgamento seja justificada, entendo que tal demora, n\u00e3o havendo ainda, data prevista para realiza\u00e7\u00e3o de audi\u00eancia de instru\u00e7\u00e3o e julgamento, resta configurado o constrangimento ilegal, pois, sem d\u00favida, h\u00e1 mora estatal na realiza\u00e7\u00e3o do exame para aferir a sua imputabilidade; bem como a indisponibilidade de pauta por parte deste Ju\u00edzo a fim de que seja designada data pr\u00f3xima para realiza\u00e7\u00e3o de instru\u00e7\u00e3o processual, tendo em vista o elevado n\u00famero de processos que envolvem r\u00e9us presos neste Ju\u00edzo, motivo pelo qual deve ser relaxada a sua pris\u00e3o cautelar, o que fa\u00e7o com fundamento no art. 5\u00ba, inciso LXV, da CF\/88\u201d, decretou a ju\u00edza em sua decis\u00e3o.<\/p>\n\n\n\n<p>Ingrid Raniele tamb\u00e9m afirmou que o acusado tem direito a julgamento em prazo razo\u00e1vel, como prerrogativa fundamental que decorre da garantia constitucional. \u201cDetermino a expedi\u00e7\u00e3o do competente alvar\u00e1 de soltura em seu favor, para que seja o mesmo posto em liberdade; se motivo outro n\u00e3o recomendar que continue preso\u201d, declarou. <\/p>\n","protected":false},"excerpt":{"rendered":"<p>O oficial havia sido preso em flagrante efoi comprovado que estava dirigindo sob efeito de \u00e1lcool.<br \/><a class=\"more-link\" href=\"https:\/\/justicapotiguar.com.br\/index.php\/2019\/10\/02\/caso-gislane-juiza-afirma-que-acusado-de-matar-professora-em-acidente-na-prudente-sofre-constrangimento-ilegal-e-determina-soltura\/\">Mais&#8230;<\/a><\/p>\n","protected":false},"author":5,"featured_media":2781,"comment_status":"open","ping_status":"open","sticky":false,"template":"","format":"standard","meta":[],"categories":[3],"tags":[697,696],"_links":{"self":[{"href":"https:\/\/justicapotiguar.com.br\/index.php\/wp-json\/wp\/v2\/posts\/2780"}],"collection":[{"href":"https:\/\/justicapotiguar.com.br\/index.php\/wp-json\/wp\/v2\/posts"}],"about":[{"href":"https:\/\/justicapotiguar.com.br\/index.php\/wp-json\/wp\/v2\/types\/post"}],"author":[{"embeddable":true,"href":"https:\/\/justicapotiguar.com.br\/index.php\/wp-json\/wp\/v2\/users\/5"}],"replies":[{"embeddable":true,"href":"https:\/\/justicapotiguar.com.br\/index.php\/wp-json\/wp\/v2\/comments?post=2780"}],"version-history":[{"count":1,"href":"https:\/\/justicapotiguar.com.br\/index.php\/wp-json\/wp\/v2\/posts\/2780\/revisions"}],"predecessor-version":[{"id":2782,"href":"https:\/\/justicapotiguar.com.br\/index.php\/wp-json\/wp\/v2\/posts\/2780\/revisions\/2782"}],"wp:featuredmedia":[{"embeddable":true,"href":"https:\/\/justicapotiguar.com.br\/index.php\/wp-json\/wp\/v2\/media\/2781"}],"wp:attachment":[{"href":"https:\/\/justicapotiguar.com.br\/index.php\/wp-json\/wp\/v2\/media?parent=2780"}],"wp:term":[{"taxonomy":"category","embeddable":true,"href":"https:\/\/justicapotiguar.com.br\/index.php\/wp-json\/wp\/v2\/categories?post=2780"},{"taxonomy":"post_tag","embeddable":true,"href":"https:\/\/justicapotiguar.com.br\/index.php\/wp-json\/wp\/v2\/tags?post=2780"}],"curies":[{"name":"wp","href":"https:\/\/api.w.org\/{rel}","templated":true}]}}