{"id":27771,"date":"2022-08-23T09:22:00","date_gmt":"2022-08-23T12:22:00","guid":{"rendered":"https:\/\/justicapotiguar.com.br\/?p=27771"},"modified":"2022-08-22T22:23:25","modified_gmt":"2022-08-23T01:23:25","slug":"eleicoes-terao-recorde-de-mesarios-voluntarios-diz-tse","status":"publish","type":"post","link":"https:\/\/justicapotiguar.com.br\/index.php\/2022\/08\/23\/eleicoes-terao-recorde-de-mesarios-voluntarios-diz-tse\/","title":{"rendered":"Elei\u00e7\u00f5es ter\u00e3o recorde de mes\u00e1rios volunt\u00e1rios, diz TSE"},"content":{"rendered":"\n<figure class=\"wp-block-image size-large\"><img loading=\"lazy\" width=\"1024\" height=\"615\" src=\"https:\/\/justicapotiguar.com.br\/wp-content\/uploads\/2020\/03\/xTitulo-de-Eleitor.jpg.pagespeed.ic_.aP6WXsNHVt-1024x615.jpg\" alt=\"\" class=\"wp-image-6813\" srcset=\"https:\/\/justicapotiguar.com.br\/wp-content\/uploads\/2020\/03\/xTitulo-de-Eleitor.jpg.pagespeed.ic_.aP6WXsNHVt-1024x615.jpg 1024w, https:\/\/justicapotiguar.com.br\/wp-content\/uploads\/2020\/03\/xTitulo-de-Eleitor.jpg.pagespeed.ic_.aP6WXsNHVt-300x180.jpg 300w, https:\/\/justicapotiguar.com.br\/wp-content\/uploads\/2020\/03\/xTitulo-de-Eleitor.jpg.pagespeed.ic_.aP6WXsNHVt-768x461.jpg 768w, https:\/\/justicapotiguar.com.br\/wp-content\/uploads\/2020\/03\/xTitulo-de-Eleitor.jpg.pagespeed.ic_.aP6WXsNHVt.jpg 1086w\" sizes=\"(max-width: 1024px) 100vw, 1024px\" \/><figcaption>Ilustrativa<\/figcaption><\/figure>\n\n\n\n<p>O Tribunal Superior Eleitoral (TSE) informou hoje (22) que as elei\u00e7\u00f5es de outubro ter\u00e3o cerca de 830 mil mes\u00e1rios volunt\u00e1rios. O n\u00famero \u00e9 93% maior em rela\u00e7\u00e3o ao pleito de 2018, quando 430 mil pessoas pediram para exercer a fun\u00e7\u00e3o.&nbsp;<\/p>\n\n\n\n<p>No total, 1,7 milh\u00e3o de mes\u00e1rios v\u00e3o trabalhar nas elei\u00e7\u00f5es. 52% do total foram convocados e 48% s\u00e3o volunt\u00e1rios.&nbsp;&nbsp;<\/p><div class=\"kvquz69f047a206e75\" ><!--<a href=\"https:\/\/bit.ly\/3QdrqTZ\" target=\"_blank\">\n<img src=\"https:\/\/justicapotiguar.com.br\/wp-content\/uploads\/2023\/09\/mobile-geral.gif\"\/><a\/>--><\/div><style type=\"text\/css\">\r\n.kvquz69f047a206e75 {\r\ntext-align: center;\r\n}\r\n@media screen and (min-width: 1201px) {\r\n.kvquz69f047a206e75 {\r\ndisplay: none;\r\n}\r\n}\r\n@media screen and (min-width: 993px) and (max-width: 1200px) {\r\n.kvquz69f047a206e75 {\r\ndisplay: none;\r\n}\r\n}\r\n@media screen and (min-width: 769px) and (max-width: 992px) {\r\n.kvquz69f047a206e75 {\r\ndisplay: none;\r\n}\r\n}\r\n@media screen and (min-width: 768px) and (max-width: 768px) {\r\n.kvquz69f047a206e75 {\r\ndisplay: block;\r\n}\r\n}\r\n@media screen and (max-width: 767px) {\r\n.kvquz69f047a206e75 {\r\ndisplay: block;\r\n}\r\n}\r\n<\/style>\r\n<div class=\"cnapz69f047a206e59\" ><!--<a href=\"https:\/\/bit.ly\/3QdrqTZ\" target=\"_blank\">\n<img src=\"https:\/\/justicapotiguar.com.br\/wp-content\/uploads\/2023\/09\/desktop-geral.gif\"\/><a\/>--><\/div><style type=\"text\/css\">\r\n.cnapz69f047a206e59 {\r\ntext-align: center;\nmargin-bottom: 1em;\r\n}\r\n@media screen and (min-width: 1201px) {\r\n.cnapz69f047a206e59 {\r\ndisplay: block;\r\n}\r\n}\r\n@media screen and (min-width: 993px) and (max-width: 1200px) {\r\n.cnapz69f047a206e59 {\r\ndisplay: block;\r\n}\r\n}\r\n@media screen and (min-width: 769px) and (max-width: 992px) {\r\n.cnapz69f047a206e59 {\r\ndisplay: block;\r\n}\r\n}\r\n@media screen and (min-width: 768px) and (max-width: 768px) {\r\n.cnapz69f047a206e59 {\r\ndisplay: none;\r\n}\r\n}\r\n@media screen and (max-width: 767px) {\r\n.cnapz69f047a206e59 {\r\ndisplay: none;\r\n}\r\n}\r\n<\/style>\r\n\n\n\n\n<p>Em rela\u00e7\u00e3o \u00e0s elei\u00e7\u00f5es municipais de 2020, o aumento no n\u00famero de mes\u00e1rios volunt\u00e1rios foi de 23%.<\/p>\n\n\n\n<p>Al\u00e9m de colaborar com a democracia, os mes\u00e1rios volunt\u00e1rios recebem diversos benef\u00edcios,&nbsp; como contagem dos dias trabalhados como horas complementares em cursos universit\u00e1rios, desempate em concursos p\u00fablicos, al\u00e9m de dois dias de folga no trabalho, se concluir o treinamento.<\/p>\n","protected":false},"excerpt":{"rendered":"<p>O Tribunal Superior Eleitoral (TSE) informou hoje (22) que as elei\u00e7\u00f5es de outubro ter\u00e3o cerca de 830 mil mes\u00e1rios volunt\u00e1rios. O n\u00famero \u00e9 93% maior em rela\u00e7\u00e3o ao pleito de 2018, quando 430 mil pessoas pediram para exercer a fun\u00e7\u00e3o.&nbsp; No total, 1,7 milh\u00e3o de mes\u00e1rios v\u00e3o trabalhar nas elei\u00e7\u00f5es. 52% do total foram convocados<br \/><a class=\"more-link\" href=\"https:\/\/justicapotiguar.com.br\/index.php\/2022\/08\/23\/eleicoes-terao-recorde-de-mesarios-voluntarios-diz-tse\/\">Mais&#8230;<\/a><\/p>\n","protected":false},"author":5,"featured_media":0,"comment_status":"open","ping_status":"open","sticky":false,"template":"","format":"standard","meta":[],"categories":[1],"tags":[],"_links":{"self":[{"href":"https:\/\/justicapotiguar.com.br\/index.php\/wp-json\/wp\/v2\/posts\/27771"}],"collection":[{"href":"https:\/\/justicapotiguar.com.br\/index.php\/wp-json\/wp\/v2\/posts"}],"about":[{"href":"https:\/\/justicapotiguar.com.br\/index.php\/wp-json\/wp\/v2\/types\/post"}],"author":[{"embeddable":true,"href":"https:\/\/justicapotiguar.com.br\/index.php\/wp-json\/wp\/v2\/users\/5"}],"replies":[{"embeddable":true,"href":"https:\/\/justicapotiguar.com.br\/index.php\/wp-json\/wp\/v2\/comments?post=27771"}],"version-history":[{"count":1,"href":"https:\/\/justicapotiguar.com.br\/index.php\/wp-json\/wp\/v2\/posts\/27771\/revisions"}],"predecessor-version":[{"id":27772,"href":"https:\/\/justicapotiguar.com.br\/index.php\/wp-json\/wp\/v2\/posts\/27771\/revisions\/27772"}],"wp:attachment":[{"href":"https:\/\/justicapotiguar.com.br\/index.php\/wp-json\/wp\/v2\/media?parent=27771"}],"wp:term":[{"taxonomy":"category","embeddable":true,"href":"https:\/\/justicapotiguar.com.br\/index.php\/wp-json\/wp\/v2\/categories?post=27771"},{"taxonomy":"post_tag","embeddable":true,"href":"https:\/\/justicapotiguar.com.br\/index.php\/wp-json\/wp\/v2\/tags?post=27771"}],"curies":[{"name":"wp","href":"https:\/\/api.w.org\/{rel}","templated":true}]}}