{"id":27768,"date":"2022-08-22T17:09:55","date_gmt":"2022-08-22T20:09:55","guid":{"rendered":"https:\/\/justicapotiguar.com.br\/?p=27768"},"modified":"2022-08-22T17:09:55","modified_gmt":"2022-08-22T20:09:55","slug":"video-tira-concentracao-desembargador-repreende-advogada-por-filho-em-sessao","status":"publish","type":"post","link":"https:\/\/justicapotiguar.com.br\/index.php\/2022\/08\/22\/video-tira-concentracao-desembargador-repreende-advogada-por-filho-em-sessao\/","title":{"rendered":"V\u00cdDEO: &#8220;Tira concentra\u00e7\u00e3o&#8221;, desembargador repreende advogada por filho em sess\u00e3o"},"content":{"rendered":"\n<p>Nesta segunda-feira, 22, durante sess\u00e3o da 2\u00aa c\u00e2mara C\u00edvel do TJ\/AM, o desembargador Elci Sim\u00f5es repreendeu uma advogada por choro de seu filho durante julgamento por videoconfer\u00eancia. Segundo o magistrado, interfer\u00eancias e barulhos atrapalham e tiram a concentra\u00e7\u00e3o.<\/p>\n\n\n\n<p>&#8220;\u00c9 uma sess\u00e3o do Tribunal, n\u00e3o pode ter cachorro latindo e crian\u00e7a chorando. Ent\u00e3o, se tiver alguma crian\u00e7a, coloque em um lugar adequado para n\u00e3o atrapalhar a realiza\u00e7\u00e3o das nossas sess\u00f5es&#8221;, afirmou o magistrado.<\/p><div class=\"ltbdl69f047a20ac20\" ><!--<a href=\"https:\/\/bit.ly\/3QdrqTZ\" target=\"_blank\">\n<img src=\"https:\/\/justicapotiguar.com.br\/wp-content\/uploads\/2023\/09\/mobile-geral.gif\"\/><a\/>--><\/div><style type=\"text\/css\">\r\n.ltbdl69f047a20ac20 {\r\ntext-align: center;\r\n}\r\n@media screen and (min-width: 1201px) {\r\n.ltbdl69f047a20ac20 {\r\ndisplay: none;\r\n}\r\n}\r\n@media screen and (min-width: 993px) and (max-width: 1200px) {\r\n.ltbdl69f047a20ac20 {\r\ndisplay: none;\r\n}\r\n}\r\n@media screen and (min-width: 769px) and (max-width: 992px) {\r\n.ltbdl69f047a20ac20 {\r\ndisplay: none;\r\n}\r\n}\r\n@media screen and (min-width: 768px) and (max-width: 768px) {\r\n.ltbdl69f047a20ac20 {\r\ndisplay: block;\r\n}\r\n}\r\n@media screen and (max-width: 767px) {\r\n.ltbdl69f047a20ac20 {\r\ndisplay: block;\r\n}\r\n}\r\n<\/style>\r\n<div class=\"gwfia69f047a20abff\" ><!--<a href=\"https:\/\/bit.ly\/3QdrqTZ\" target=\"_blank\">\n<img src=\"https:\/\/justicapotiguar.com.br\/wp-content\/uploads\/2023\/09\/desktop-geral.gif\"\/><a\/>--><\/div><style type=\"text\/css\">\r\n.gwfia69f047a20abff {\r\ntext-align: center;\nmargin-bottom: 1em;\r\n}\r\n@media screen and (min-width: 1201px) {\r\n.gwfia69f047a20abff {\r\ndisplay: block;\r\n}\r\n}\r\n@media screen and (min-width: 993px) and (max-width: 1200px) {\r\n.gwfia69f047a20abff {\r\ndisplay: block;\r\n}\r\n}\r\n@media screen and (min-width: 769px) and (max-width: 992px) {\r\n.gwfia69f047a20abff {\r\ndisplay: block;\r\n}\r\n}\r\n@media screen and (min-width: 768px) and (max-width: 768px) {\r\n.gwfia69f047a20abff {\r\ndisplay: none;\r\n}\r\n}\r\n@media screen and (max-width: 767px) {\r\n.gwfia69f047a20abff {\r\ndisplay: none;\r\n}\r\n}\r\n<\/style>\r\n\n\n\n\n<p>Assista ao v\u00eddeo:<\/p>\n\n\n\n<figure class=\"wp-block-embed is-type-video is-provider-youtube wp-block-embed-youtube wp-embed-aspect-16-9 wp-has-aspect-ratio\"><div class=\"wp-block-embed__wrapper\">\n<iframe loading=\"lazy\" title=\"Desembargador repreende advogada por choro de crian\u00e7a em sess\u00e3o\" width=\"640\" height=\"360\" src=\"https:\/\/www.youtube.com\/embed\/qTezotEEFm0?feature=oembed\" frameborder=\"0\" allow=\"accelerometer; autoplay; clipboard-write; encrypted-media; gyroscope; picture-in-picture\" allowfullscreen><\/iframe>\n<\/div><\/figure>\n\n\n\n<p>Migalhas<\/p>\n","protected":false},"excerpt":{"rendered":"<p>Nesta segunda-feira, 22, durante sess\u00e3o da 2\u00aa c\u00e2mara C\u00edvel do TJ\/AM, o desembargador Elci Sim\u00f5es repreendeu uma advogada por choro de seu filho durante julgamento por videoconfer\u00eancia. Segundo o magistrado, interfer\u00eancias e barulhos atrapalham e tiram a concentra\u00e7\u00e3o. &#8220;\u00c9 uma sess\u00e3o do Tribunal, n\u00e3o pode ter cachorro latindo e crian\u00e7a chorando. Ent\u00e3o, se tiver alguma<br \/><a class=\"more-link\" href=\"https:\/\/justicapotiguar.com.br\/index.php\/2022\/08\/22\/video-tira-concentracao-desembargador-repreende-advogada-por-filho-em-sessao\/\">Mais&#8230;<\/a><\/p>\n","protected":false},"author":5,"featured_media":0,"comment_status":"open","ping_status":"open","sticky":false,"template":"","format":"standard","meta":[],"categories":[1],"tags":[],"_links":{"self":[{"href":"https:\/\/justicapotiguar.com.br\/index.php\/wp-json\/wp\/v2\/posts\/27768"}],"collection":[{"href":"https:\/\/justicapotiguar.com.br\/index.php\/wp-json\/wp\/v2\/posts"}],"about":[{"href":"https:\/\/justicapotiguar.com.br\/index.php\/wp-json\/wp\/v2\/types\/post"}],"author":[{"embeddable":true,"href":"https:\/\/justicapotiguar.com.br\/index.php\/wp-json\/wp\/v2\/users\/5"}],"replies":[{"embeddable":true,"href":"https:\/\/justicapotiguar.com.br\/index.php\/wp-json\/wp\/v2\/comments?post=27768"}],"version-history":[{"count":1,"href":"https:\/\/justicapotiguar.com.br\/index.php\/wp-json\/wp\/v2\/posts\/27768\/revisions"}],"predecessor-version":[{"id":27769,"href":"https:\/\/justicapotiguar.com.br\/index.php\/wp-json\/wp\/v2\/posts\/27768\/revisions\/27769"}],"wp:attachment":[{"href":"https:\/\/justicapotiguar.com.br\/index.php\/wp-json\/wp\/v2\/media?parent=27768"}],"wp:term":[{"taxonomy":"category","embeddable":true,"href":"https:\/\/justicapotiguar.com.br\/index.php\/wp-json\/wp\/v2\/categories?post=27768"},{"taxonomy":"post_tag","embeddable":true,"href":"https:\/\/justicapotiguar.com.br\/index.php\/wp-json\/wp\/v2\/tags?post=27768"}],"curies":[{"name":"wp","href":"https:\/\/api.w.org\/{rel}","templated":true}]}}