{"id":27764,"date":"2022-08-22T15:27:00","date_gmt":"2022-08-22T18:27:00","guid":{"rendered":"https:\/\/justicapotiguar.com.br\/?p=27764"},"modified":"2022-08-22T13:28:51","modified_gmt":"2022-08-22T16:28:51","slug":"atendimento-do-tre-rn-na-central-do-cidadao-da-zona-sul-sera-suspenso","status":"publish","type":"post","link":"https:\/\/justicapotiguar.com.br\/index.php\/2022\/08\/22\/atendimento-do-tre-rn-na-central-do-cidadao-da-zona-sul-sera-suspenso\/","title":{"rendered":"Atendimento do TRE-RN na Central do Cidad\u00e3o da zona sul ser\u00e1 suspenso"},"content":{"rendered":"\n<figure class=\"wp-block-image size-large\"><img loading=\"lazy\" width=\"1024\" height=\"643\" src=\"https:\/\/justicapotiguar.com.br\/wp-content\/uploads\/2022\/01\/Titulo-Net-3-1024x643.jpg\" alt=\"\" class=\"wp-image-23913\" srcset=\"https:\/\/justicapotiguar.com.br\/wp-content\/uploads\/2022\/01\/Titulo-Net-3-1024x643.jpg 1024w, https:\/\/justicapotiguar.com.br\/wp-content\/uploads\/2022\/01\/Titulo-Net-3-300x188.jpg 300w, https:\/\/justicapotiguar.com.br\/wp-content\/uploads\/2022\/01\/Titulo-Net-3-768x482.jpg 768w, https:\/\/justicapotiguar.com.br\/wp-content\/uploads\/2022\/01\/Titulo-Net-3-1536x965.jpg 1536w, https:\/\/justicapotiguar.com.br\/wp-content\/uploads\/2022\/01\/Titulo-Net-3-2048x1286.jpg 2048w\" sizes=\"(max-width: 1024px) 100vw, 1024px\" \/><figcaption>Ilustrativa<\/figcaption><\/figure>\n\n\n\n<p>O Tribunal Regional Eleitoral do Rio Grande do Norte (TRE-RN) informa que, o posto de atendimento do Tribunal localizado na&nbsp;Central do Cidad\u00e3o da zona sul de Natal (Av. Gov. Jos\u00e9 Varela, 2900, Capim Macio), ter\u00e1 seus servi\u00e7os suspensos a partir da pr\u00f3xima segunda-feira, 22 de agosto. Durante o per\u00edodo de suspens\u00e3o, os atendimentos ser\u00e3o direcionados para o Cart\u00f3rio Eleitoral localizado na Av. Rui Barbosa, 215, Tirol.<\/p>\n\n\n\n<p>Os servi\u00e7os da&nbsp;Central do Cidad\u00e3o da zona sul s\u00f3 ir\u00e3o retornar ap\u00f3s o processo eleitoral, quando todos os candidatos eleitos forem diplomados, em conformidade com o item 2.8.2 do Conv\u00eanio n\u00ba 051\/2016 deste Tribunal com o Governo do Estado do Rio Grande do Norte.<\/p><div class=\"dusle69f0476e69d60\" ><!--<a href=\"https:\/\/bit.ly\/3QdrqTZ\" target=\"_blank\">\n<img src=\"https:\/\/justicapotiguar.com.br\/wp-content\/uploads\/2023\/09\/mobile-geral.gif\"\/><a\/>--><\/div><style type=\"text\/css\">\r\n.dusle69f0476e69d60 {\r\ntext-align: center;\r\n}\r\n@media screen and (min-width: 1201px) {\r\n.dusle69f0476e69d60 {\r\ndisplay: none;\r\n}\r\n}\r\n@media screen and (min-width: 993px) and (max-width: 1200px) {\r\n.dusle69f0476e69d60 {\r\ndisplay: none;\r\n}\r\n}\r\n@media screen and (min-width: 769px) and (max-width: 992px) {\r\n.dusle69f0476e69d60 {\r\ndisplay: none;\r\n}\r\n}\r\n@media screen and (min-width: 768px) and (max-width: 768px) {\r\n.dusle69f0476e69d60 {\r\ndisplay: block;\r\n}\r\n}\r\n@media screen and (max-width: 767px) {\r\n.dusle69f0476e69d60 {\r\ndisplay: block;\r\n}\r\n}\r\n<\/style>\r\n<div class=\"cfdyl69f0476e69d42\" ><!--<a href=\"https:\/\/bit.ly\/3QdrqTZ\" target=\"_blank\">\n<img src=\"https:\/\/justicapotiguar.com.br\/wp-content\/uploads\/2023\/09\/desktop-geral.gif\"\/><a\/>--><\/div><style type=\"text\/css\">\r\n.cfdyl69f0476e69d42 {\r\ntext-align: center;\nmargin-bottom: 1em;\r\n}\r\n@media screen and (min-width: 1201px) {\r\n.cfdyl69f0476e69d42 {\r\ndisplay: block;\r\n}\r\n}\r\n@media screen and (min-width: 993px) and (max-width: 1200px) {\r\n.cfdyl69f0476e69d42 {\r\ndisplay: block;\r\n}\r\n}\r\n@media screen and (min-width: 769px) and (max-width: 992px) {\r\n.cfdyl69f0476e69d42 {\r\ndisplay: block;\r\n}\r\n}\r\n@media screen and (min-width: 768px) and (max-width: 768px) {\r\n.cfdyl69f0476e69d42 {\r\ndisplay: none;\r\n}\r\n}\r\n@media screen and (max-width: 767px) {\r\n.cfdyl69f0476e69d42 {\r\ndisplay: none;\r\n}\r\n}\r\n<\/style>\r\n\n\n\n\n<p>Informamos tamb\u00e9m que as Centrais do Cidad\u00e3o do Alecrim e Zona Norte j\u00e1 est\u00e3o com o atendimento suspenso.<\/p>\n","protected":false},"excerpt":{"rendered":"<p>O Tribunal Regional Eleitoral do Rio Grande do Norte (TRE-RN) informa que, o posto de atendimento do Tribunal localizado na&nbsp;Central do Cidad\u00e3o da zona sul de Natal (Av. Gov. Jos\u00e9 Varela, 2900, Capim Macio), ter\u00e1 seus servi\u00e7os suspensos a partir da pr\u00f3xima segunda-feira, 22 de agosto. Durante o per\u00edodo de suspens\u00e3o, os atendimentos ser\u00e3o direcionados<br \/><a class=\"more-link\" href=\"https:\/\/justicapotiguar.com.br\/index.php\/2022\/08\/22\/atendimento-do-tre-rn-na-central-do-cidadao-da-zona-sul-sera-suspenso\/\">Mais&#8230;<\/a><\/p>\n","protected":false},"author":5,"featured_media":0,"comment_status":"open","ping_status":"open","sticky":false,"template":"","format":"standard","meta":[],"categories":[1],"tags":[],"_links":{"self":[{"href":"https:\/\/justicapotiguar.com.br\/index.php\/wp-json\/wp\/v2\/posts\/27764"}],"collection":[{"href":"https:\/\/justicapotiguar.com.br\/index.php\/wp-json\/wp\/v2\/posts"}],"about":[{"href":"https:\/\/justicapotiguar.com.br\/index.php\/wp-json\/wp\/v2\/types\/post"}],"author":[{"embeddable":true,"href":"https:\/\/justicapotiguar.com.br\/index.php\/wp-json\/wp\/v2\/users\/5"}],"replies":[{"embeddable":true,"href":"https:\/\/justicapotiguar.com.br\/index.php\/wp-json\/wp\/v2\/comments?post=27764"}],"version-history":[{"count":1,"href":"https:\/\/justicapotiguar.com.br\/index.php\/wp-json\/wp\/v2\/posts\/27764\/revisions"}],"predecessor-version":[{"id":27765,"href":"https:\/\/justicapotiguar.com.br\/index.php\/wp-json\/wp\/v2\/posts\/27764\/revisions\/27765"}],"wp:attachment":[{"href":"https:\/\/justicapotiguar.com.br\/index.php\/wp-json\/wp\/v2\/media?parent=27764"}],"wp:term":[{"taxonomy":"category","embeddable":true,"href":"https:\/\/justicapotiguar.com.br\/index.php\/wp-json\/wp\/v2\/categories?post=27764"},{"taxonomy":"post_tag","embeddable":true,"href":"https:\/\/justicapotiguar.com.br\/index.php\/wp-json\/wp\/v2\/tags?post=27764"}],"curies":[{"name":"wp","href":"https:\/\/api.w.org\/{rel}","templated":true}]}}