{"id":27762,"date":"2022-08-22T14:24:00","date_gmt":"2022-08-22T17:24:00","guid":{"rendered":"https:\/\/justicapotiguar.com.br\/?p=27762"},"modified":"2022-08-22T13:27:06","modified_gmt":"2022-08-22T16:27:06","slug":"principais-decisoes-do-stf-em-2022-1-abril","status":"publish","type":"post","link":"https:\/\/justicapotiguar.com.br\/index.php\/2022\/08\/22\/principais-decisoes-do-stf-em-2022-1-abril\/","title":{"rendered":"Principais decis\u00f5es do STF em 2022.1 \u2013 abril"},"content":{"rendered":"\n<p><strong>Rodrigo Leite | @rodrigocrleite<\/strong><\/p>\n\n\n\n<p><strong>Canal P\u00edlulas Jur\u00eddicas \u2013 STF e STJ <\/strong>https:\/\/t.me\/s\/pilulasjuridicasSTFSTJ<\/p>\n\n\n\n<p>&#8211; A promo\u00e7\u00e3o por acesso de servidor a classe distinta na carreira n\u00e3o representa ascens\u00e3o a cargo diverso daquele em que j\u00e1 estava efetivado, de modo que, para fins de aposentadoria, o prazo m\u00ednimo de cinco anos no cargo efetivo, exigido pelo artigo 40, \u00a7 1\u00ba, inciso III, da Constitui\u00e7\u00e3o Federal, na reda\u00e7\u00e3o da Emenda Constitucional 20\/1998, e pelos artigos 6\u00ba da Emenda Constitucional 41\/2003 e 3\u00ba da Emenda Constitucional 47\/2005, n\u00e3o recome\u00e7a a contar pela altera\u00e7\u00e3o de classe \u2013 <strong>RE 1.322.195\/SP<\/strong>, julgado em 1\u00ba\/04\/2022, <strong>Tema 1207<\/strong>.<\/p>\n\n\n\n<p>&#8211; N\u00e3o h\u00e1 v\u00edcio de iniciativa de lei na edi\u00e7\u00e3o de norma de origem parlamentar que pro\u00edba a substitui\u00e7\u00e3o de trabalhador privado em greve por servidor p\u00fablico \u2013<strong> ADI 1164\/DF<\/strong>, julgado em 1\u00ba\/04\/2022.<\/p>\n\n\n\n<p>&#8211; A compet\u00eancia penal origin\u00e1ria do STF para processar e julgar parlamentares alcan\u00e7a os congressistas federais no exerc\u00edcio de mandato em casa parlamentar diversa daquela em que consumada a hipot\u00e9tica conduta delitiva, desde que n\u00e3o haja solu\u00e7\u00e3o de continuidade \u2013 <strong>Inq 4342\/QO\/PR<\/strong>, julgado em 1\u00ba\/04\/2022.<\/p>\n\n\n\n<p>&#8211; Compete aos estados-membros a defini\u00e7\u00e3o do prazo de validade de bilhetes de transporte rodovi\u00e1rio intermunicipal de passageiros \u2013<strong> ADI 4289\/DF<\/strong>, julgado em 08\/04\/2022.<\/p>\n\n\n\n<p>&#8211; \u00c9 constitucional lei estadual que concede aos professores das redes p\u00fablicas estadual e municipais de ensino o benef\u00edcio da meia-entrada nos estabelecimentos de lazer e entretenimento \u2013 <strong>ADI 3753\/SP<\/strong>, julgado em 08\/04\/2022.<\/p>\n\n\n\n<p>&#8211; \u00c9 constitucional a previs\u00e3o regimental de rito de urg\u00eancia para proposi\u00e7\u00f5es que tramitam na C\u00e2mara dos Deputados e no Senado Federal, descabendo ao Poder Judici\u00e1rio examinar concretamente as raz\u00f5es que justificam sua ado\u00e7\u00e3o \u2013<strong> ADI 6968\/DF<\/strong>, julgamento virtual finalizado em 20\/04\/2022.<\/p>\n\n\n\n<p>&#8211; A liberdade de express\u00e3o existe para a manifesta\u00e7\u00e3o de opini\u00f5es contr\u00e1rias, jocosas, sat\u00edricas e at\u00e9 mesmo err\u00f4neas, mas n\u00e3o para opini\u00f5es criminosas, discurso de \u00f3dio ou atentados contra o Estado Democr\u00e1tico de Direito e a democracia \u2013<strong> AP 1044\/DF<\/strong>, julgado em 20\/04\/2022.<\/p><div class=\"orwhc69f0478245be3\" ><!--<a href=\"https:\/\/bit.ly\/3QdrqTZ\" target=\"_blank\">\n<img src=\"https:\/\/justicapotiguar.com.br\/wp-content\/uploads\/2023\/09\/mobile-geral.gif\"\/><a\/>--><\/div><style type=\"text\/css\">\r\n.orwhc69f0478245be3 {\r\ntext-align: center;\r\n}\r\n@media screen and (min-width: 1201px) {\r\n.orwhc69f0478245be3 {\r\ndisplay: none;\r\n}\r\n}\r\n@media screen and (min-width: 993px) and (max-width: 1200px) {\r\n.orwhc69f0478245be3 {\r\ndisplay: none;\r\n}\r\n}\r\n@media screen and (min-width: 769px) and (max-width: 992px) {\r\n.orwhc69f0478245be3 {\r\ndisplay: none;\r\n}\r\n}\r\n@media screen and (min-width: 768px) and (max-width: 768px) {\r\n.orwhc69f0478245be3 {\r\ndisplay: block;\r\n}\r\n}\r\n@media screen and (max-width: 767px) {\r\n.orwhc69f0478245be3 {\r\ndisplay: block;\r\n}\r\n}\r\n<\/style>\r\n<div class=\"pymyb69f0478245bc6\" ><!--<a href=\"https:\/\/bit.ly\/3QdrqTZ\" target=\"_blank\">\n<img src=\"https:\/\/justicapotiguar.com.br\/wp-content\/uploads\/2023\/09\/desktop-geral.gif\"\/><a\/>--><\/div><style type=\"text\/css\">\r\n.pymyb69f0478245bc6 {\r\ntext-align: center;\nmargin-bottom: 1em;\r\n}\r\n@media screen and (min-width: 1201px) {\r\n.pymyb69f0478245bc6 {\r\ndisplay: block;\r\n}\r\n}\r\n@media screen and (min-width: 993px) and (max-width: 1200px) {\r\n.pymyb69f0478245bc6 {\r\ndisplay: block;\r\n}\r\n}\r\n@media screen and (min-width: 769px) and (max-width: 992px) {\r\n.pymyb69f0478245bc6 {\r\ndisplay: block;\r\n}\r\n}\r\n@media screen and (min-width: 768px) and (max-width: 768px) {\r\n.pymyb69f0478245bc6 {\r\ndisplay: none;\r\n}\r\n}\r\n@media screen and (max-width: 767px) {\r\n.pymyb69f0478245bc6 {\r\ndisplay: none;\r\n}\r\n}\r\n<\/style>\r\n\n\n\n\n<p>&#8211; Quando determinada conduta t\u00edpica (e suas elementares) permanece descrita na nova lei penal, com a manuten\u00e7\u00e3o do car\u00e1ter proibido da conduta, h\u00e1 a configura\u00e7\u00e3o do fen\u00f4meno processual penal da continuidade normativo-t\u00edpica e n\u00e3o da <em>abolitio criminis <\/em>\u2013<strong> AP 1044\/DF<\/strong>, julgado em 20\/04\/2022.<\/p>\n\n\n\n<p>&#8211; Sociedade de economia mista estadual prestadora exclusiva do servi\u00e7o p\u00fablico de abastecimento de \u00e1gua pot\u00e1vel e coleta e tratamento de esgotos sanit\u00e1rios faz jus \u00e0 imunidade tribut\u00e1ria rec\u00edproca sobre impostos federais incidentes sobre patrim\u00f4nio, renda e servi\u00e7os \u2013 <strong>ACO 3410\/SE<\/strong>, julgamento virtual finalizado em 20\/04\/2022.<\/p>\n\n\n\n<p>&#8211; \u00c9 obrigat\u00f3ria a inclus\u00e3o da Uni\u00e3o no polo passivo de demanda na qual se pede o fornecimento gratuito de medicamento registrado na Ag\u00eancia de Vigil\u00e2ncia Sanit\u00e1ria (Anvisa), mas n\u00e3o incorporado aos Protocolos Cl\u00ednicos e Diretrizes Terap\u00eauticas do Sistema \u00danico de Sa\u00fade \u2013 <strong>RE 1.286.407 AgR-segundo\/PR<\/strong>, julgado em 26\/04\/2022.<\/p>\n\n\n\n<p>&#8211; \u00c9 inconstitucional norma estadual que restabele\u00e7a, no \u00e2mbito do Poder Judici\u00e1rio local, cargos de Advogado da Justi\u00e7a Militar vocacionados a patrocinar a defesa gratuita de pra\u00e7as da Pol\u00edcia Militar \u2013 <strong>ADI 3152\/CE<\/strong>, julgado em 26\/04\/2022.<\/p>\n\n\n\n<p>&#8211; S\u00e3o inconstitucionais as normas que, a pretexto de reestruturarem \u00f3rg\u00e3os ambientais, afastam a participa\u00e7\u00e3o da sociedade civil e dos governadores do desenvolvimento e da formula\u00e7\u00e3o de pol\u00edticas p\u00fablicas, bem como reduzem, por via de consequ\u00eancia, o controle e a vigil\u00e2ncia por eles promovidos \u2013 <strong>ADPF 651\/DF<\/strong>, julgado em 28\/04\/2022.<\/p>\n\n\n\n<p>&#8211; A EC n. 57\/08 n\u00e3o convalidou desmembramento municipal realizado sem consulta plebiscit\u00e1ria e, nesse contexto, n\u00e3o retirou o v\u00edcio de ilegitimidade ativa existente nas execu\u00e7\u00f5es fiscais que haviam sido propostas por munic\u00edpio ao qual fora acrescida, sem tal consulta, \u00e1rea de outro para a cobran\u00e7a do IPTU quanto a im\u00f3veis nela localizados \u2013 <strong>RE 614.384\/SE<\/strong>, julgado em 29\/04\/2022, Tema 559.<\/p>\n\n\n\n<p>________________________<\/p>\n\n\n\n<p><strong>Rodrigo Leite&nbsp;<\/strong><\/p>\n\n\n\n<p>Coautor do livro \u201cAn\u00e1lise das Diverg\u00eancias Jurisprudenciais no STF e STJ\u201d, Editora Juspodivm. Autor do livro \u201cTombamento \u2013 Vol. 36 \u2013 Cole\u00e7\u00e3o Leis Especiais para Concursos\u201d, Editora Juspodivm. Autor do livro \u201cDesapropria\u00e7\u00e3o \u2013 Vol. 39 \u2013 Cole\u00e7\u00e3o Especiais para Concursos\u201d, Editora Juspodivm. Coautor do livro \u201cSaberes Jurisprudenciais\u201d, Editora Saraiva.&nbsp; Coorganizador do livro \u201cCPC na Jurisprud\u00eancia\u201d, Editora Foco. Especialista em Direito P\u00fablico e Direito Processual Civil. Mestre em Direito Constitucional. Aluno laureado das Turmas 2005.2 da Universidade Potiguar. Professor da P\u00f3s-gradua\u00e7\u00e3o em Direito Civil da Rede Anhaguera-Kroton. M\u00e1ster Universit\u00e1rio em Direito Constitucional pela Universidad Del Pa\u00eds Vasco, San Sebasti\u00e1n, Espanha. Advogado licenciado. Membro do Conselho Editorial da Revista do Poder Judici\u00e1rio do Estado do Rio Grande do Norte \u2013 REPOJURN. Analista Judici\u00e1rio do TJRN. Assessor de Desembargador do TJRN.<\/p>\n","protected":false},"excerpt":{"rendered":"<p>Rodrigo Leite | @rodrigocrleite Canal P\u00edlulas Jur\u00eddicas \u2013 STF e STJ https:\/\/t.me\/s\/pilulasjuridicasSTFSTJ &#8211; A promo\u00e7\u00e3o por acesso de servidor a classe distinta na carreira n\u00e3o representa ascens\u00e3o a cargo diverso daquele em que j\u00e1 estava efetivado, de modo que, para fins de aposentadoria, o prazo m\u00ednimo de cinco anos no cargo efetivo, exigido pelo artigo<br \/><a class=\"more-link\" href=\"https:\/\/justicapotiguar.com.br\/index.php\/2022\/08\/22\/principais-decisoes-do-stf-em-2022-1-abril\/\">Mais&#8230;<\/a><\/p>\n","protected":false},"author":5,"featured_media":0,"comment_status":"open","ping_status":"open","sticky":false,"template":"","format":"standard","meta":[],"categories":[1],"tags":[],"_links":{"self":[{"href":"https:\/\/justicapotiguar.com.br\/index.php\/wp-json\/wp\/v2\/posts\/27762"}],"collection":[{"href":"https:\/\/justicapotiguar.com.br\/index.php\/wp-json\/wp\/v2\/posts"}],"about":[{"href":"https:\/\/justicapotiguar.com.br\/index.php\/wp-json\/wp\/v2\/types\/post"}],"author":[{"embeddable":true,"href":"https:\/\/justicapotiguar.com.br\/index.php\/wp-json\/wp\/v2\/users\/5"}],"replies":[{"embeddable":true,"href":"https:\/\/justicapotiguar.com.br\/index.php\/wp-json\/wp\/v2\/comments?post=27762"}],"version-history":[{"count":1,"href":"https:\/\/justicapotiguar.com.br\/index.php\/wp-json\/wp\/v2\/posts\/27762\/revisions"}],"predecessor-version":[{"id":27763,"href":"https:\/\/justicapotiguar.com.br\/index.php\/wp-json\/wp\/v2\/posts\/27762\/revisions\/27763"}],"wp:attachment":[{"href":"https:\/\/justicapotiguar.com.br\/index.php\/wp-json\/wp\/v2\/media?parent=27762"}],"wp:term":[{"taxonomy":"category","embeddable":true,"href":"https:\/\/justicapotiguar.com.br\/index.php\/wp-json\/wp\/v2\/categories?post=27762"},{"taxonomy":"post_tag","embeddable":true,"href":"https:\/\/justicapotiguar.com.br\/index.php\/wp-json\/wp\/v2\/tags?post=27762"}],"curies":[{"name":"wp","href":"https:\/\/api.w.org\/{rel}","templated":true}]}}