{"id":2776,"date":"2019-10-02T14:32:58","date_gmt":"2019-10-02T17:32:58","guid":{"rendered":"https:\/\/justicapotiguar.com.br\/?p=2776"},"modified":"2019-10-02T11:58:15","modified_gmt":"2019-10-02T14:58:15","slug":"pleno-do-tj-aprova-voto-de-congratulacoes-a-juiza-keity-saboya-que-atuara-na-corregedoria-do-cnj","status":"publish","type":"post","link":"https:\/\/justicapotiguar.com.br\/index.php\/2019\/10\/02\/pleno-do-tj-aprova-voto-de-congratulacoes-a-juiza-keity-saboya-que-atuara-na-corregedoria-do-cnj\/","title":{"rendered":"Pleno do TJ aprova voto de congratula\u00e7\u00f5es \u00e0 ju\u00edza Keity Saboya que atuar\u00e1 na Corregedoria do CNJ"},"content":{"rendered":"\n<figure class=\"wp-block-image\"><img loading=\"lazy\" width=\"1024\" height=\"768\" src=\"https:\/\/justicapotiguar.com.br\/wp-content\/uploads\/2019\/10\/MEMBRO-DA-CPORTE-KEITY-SABOYA-1024x768.jpg\" alt=\"\" class=\"wp-image-2777\" srcset=\"https:\/\/justicapotiguar.com.br\/wp-content\/uploads\/2019\/10\/MEMBRO-DA-CPORTE-KEITY-SABOYA-1024x768.jpg 1024w, https:\/\/justicapotiguar.com.br\/wp-content\/uploads\/2019\/10\/MEMBRO-DA-CPORTE-KEITY-SABOYA-300x225.jpg 300w, https:\/\/justicapotiguar.com.br\/wp-content\/uploads\/2019\/10\/MEMBRO-DA-CPORTE-KEITY-SABOYA-768x576.jpg 768w, https:\/\/justicapotiguar.com.br\/wp-content\/uploads\/2019\/10\/MEMBRO-DA-CPORTE-KEITY-SABOYA.jpg 1280w\" sizes=\"(max-width: 1024px) 100vw, 1024px\" \/><figcaption>Foto: Divulga\u00e7\u00e3o<\/figcaption><\/figure>\n\n\n\n<p>Por proposi\u00e7\u00e3o do presidente da sess\u00e3o do Pleno do Tribunal de Justi\u00e7a, desta quarta-feira (02), desembargador Virg\u00edlio Mac\u00eado Jr., vice-presidente do TJ potiguar, foi aprovado voto de congratula\u00e7\u00f5es \u00e0 ju\u00edza Keity Ferreira e Saboya, indicada pelo corregedor nacional de Justi\u00e7a, ministro Emmanoel Pereira, para atuar como ju\u00edza auxiliar daquele \u00f3rg\u00e3o do CNJ.<\/p>\n\n\n\n<p>Virg\u00edlio ressaltou a qualidade profissional da magistrada, sua compet\u00eancia e capacidade de realiza\u00e7\u00e3o. Ele foi acompanhando pelos demais desembargadores em seu voto. O desembargador Amaury Moura frisou os relevantes servi\u00e7os prestados pela ju\u00edza. \u201cVai representar muito bem o Poder Judici\u00e1rio do Rio Grande do Norte\u201d, pontuou.<\/p>\n\n\n\n<p>A desembargadora Judite Nunes disse estar ciente da capacidade da profissional da Justi\u00e7a potiguar o que deixa toda magistratura e Judici\u00e1rio com muita honra.<\/p>\n\n\n\n<p>Os desembargadores Cl\u00e1udio Santos e Saraiva Sobrinho tamb\u00e9m se pronunciaram sobre a escolha do corregedor nacional de Justi\u00e7a. O primeiro salientou que a nomea\u00e7\u00e3o de Keity Saboya enaltece toda a magistratura potiguar. O colega lembrou que a ju\u00edza demonstra aptid\u00e3o para esta nova miss\u00e3o.<\/p>\n\n\n\n<p>\u201cEstamos felizes porque temos a nossa magistratura l\u00e1 (no CNJ)\u201d, destacou a desembargadora Zeneide Bezerra. Para o desembargador Am\u00edlcar Maia, a presen\u00e7a da ju\u00edza Keity Saboya em \u00e1rea t\u00e3o importante de atua\u00e7\u00e3o no Conselho \u00e9 motivo de alegria para a Corte de Justi\u00e7a do RN. Os colegas Ibanez Monteiro, Gilson Barbosa, Corn\u00e9lio Alves, Vivaldo Pinheiro externaram satisfa\u00e7\u00e3o com a nova ju\u00edza auxiliar da Corregedoria Nacional de Justi\u00e7a. \u201cMe sinto representado pela magistrada Keity Saboya\u201d, resumiu o desembargador Glauber R\u00eago.<\/p><div class=\"ekbqd69ede5e5e3c0e\" ><!--<a href=\"https:\/\/bit.ly\/3QdrqTZ\" target=\"_blank\">\n<img src=\"https:\/\/justicapotiguar.com.br\/wp-content\/uploads\/2023\/09\/mobile-geral.gif\"\/><a\/>--><\/div><style type=\"text\/css\">\r\n.ekbqd69ede5e5e3c0e {\r\ntext-align: center;\r\n}\r\n@media screen and (min-width: 1201px) {\r\n.ekbqd69ede5e5e3c0e {\r\ndisplay: none;\r\n}\r\n}\r\n@media screen and (min-width: 993px) and (max-width: 1200px) {\r\n.ekbqd69ede5e5e3c0e {\r\ndisplay: none;\r\n}\r\n}\r\n@media screen and (min-width: 769px) and (max-width: 992px) {\r\n.ekbqd69ede5e5e3c0e {\r\ndisplay: none;\r\n}\r\n}\r\n@media screen and (min-width: 768px) and (max-width: 768px) {\r\n.ekbqd69ede5e5e3c0e {\r\ndisplay: block;\r\n}\r\n}\r\n@media screen and (max-width: 767px) {\r\n.ekbqd69ede5e5e3c0e {\r\ndisplay: block;\r\n}\r\n}\r\n<\/style>\r\n<div class=\"getbh69ede5e5e3bfa\" ><!--<a href=\"https:\/\/bit.ly\/3QdrqTZ\" target=\"_blank\">\n<img src=\"https:\/\/justicapotiguar.com.br\/wp-content\/uploads\/2023\/09\/desktop-geral.gif\"\/><a\/>--><\/div><style type=\"text\/css\">\r\n.getbh69ede5e5e3bfa {\r\ntext-align: center;\nmargin-bottom: 1em;\r\n}\r\n@media screen and (min-width: 1201px) {\r\n.getbh69ede5e5e3bfa {\r\ndisplay: block;\r\n}\r\n}\r\n@media screen and (min-width: 993px) and (max-width: 1200px) {\r\n.getbh69ede5e5e3bfa {\r\ndisplay: block;\r\n}\r\n}\r\n@media screen and (min-width: 769px) and (max-width: 992px) {\r\n.getbh69ede5e5e3bfa {\r\ndisplay: block;\r\n}\r\n}\r\n@media screen and (min-width: 768px) and (max-width: 768px) {\r\n.getbh69ede5e5e3bfa {\r\ndisplay: none;\r\n}\r\n}\r\n@media screen and (max-width: 767px) {\r\n.getbh69ede5e5e3bfa {\r\ndisplay: none;\r\n}\r\n}\r\n<\/style>\r\n\n\n\n\n<p><strong>Outros votos<\/strong><\/p>\n\n\n\n<p>O Pleno aprovou voto de pesar pelo falecimento do auditor aposentado do Tribunal de Contas do Estado e artista pl\u00e1stico, A\u00e9cio Emerenciano, ocorrido na segunda-feira (30). A\u00e9cio nascido em Cear\u00e1-Mirim dedicou mais de meio s\u00e9culo \u00e0 produ\u00e7\u00e3o art\u00edstica, que conciliou com as atividades profissionais no ramo direito, no qual atuou como promotor e procurador de Justi\u00e7a. A proposi\u00e7\u00e3o foi do desembargador Cl\u00e1udio Santos.<\/p>\n\n\n\n<p>A Educa\u00e7\u00e3o tamb\u00e9m entrou na pauta. A desembargadora Zeneide Bezerra apresentou voto de congratula\u00e7\u00f5es \u00e0 professora Patr\u00edcia Barreto, do Instituto Federal de Nova Cruz, que recebeu o pr\u00eamio Educador Nota Dez, entre quase 5 mil trabalhos inscritos, recentemente em S\u00e3o Paulo. Para a magistrada \u00e9 sempre importante valorizar esta \u00e1rea e seus profissionais, que fazem a diferen\u00e7a na sociedade. Ela venceu a categoria \u201cVoto Popular\u201d do mais prestigiado pr\u00eamio deste segmento no pa\u00eds. \u201cArgument(A\u00e7\u00e3o): o empoderamento do protagonismo juvenil\u201d foi o tema desenvolvido pela professora.<\/p>\n\n\n\n<p>A Corte aprovou voto de congratula\u00e7\u00f5es, do desembargador Dilermando Mota, \u00e0 procuradora federal Cibele Benevides, nomeada em 30 de setembro para o cargo de chefe da Procuradoria da Rep\u00fablica no Rio Grande do Norte, para o per\u00edodo 2019-2021. O colegiado tamb\u00e9m aprovou voto no mesmo sentido, do desembargador Glauber R\u00eago (presidente do Tribunal Regional Eleitoral \u2013 TRE\/RN), \u00e0 procuradora Caroline Maciel, que assumiu a Procuradoria Regional Eleitoral no RN, na ter\u00e7a-feira, 1\u00ba de outubro.<\/p>\n\n\n\n<p>Dilermando Mota tamb\u00e9m apresentou voto de congratula\u00e7\u00f5es ao juiz federal Ivan Lira de Carvalho, eleito na ter\u00e7a (1\u00ba) para a Academia Norte-Rio-Grandense de Letras (ANL). O novo imortal da academia vai ficar \u00e0 frente da cadeira 34, anteriormente ocupada pelo escritor e pesquisador Lenine Pinto. Membro do Instituto Hist\u00f3rico e Geogr\u00e1fico e da Academia de Letras Jur\u00eddicas do Rio Grande do Norte, Ivan Lira \u00e9 natural de Cuit\u00e9, na Para\u00edba.<\/p>\n","protected":false},"excerpt":{"rendered":"<p>Keity Ferreira e Saboya foi indicada pelo corregedor nacional de Justi\u00e7a, ministro Emmanoel Pereira<br \/><a class=\"more-link\" href=\"https:\/\/justicapotiguar.com.br\/index.php\/2019\/10\/02\/pleno-do-tj-aprova-voto-de-congratulacoes-a-juiza-keity-saboya-que-atuara-na-corregedoria-do-cnj\/\">Mais&#8230;<\/a><\/p>\n","protected":false},"author":5,"featured_media":2777,"comment_status":"open","ping_status":"open","sticky":false,"template":"","format":"standard","meta":[],"categories":[3],"tags":[],"_links":{"self":[{"href":"https:\/\/justicapotiguar.com.br\/index.php\/wp-json\/wp\/v2\/posts\/2776"}],"collection":[{"href":"https:\/\/justicapotiguar.com.br\/index.php\/wp-json\/wp\/v2\/posts"}],"about":[{"href":"https:\/\/justicapotiguar.com.br\/index.php\/wp-json\/wp\/v2\/types\/post"}],"author":[{"embeddable":true,"href":"https:\/\/justicapotiguar.com.br\/index.php\/wp-json\/wp\/v2\/users\/5"}],"replies":[{"embeddable":true,"href":"https:\/\/justicapotiguar.com.br\/index.php\/wp-json\/wp\/v2\/comments?post=2776"}],"version-history":[{"count":1,"href":"https:\/\/justicapotiguar.com.br\/index.php\/wp-json\/wp\/v2\/posts\/2776\/revisions"}],"predecessor-version":[{"id":2778,"href":"https:\/\/justicapotiguar.com.br\/index.php\/wp-json\/wp\/v2\/posts\/2776\/revisions\/2778"}],"wp:featuredmedia":[{"embeddable":true,"href":"https:\/\/justicapotiguar.com.br\/index.php\/wp-json\/wp\/v2\/media\/2777"}],"wp:attachment":[{"href":"https:\/\/justicapotiguar.com.br\/index.php\/wp-json\/wp\/v2\/media?parent=2776"}],"wp:term":[{"taxonomy":"category","embeddable":true,"href":"https:\/\/justicapotiguar.com.br\/index.php\/wp-json\/wp\/v2\/categories?post=2776"},{"taxonomy":"post_tag","embeddable":true,"href":"https:\/\/justicapotiguar.com.br\/index.php\/wp-json\/wp\/v2\/tags?post=2776"}],"curies":[{"name":"wp","href":"https:\/\/api.w.org\/{rel}","templated":true}]}}