{"id":27756,"date":"2022-08-22T09:22:00","date_gmt":"2022-08-22T12:22:00","guid":{"rendered":"https:\/\/justicapotiguar.com.br\/?p=27756"},"modified":"2022-08-21T22:46:12","modified_gmt":"2022-08-22T01:46:12","slug":"advogados-sao-denunciados-por-participacao-em-crimes-de-faccao-no-rn","status":"publish","type":"post","link":"https:\/\/justicapotiguar.com.br\/index.php\/2022\/08\/22\/advogados-sao-denunciados-por-participacao-em-crimes-de-faccao-no-rn\/","title":{"rendered":"Advogados s\u00e3o denunciados por participa\u00e7\u00e3o em crimes de fac\u00e7\u00e3o no RN"},"content":{"rendered":"\n<figure class=\"wp-block-image size-large\"><img loading=\"lazy\" width=\"850\" height=\"567\" src=\"https:\/\/justicapotiguar.com.br\/wp-content\/uploads\/2019\/12\/amp-preso-ato-libidinoso.jpg\" alt=\"\" class=\"wp-image-4705\" srcset=\"https:\/\/justicapotiguar.com.br\/wp-content\/uploads\/2019\/12\/amp-preso-ato-libidinoso.jpg 850w, https:\/\/justicapotiguar.com.br\/wp-content\/uploads\/2019\/12\/amp-preso-ato-libidinoso-300x200.jpg 300w, https:\/\/justicapotiguar.com.br\/wp-content\/uploads\/2019\/12\/amp-preso-ato-libidinoso-768x512.jpg 768w\" sizes=\"(max-width: 850px) 100vw, 850px\" \/><figcaption>Reprodu\u00e7\u00e3o<\/figcaption><\/figure>\n\n\n\n<p>Intermedia\u00e7\u00e3o de tr\u00e1fico de drogas, venda de armas, invas\u00e3o de comunidades e recados para membros de fac\u00e7\u00f5es criminosas de dentro dos pres\u00eddios para \u201cirm\u00e3os\u201d nas ruas . Den\u00fancias do Minist\u00e9rio P\u00fablico do RN sobre a \u201cSintonia dos Gravatas\u201d, como \u00e9 chamada a participa\u00e7\u00e3o de advogados na fac\u00e7\u00e3o Sindicato do Crime, t\u00eam chamado a aten\u00e7\u00e3o pelos bilhetes, recados e c\u00f3digos utilizados pelos profissionais do Direito para a comunica\u00e7\u00e3o com criminosos. <\/p>\n\n\n\n<p>Nesta semana, novo epis\u00f3dio: a Secretaria de Estado da Administra\u00e7\u00e3o Penitenci\u00e1ria (Seap) interceptou um plano de fuga na Penitenci\u00e1ria Rog\u00e9rio Coutinho Madruga, em N\u00edsia Floresta, com suposta participa\u00e7\u00e3o de advogados. Na semana passada, uma advogada de Natal foi condenada a quatro anos e meio de reclus\u00e3o acusada de ser uma \u201cmensageira do crime\u201d.<\/p><div class=\"uikwn69f047da4327a\" ><!--<a href=\"https:\/\/bit.ly\/3QdrqTZ\" target=\"_blank\">\n<img src=\"https:\/\/justicapotiguar.com.br\/wp-content\/uploads\/2023\/09\/mobile-geral.gif\"\/><a\/>--><\/div><style type=\"text\/css\">\r\n.uikwn69f047da4327a {\r\ntext-align: center;\r\n}\r\n@media screen and (min-width: 1201px) {\r\n.uikwn69f047da4327a {\r\ndisplay: none;\r\n}\r\n}\r\n@media screen and (min-width: 993px) and (max-width: 1200px) {\r\n.uikwn69f047da4327a {\r\ndisplay: none;\r\n}\r\n}\r\n@media screen and (min-width: 769px) and (max-width: 992px) {\r\n.uikwn69f047da4327a {\r\ndisplay: none;\r\n}\r\n}\r\n@media screen and (min-width: 768px) and (max-width: 768px) {\r\n.uikwn69f047da4327a {\r\ndisplay: block;\r\n}\r\n}\r\n@media screen and (max-width: 767px) {\r\n.uikwn69f047da4327a {\r\ndisplay: block;\r\n}\r\n}\r\n<\/style>\r\n<div class=\"sawyb69f047da43261\" ><!--<a href=\"https:\/\/bit.ly\/3QdrqTZ\" target=\"_blank\">\n<img src=\"https:\/\/justicapotiguar.com.br\/wp-content\/uploads\/2023\/09\/desktop-geral.gif\"\/><a\/>--><\/div><style type=\"text\/css\">\r\n.sawyb69f047da43261 {\r\ntext-align: center;\nmargin-bottom: 1em;\r\n}\r\n@media screen and (min-width: 1201px) {\r\n.sawyb69f047da43261 {\r\ndisplay: block;\r\n}\r\n}\r\n@media screen and (min-width: 993px) and (max-width: 1200px) {\r\n.sawyb69f047da43261 {\r\ndisplay: block;\r\n}\r\n}\r\n@media screen and (min-width: 769px) and (max-width: 992px) {\r\n.sawyb69f047da43261 {\r\ndisplay: block;\r\n}\r\n}\r\n@media screen and (min-width: 768px) and (max-width: 768px) {\r\n.sawyb69f047da43261 {\r\ndisplay: none;\r\n}\r\n}\r\n@media screen and (max-width: 767px) {\r\n.sawyb69f047da43261 {\r\ndisplay: none;\r\n}\r\n}\r\n<\/style>\r\n\n\n\n\n<p>As informa\u00e7\u00f5es s\u00e3o do Minist\u00e9rio P\u00fablico e apontam a possibilidade de existir uma rede de advogados, com hierarquia e pagamentos mensais, que atuam como emiss\u00e1rios para presos faccionados dentro e fora das unidades prisionais. O modus operandi n\u00e3o \u00e9 novo nem exclusivo do RN, apontam autoridades. No \u00faltimo dia 10 de agosto, por exemplo, a Pol\u00edcia Federal deflagrou opera\u00e7\u00e3o para prender uma advogada suspeita de planejar liberta\u00e7\u00e3o de lideran\u00e7as do Primeiro Comando da Capital (PCC) em um pres\u00eddio federal, entre eles, Marco Willians Herbas Camacho, o Marcola, um dos fundadores da fac\u00e7\u00e3o.<\/p>\n\n\n\n<p>Tribuna do Norte<\/p>\n","protected":false},"excerpt":{"rendered":"<p>Intermedia\u00e7\u00e3o de tr\u00e1fico de drogas, venda de armas, invas\u00e3o de comunidades e recados para membros de fac\u00e7\u00f5es criminosas de dentro dos pres\u00eddios para \u201cirm\u00e3os\u201d nas ruas . Den\u00fancias do Minist\u00e9rio P\u00fablico do RN sobre a \u201cSintonia dos Gravatas\u201d, como \u00e9 chamada a participa\u00e7\u00e3o de advogados na fac\u00e7\u00e3o Sindicato do Crime, t\u00eam chamado a aten\u00e7\u00e3o pelos<br \/><a class=\"more-link\" href=\"https:\/\/justicapotiguar.com.br\/index.php\/2022\/08\/22\/advogados-sao-denunciados-por-participacao-em-crimes-de-faccao-no-rn\/\">Mais&#8230;<\/a><\/p>\n","protected":false},"author":5,"featured_media":0,"comment_status":"open","ping_status":"open","sticky":false,"template":"","format":"standard","meta":[],"categories":[1],"tags":[],"_links":{"self":[{"href":"https:\/\/justicapotiguar.com.br\/index.php\/wp-json\/wp\/v2\/posts\/27756"}],"collection":[{"href":"https:\/\/justicapotiguar.com.br\/index.php\/wp-json\/wp\/v2\/posts"}],"about":[{"href":"https:\/\/justicapotiguar.com.br\/index.php\/wp-json\/wp\/v2\/types\/post"}],"author":[{"embeddable":true,"href":"https:\/\/justicapotiguar.com.br\/index.php\/wp-json\/wp\/v2\/users\/5"}],"replies":[{"embeddable":true,"href":"https:\/\/justicapotiguar.com.br\/index.php\/wp-json\/wp\/v2\/comments?post=27756"}],"version-history":[{"count":1,"href":"https:\/\/justicapotiguar.com.br\/index.php\/wp-json\/wp\/v2\/posts\/27756\/revisions"}],"predecessor-version":[{"id":27757,"href":"https:\/\/justicapotiguar.com.br\/index.php\/wp-json\/wp\/v2\/posts\/27756\/revisions\/27757"}],"wp:attachment":[{"href":"https:\/\/justicapotiguar.com.br\/index.php\/wp-json\/wp\/v2\/media?parent=27756"}],"wp:term":[{"taxonomy":"category","embeddable":true,"href":"https:\/\/justicapotiguar.com.br\/index.php\/wp-json\/wp\/v2\/categories?post=27756"},{"taxonomy":"post_tag","embeddable":true,"href":"https:\/\/justicapotiguar.com.br\/index.php\/wp-json\/wp\/v2\/tags?post=27756"}],"curies":[{"name":"wp","href":"https:\/\/api.w.org\/{rel}","templated":true}]}}