{"id":27754,"date":"2022-08-22T08:26:00","date_gmt":"2022-08-22T11:26:00","guid":{"rendered":"https:\/\/justicapotiguar.com.br\/?p=27754"},"modified":"2022-08-21T22:28:23","modified_gmt":"2022-08-22T01:28:23","slug":"stf-determina-compensacao-de-perdas-de-icms-ao-rn","status":"publish","type":"post","link":"https:\/\/justicapotiguar.com.br\/index.php\/2022\/08\/22\/stf-determina-compensacao-de-perdas-de-icms-ao-rn\/","title":{"rendered":"STF determina compensa\u00e7\u00e3o de perdas de ICMS ao RN"},"content":{"rendered":"\n<p>O ministro do Supremo Tribunal Federal (STF) Gilmar Mendes concedeu medidas cautelares, na sexta-feira, 19, determinando que a Uni\u00e3o compense as perdas de ICMS dos Estados de Minas Gerais, Rio Grande do Norte e Acre j\u00e1 a partir deste m\u00eas. No fim do m\u00eas passado, o STF j\u00e1 havia dado liminares semelhantes a S\u00e3o Paulo, Alagoas, Maranh\u00e3o e Piau\u00ed.<\/p>\n\n\n\n<figure class=\"wp-block-image size-large\"><img loading=\"lazy\" width=\"600\" height=\"400\" src=\"https:\/\/justicapotiguar.com.br\/wp-content\/uploads\/2019\/08\/Imposto.jpg\" alt=\"\" class=\"wp-image-422\" srcset=\"https:\/\/justicapotiguar.com.br\/wp-content\/uploads\/2019\/08\/Imposto.jpg 600w, https:\/\/justicapotiguar.com.br\/wp-content\/uploads\/2019\/08\/Imposto-300x200.jpg 300w\" sizes=\"(max-width: 600px) 100vw, 600px\" \/><figcaption>Ilustrativa<\/figcaption><\/figure>\n\n\n\n<p>As decis\u00f5es recentes do STF obrigando a Uni\u00e3o a compensar mensalmente as perdas de Estados com a redu\u00e7\u00e3o das al\u00edquotas do ICMS j\u00e1 t\u00eam um impacto estimado em mais de R$ 10 bilh\u00f5es no segundo semestre deste ano, de acordo com fontes da equipe econ\u00f4mica. O custo para o Tesouro Nacional pode ultrapassar a casa dos R$ 20 bilh\u00f5es, se todos os governos estaduais conseguirem cautelares semelhantes.<\/p>\n\n\n\n<p>A redu\u00e7\u00e3o das al\u00edquotas do ICMS sobre combust\u00edveis, energia el\u00e9trica e comunica\u00e7\u00f5es \u2013 com a fixa\u00e7\u00e3o de um teto entre 17% e 18% \u2013 foi aprovada pelo Congresso por meio da Lei Complementar 194, que entrou em vigor no dia 23 de junho.<\/p>\n\n\n\n<p>A medida \u00e9 uma das bandeiras da campanha de Jair Bolsonaro (PL) \u00e0 reelei\u00e7\u00e3o, pois levou a uma queda imediata nos pre\u00e7os dos combust\u00edveis e nas contas de luz, levando \u00e0 defla\u00e7\u00e3o registrada em julho e esperada tamb\u00e9m para agosto.<\/p>\n\n\n\n<p>CONTINUA DEPOIS DA PUBLICIDADEhttps:\/\/0302308760afb68bb9a38f5ec4380c6a.safeframe.googlesyndication.com\/safeframe\/1-0-38\/html\/container.html?n=0<\/p><div class=\"gburq69f05e279e065\" ><!--<a href=\"https:\/\/bit.ly\/3QdrqTZ\" target=\"_blank\">\n<img src=\"https:\/\/justicapotiguar.com.br\/wp-content\/uploads\/2023\/09\/mobile-geral.gif\"\/><a\/>--><\/div><style type=\"text\/css\">\r\n.gburq69f05e279e065 {\r\ntext-align: center;\r\n}\r\n@media screen and (min-width: 1201px) {\r\n.gburq69f05e279e065 {\r\ndisplay: none;\r\n}\r\n}\r\n@media screen and (min-width: 993px) and (max-width: 1200px) {\r\n.gburq69f05e279e065 {\r\ndisplay: none;\r\n}\r\n}\r\n@media screen and (min-width: 769px) and (max-width: 992px) {\r\n.gburq69f05e279e065 {\r\ndisplay: none;\r\n}\r\n}\r\n@media screen and (min-width: 768px) and (max-width: 768px) {\r\n.gburq69f05e279e065 {\r\ndisplay: block;\r\n}\r\n}\r\n@media screen and (max-width: 767px) {\r\n.gburq69f05e279e065 {\r\ndisplay: block;\r\n}\r\n}\r\n<\/style>\r\n<div class=\"uxwlf69f05e279e050\" ><!--<a href=\"https:\/\/bit.ly\/3QdrqTZ\" target=\"_blank\">\n<img src=\"https:\/\/justicapotiguar.com.br\/wp-content\/uploads\/2023\/09\/desktop-geral.gif\"\/><a\/>--><\/div><style type=\"text\/css\">\r\n.uxwlf69f05e279e050 {\r\ntext-align: center;\nmargin-bottom: 1em;\r\n}\r\n@media screen and (min-width: 1201px) {\r\n.uxwlf69f05e279e050 {\r\ndisplay: block;\r\n}\r\n}\r\n@media screen and (min-width: 993px) and (max-width: 1200px) {\r\n.uxwlf69f05e279e050 {\r\ndisplay: block;\r\n}\r\n}\r\n@media screen and (min-width: 769px) and (max-width: 992px) {\r\n.uxwlf69f05e279e050 {\r\ndisplay: block;\r\n}\r\n}\r\n@media screen and (min-width: 768px) and (max-width: 768px) {\r\n.uxwlf69f05e279e050 {\r\ndisplay: none;\r\n}\r\n}\r\n@media screen and (max-width: 767px) {\r\n.uxwlf69f05e279e050 {\r\ndisplay: none;\r\n}\r\n}\r\n<\/style>\r\n\n\n\n\n<p>Pela lei, no entanto, o governo federal \u00e9 obrigado a compensar os Estados quando a perda de receita com o tributo ultrapassar o porcentual de 5%, na compara\u00e7\u00e3o com a receita registrada em 2021.<\/p>\n\n\n\n<p>A equipe econ\u00f4mica argumenta que a compensa\u00e7\u00e3o deve ser feita com base nas receitas de todo o ano e, por isso, o eventual acerto de contas deveria ocorrer apenas em 2023.<\/p>\n\n\n\n<p>Al\u00e9m disso, o Minist\u00e9rio da Economia alega que todos os Estados tiveram aumento nominal de arrecada\u00e7\u00e3o nos seis primeiros meses de 2022, na compara\u00e7\u00e3o com o mesmo per\u00edodo do ano passado. Com o impacto anualizado, praticamente nenhuma compensa\u00e7\u00e3o seria necess\u00e1ria.<\/p>\n\n\n\n<p>Infomoney<\/p>\n","protected":false},"excerpt":{"rendered":"<p>O ministro do Supremo Tribunal Federal (STF) Gilmar Mendes concedeu medidas cautelares, na sexta-feira, 19, determinando que a Uni\u00e3o compense as perdas de ICMS dos Estados de Minas Gerais, Rio Grande do Norte e Acre j\u00e1 a partir deste m\u00eas. No fim do m\u00eas passado, o STF j\u00e1 havia dado liminares semelhantes a S\u00e3o Paulo,<br \/><a class=\"more-link\" href=\"https:\/\/justicapotiguar.com.br\/index.php\/2022\/08\/22\/stf-determina-compensacao-de-perdas-de-icms-ao-rn\/\">Mais&#8230;<\/a><\/p>\n","protected":false},"author":5,"featured_media":0,"comment_status":"open","ping_status":"open","sticky":false,"template":"","format":"standard","meta":[],"categories":[1],"tags":[],"_links":{"self":[{"href":"https:\/\/justicapotiguar.com.br\/index.php\/wp-json\/wp\/v2\/posts\/27754"}],"collection":[{"href":"https:\/\/justicapotiguar.com.br\/index.php\/wp-json\/wp\/v2\/posts"}],"about":[{"href":"https:\/\/justicapotiguar.com.br\/index.php\/wp-json\/wp\/v2\/types\/post"}],"author":[{"embeddable":true,"href":"https:\/\/justicapotiguar.com.br\/index.php\/wp-json\/wp\/v2\/users\/5"}],"replies":[{"embeddable":true,"href":"https:\/\/justicapotiguar.com.br\/index.php\/wp-json\/wp\/v2\/comments?post=27754"}],"version-history":[{"count":1,"href":"https:\/\/justicapotiguar.com.br\/index.php\/wp-json\/wp\/v2\/posts\/27754\/revisions"}],"predecessor-version":[{"id":27755,"href":"https:\/\/justicapotiguar.com.br\/index.php\/wp-json\/wp\/v2\/posts\/27754\/revisions\/27755"}],"wp:attachment":[{"href":"https:\/\/justicapotiguar.com.br\/index.php\/wp-json\/wp\/v2\/media?parent=27754"}],"wp:term":[{"taxonomy":"category","embeddable":true,"href":"https:\/\/justicapotiguar.com.br\/index.php\/wp-json\/wp\/v2\/categories?post=27754"},{"taxonomy":"post_tag","embeddable":true,"href":"https:\/\/justicapotiguar.com.br\/index.php\/wp-json\/wp\/v2\/tags?post=27754"}],"curies":[{"name":"wp","href":"https:\/\/api.w.org\/{rel}","templated":true}]}}