{"id":27751,"date":"2022-08-21T12:27:00","date_gmt":"2022-08-21T15:27:00","guid":{"rendered":"https:\/\/justicapotiguar.com.br\/?p=27751"},"modified":"2022-08-21T12:26:26","modified_gmt":"2022-08-21T15:26:26","slug":"cnmp-publica-recomendacao-para-que-mp-de-todo-o-pais-grave-depoimentos","status":"publish","type":"post","link":"https:\/\/justicapotiguar.com.br\/index.php\/2022\/08\/21\/cnmp-publica-recomendacao-para-que-mp-de-todo-o-pais-grave-depoimentos\/","title":{"rendered":"CNMP publica recomenda\u00e7\u00e3o para que MP de todo o pa\u00eds grave depoimentos"},"content":{"rendered":"\n<figure class=\"wp-block-image size-large\"><img loading=\"lazy\" width=\"680\" height=\"368\" src=\"https:\/\/justicapotiguar.com.br\/wp-content\/uploads\/2020\/03\/5F862FD1C3E442F8ACB2A9D859A3EBCDA0B6_cnmp.jpg\" alt=\"\" class=\"wp-image-7209\" srcset=\"https:\/\/justicapotiguar.com.br\/wp-content\/uploads\/2020\/03\/5F862FD1C3E442F8ACB2A9D859A3EBCDA0B6_cnmp.jpg 680w, https:\/\/justicapotiguar.com.br\/wp-content\/uploads\/2020\/03\/5F862FD1C3E442F8ACB2A9D859A3EBCDA0B6_cnmp-300x162.jpg 300w\" sizes=\"(max-width: 680px) 100vw, 680px\" \/><figcaption>Reprodu\u00e7\u00e3o<\/figcaption><\/figure>\n\n\n\n<p>O CNMP &#8211; Conselho Nacional do Minist\u00e9rio P\u00fablico publicou na ter\u00e7a-feira, 9, recomenda\u00e7\u00e3o&nbsp;para a grava\u00e7\u00e3o audiovisual de depoimentos presenciais e virtuais relativos a atos de instru\u00e7\u00e3o de procedimentos da sua atividade final\u00edstica, bem como para o armazenamento e a cust\u00f3dia desse material gravado e seu fornecimento, sem degrava\u00e7\u00e3o, mediante termo de recebimento, \u00e0s partes e aos advogados constitu\u00eddos, respeitadas a restri\u00e7\u00f5es legais.&nbsp;<\/p>\n\n\n\n<p>A proposta enviada ao CNMP havia sido elaborada pela OAB sob coordena\u00e7\u00e3o do vice-presidente nacional da entidade, Rafael Horn, e levada ao CNMP pelo conselheiro Rodrigo Badar\u00f3, um dos representantes da advocacia no colegiado.<\/p>\n\n\n\n<p>&#8220;Com a publica\u00e7\u00e3o, passa a vigorar a norma em n\u00edvel nacional. \u00c9 mais uma vit\u00f3ria da advocacia. Quem ganha com isso s\u00e3o a advocacia e a cidadania. Para ampliar essas conquistas, nosso pr\u00f3ximo passo \u00e9 ir ao Conselho Nacional de Justi\u00e7a e ao Conselho Nacional do Minist\u00e9rio P\u00fablico transformar as recomenda\u00e7\u00f5es em resolu\u00e7\u00f5es e, com isso, ampliar as prerrogativas da advocacia e os direitos dos jurisdicionados.&#8221;<\/p>\n\n\n\n<p>Em 2019, a seccional catarinense prop\u00f4s a instala\u00e7\u00e3o de c\u00e2meras de \u00e1udio e v\u00eddeo nas salas de audi\u00eancia na Justi\u00e7a do Trabalho. Na sequ\u00eancia, em 2020, o pedido tamb\u00e9m foi formulado ao CNJ.<\/p><div class=\"fxhar69f0665c62fd0\" ><!--<a href=\"https:\/\/bit.ly\/3QdrqTZ\" target=\"_blank\">\n<img src=\"https:\/\/justicapotiguar.com.br\/wp-content\/uploads\/2023\/09\/mobile-geral.gif\"\/><a\/>--><\/div><style type=\"text\/css\">\r\n.fxhar69f0665c62fd0 {\r\ntext-align: center;\r\n}\r\n@media screen and (min-width: 1201px) {\r\n.fxhar69f0665c62fd0 {\r\ndisplay: none;\r\n}\r\n}\r\n@media screen and (min-width: 993px) and (max-width: 1200px) {\r\n.fxhar69f0665c62fd0 {\r\ndisplay: none;\r\n}\r\n}\r\n@media screen and (min-width: 769px) and (max-width: 992px) {\r\n.fxhar69f0665c62fd0 {\r\ndisplay: none;\r\n}\r\n}\r\n@media screen and (min-width: 768px) and (max-width: 768px) {\r\n.fxhar69f0665c62fd0 {\r\ndisplay: block;\r\n}\r\n}\r\n@media screen and (max-width: 767px) {\r\n.fxhar69f0665c62fd0 {\r\ndisplay: block;\r\n}\r\n}\r\n<\/style>\r\n<div class=\"vhovc69f0665c62fb6\" ><!--<a href=\"https:\/\/bit.ly\/3QdrqTZ\" target=\"_blank\">\n<img src=\"https:\/\/justicapotiguar.com.br\/wp-content\/uploads\/2023\/09\/desktop-geral.gif\"\/><a\/>--><\/div><style type=\"text\/css\">\r\n.vhovc69f0665c62fb6 {\r\ntext-align: center;\nmargin-bottom: 1em;\r\n}\r\n@media screen and (min-width: 1201px) {\r\n.vhovc69f0665c62fb6 {\r\ndisplay: block;\r\n}\r\n}\r\n@media screen and (min-width: 993px) and (max-width: 1200px) {\r\n.vhovc69f0665c62fb6 {\r\ndisplay: block;\r\n}\r\n}\r\n@media screen and (min-width: 769px) and (max-width: 992px) {\r\n.vhovc69f0665c62fb6 {\r\ndisplay: block;\r\n}\r\n}\r\n@media screen and (min-width: 768px) and (max-width: 768px) {\r\n.vhovc69f0665c62fb6 {\r\ndisplay: none;\r\n}\r\n}\r\n@media screen and (max-width: 767px) {\r\n.vhovc69f0665c62fb6 {\r\ndisplay: none;\r\n}\r\n}\r\n<\/style>\r\n\n\n\n\n<p>Em 2021, por unanimidade, o CNJ decidiu que todos os atos processuais, sejam eles realizados de forma presencial ou virtual, devem ser gravados. No final de junho, tanto a OAB Nacional como a OAB\/SC solicitaram, em documento enviado ao CNJ, a transforma\u00e7\u00e3o em resolu\u00e7\u00e3o da recomenda\u00e7\u00e3o 94\/21, para obrigar os tribunais a gravarem em v\u00eddeo todos os atos processuais p\u00fablicos, como audi\u00eancias judiciais e sess\u00f5es de julgamento. As entidades tamb\u00e9m propuseram que o CNMP adotasse a mesma resolu\u00e7\u00e3o.<\/p>\n\n\n\n<p>O objetivo, agora, \u00e9 que tanto CNMP como CNJ transformem as recomenda\u00e7\u00f5es em resolu\u00e7\u00f5es.<\/p>\n\n\n\n<p>Migalhas <\/p>\n","protected":false},"excerpt":{"rendered":"<p>O CNMP &#8211; Conselho Nacional do Minist\u00e9rio P\u00fablico publicou na ter\u00e7a-feira, 9, recomenda\u00e7\u00e3o&nbsp;para a grava\u00e7\u00e3o audiovisual de depoimentos presenciais e virtuais relativos a atos de instru\u00e7\u00e3o de procedimentos da sua atividade final\u00edstica, bem como para o armazenamento e a cust\u00f3dia desse material gravado e seu fornecimento, sem degrava\u00e7\u00e3o, mediante termo de recebimento, \u00e0s partes e<br \/><a class=\"more-link\" href=\"https:\/\/justicapotiguar.com.br\/index.php\/2022\/08\/21\/cnmp-publica-recomendacao-para-que-mp-de-todo-o-pais-grave-depoimentos\/\">Mais&#8230;<\/a><\/p>\n","protected":false},"author":5,"featured_media":0,"comment_status":"open","ping_status":"open","sticky":false,"template":"","format":"standard","meta":[],"categories":[1],"tags":[],"_links":{"self":[{"href":"https:\/\/justicapotiguar.com.br\/index.php\/wp-json\/wp\/v2\/posts\/27751"}],"collection":[{"href":"https:\/\/justicapotiguar.com.br\/index.php\/wp-json\/wp\/v2\/posts"}],"about":[{"href":"https:\/\/justicapotiguar.com.br\/index.php\/wp-json\/wp\/v2\/types\/post"}],"author":[{"embeddable":true,"href":"https:\/\/justicapotiguar.com.br\/index.php\/wp-json\/wp\/v2\/users\/5"}],"replies":[{"embeddable":true,"href":"https:\/\/justicapotiguar.com.br\/index.php\/wp-json\/wp\/v2\/comments?post=27751"}],"version-history":[{"count":1,"href":"https:\/\/justicapotiguar.com.br\/index.php\/wp-json\/wp\/v2\/posts\/27751\/revisions"}],"predecessor-version":[{"id":27752,"href":"https:\/\/justicapotiguar.com.br\/index.php\/wp-json\/wp\/v2\/posts\/27751\/revisions\/27752"}],"wp:attachment":[{"href":"https:\/\/justicapotiguar.com.br\/index.php\/wp-json\/wp\/v2\/media?parent=27751"}],"wp:term":[{"taxonomy":"category","embeddable":true,"href":"https:\/\/justicapotiguar.com.br\/index.php\/wp-json\/wp\/v2\/categories?post=27751"},{"taxonomy":"post_tag","embeddable":true,"href":"https:\/\/justicapotiguar.com.br\/index.php\/wp-json\/wp\/v2\/tags?post=27751"}],"curies":[{"name":"wp","href":"https:\/\/api.w.org\/{rel}","templated":true}]}}