{"id":27672,"date":"2022-08-16T15:02:39","date_gmt":"2022-08-16T18:02:39","guid":{"rendered":"https:\/\/justicapotiguar.com.br\/?p=27672"},"modified":"2022-08-16T15:02:39","modified_gmt":"2022-08-16T18:02:39","slug":"trt-rn-ex-empregada-das-lojas-americanas-feita-refem-em-assalto-e-indenizada","status":"publish","type":"post","link":"https:\/\/justicapotiguar.com.br\/index.php\/2022\/08\/16\/trt-rn-ex-empregada-das-lojas-americanas-feita-refem-em-assalto-e-indenizada\/","title":{"rendered":"TRT-RN: Ex-empregada das Lojas Americanas feita ref\u00e9m em assalto \u00e9 indenizada"},"content":{"rendered":"\n<figure class=\"wp-block-image size-large\"><img loading=\"lazy\" width=\"636\" height=\"295\" src=\"https:\/\/justicapotiguar.com.br\/wp-content\/uploads\/2022\/08\/Captura-de-Tela-2022-08-16-a\u0300s-15.02.30.png\" alt=\"\" class=\"wp-image-27673\" srcset=\"https:\/\/justicapotiguar.com.br\/wp-content\/uploads\/2022\/08\/Captura-de-Tela-2022-08-16-a\u0300s-15.02.30.png 636w, https:\/\/justicapotiguar.com.br\/wp-content\/uploads\/2022\/08\/Captura-de-Tela-2022-08-16-a\u0300s-15.02.30-300x139.png 300w\" sizes=\"(max-width: 636px) 100vw, 636px\" \/><figcaption>Reprodu\u00e7\u00e3o<\/figcaption><\/figure>\n\n\n\n<p>A Primeira Turma do Tribunal Regional do Trabalho da 21\u00aa Regi\u00e3o (TRT-RN) condenou as Lojas Americanas S.A. a pagar indeniza\u00e7\u00e3o por danos morais, no valor de cinco sal\u00e1rios, \u00e0 ex-empregada feita ref\u00e9m durante assalto na antiga loja da Av. Afonso Pena, em Natal.<\/p>\n\n\n\n<p>O assalto ocorreu em 25 de abril de 2020. A ex-empregada ficou como ref\u00e9m dos bandidos armados, junto com mais dois empregados e tr\u00eas clientes.<\/p>\n\n\n\n<p>De acordo com as mat\u00e9rias publicadas nos sites de not\u00edcias, ela e os outros s\u00f3 foram liberados ap\u00f3s uma hora de negocia\u00e7\u00e3o com a Pol\u00edcia Militar, que conseguiu a rendi\u00e7\u00e3o dos bandidos e a libera\u00e7\u00e3o dos ref\u00e9ns.<\/p>\n\n\n\n<p>A autora do processo afirmou, ainda, que foi v\u00edtima de v\u00e1rios assaltos \u00e0 m\u00e3o armada na loja, o que lhe causou transtornos psicol\u00f3gicos, sendo o mais grave o de abril de 2020.<\/p>\n\n\n\n<p>Alegou tamb\u00e9m que a empresa ficou inerte ap\u00f3s o assalto, sem apoio psicol\u00f3gico ou melhoria nas condi\u00e7\u00f5es de trabalho.<\/p>\n\n\n\n<p>Em sua defesa, as Lojas Americanas alegaram que n\u00e3o t\u00eam responsabilidade pelo ocorrido por n\u00e3o desenvolverem atividade de risco.<\/p>\n\n\n\n<p>No entanto, para o juiz convocado Gustavo Muniz Nunes, relator do processo no TRT-RN, \u201cn\u00e3o h\u00e1 como afastar o risco na atividade desenvolvida pela ex-empregada, que trabalhava nas Lojas Americanas, frequentemente assaltada\u201d.<\/p><div class=\"ouyub69f514f696245\" ><!--<a href=\"https:\/\/bit.ly\/3QdrqTZ\" target=\"_blank\">\n<img src=\"https:\/\/justicapotiguar.com.br\/wp-content\/uploads\/2023\/09\/mobile-geral.gif\"\/><a\/>--><\/div><style type=\"text\/css\">\r\n.ouyub69f514f696245 {\r\ntext-align: center;\r\n}\r\n@media screen and (min-width: 1201px) {\r\n.ouyub69f514f696245 {\r\ndisplay: none;\r\n}\r\n}\r\n@media screen and (min-width: 993px) and (max-width: 1200px) {\r\n.ouyub69f514f696245 {\r\ndisplay: none;\r\n}\r\n}\r\n@media screen and (min-width: 769px) and (max-width: 992px) {\r\n.ouyub69f514f696245 {\r\ndisplay: none;\r\n}\r\n}\r\n@media screen and (min-width: 768px) and (max-width: 768px) {\r\n.ouyub69f514f696245 {\r\ndisplay: block;\r\n}\r\n}\r\n@media screen and (max-width: 767px) {\r\n.ouyub69f514f696245 {\r\ndisplay: block;\r\n}\r\n}\r\n<\/style>\r\n<div class=\"dtyag69f514f696226\" ><!--<a href=\"https:\/\/bit.ly\/3QdrqTZ\" target=\"_blank\">\n<img src=\"https:\/\/justicapotiguar.com.br\/wp-content\/uploads\/2023\/09\/desktop-geral.gif\"\/><a\/>--><\/div><style type=\"text\/css\">\r\n.dtyag69f514f696226 {\r\ntext-align: center;\nmargin-bottom: 1em;\r\n}\r\n@media screen and (min-width: 1201px) {\r\n.dtyag69f514f696226 {\r\ndisplay: block;\r\n}\r\n}\r\n@media screen and (min-width: 993px) and (max-width: 1200px) {\r\n.dtyag69f514f696226 {\r\ndisplay: block;\r\n}\r\n}\r\n@media screen and (min-width: 769px) and (max-width: 992px) {\r\n.dtyag69f514f696226 {\r\ndisplay: block;\r\n}\r\n}\r\n@media screen and (min-width: 768px) and (max-width: 768px) {\r\n.dtyag69f514f696226 {\r\ndisplay: none;\r\n}\r\n}\r\n@media screen and (max-width: 767px) {\r\n.dtyag69f514f696226 {\r\ndisplay: none;\r\n}\r\n}\r\n<\/style>\r\n\n\n\n\n<p>De acordo com ele, embora o empregador n\u00e3o tenha responsabilidade pela Seguran\u00e7a P\u00fablica, a \u201ccomercializa\u00e7\u00e3o pelas Lojas Americanas de produtos com alto valor\u201d, como eletr\u00f4nicos e eletrodom\u00e9sticos, \u201catrai a cobi\u00e7a de marginais\u201d.<\/p>\n\n\n\n<p>Ele ressaltou, ainda, que, \u201cmesmo com os assaltos\u201d, a empresa n\u00e3o tomou qualquer provid\u00eancia para fornecer um ambiente de trabalho sadio a seus empregados.<\/p>\n\n\n\n<p>\u201cAo contr\u00e1rio, continuou sem vigil\u00e2ncia, n\u00e3o havendo qualquer mecanismo apto a inibir a a\u00e7\u00e3o dos meliantes\u201d, concluiu o juiz, \u201co que resulta na responsabilidade da empresa pelos danos\u201d.<\/p>\n\n\n\n<p>A 9\u00aa Vara do Trabalho de Natal havia condenado as Lojas Americanas ao pagamento da indeniza\u00e7\u00e3o por danos morais no valor de R$ 31.480,00.<\/p>\n\n\n\n<p>Essa quantia foi reduzida, pela Primeira Turma do TRT-RN, para cinco vezes o \u00faltimo sal\u00e1rio da ex-empregada.<\/p>\n\n\n\n<p>As decis\u00f5es da Justi\u00e7a do Trabalho s\u00e3o pass\u00edveis de recursos, de acordo com a legisla\u00e7\u00e3o vigente.<\/p>\n","protected":false},"excerpt":{"rendered":"<p>A Primeira Turma do Tribunal Regional do Trabalho da 21\u00aa Regi\u00e3o (TRT-RN) condenou as Lojas Americanas S.A. a pagar indeniza\u00e7\u00e3o por danos morais, no valor de cinco sal\u00e1rios, \u00e0 ex-empregada feita ref\u00e9m durante assalto na antiga loja da Av. Afonso Pena, em Natal. O assalto ocorreu em 25 de abril de 2020. A ex-empregada ficou<br \/><a class=\"more-link\" href=\"https:\/\/justicapotiguar.com.br\/index.php\/2022\/08\/16\/trt-rn-ex-empregada-das-lojas-americanas-feita-refem-em-assalto-e-indenizada\/\">Mais&#8230;<\/a><\/p>\n","protected":false},"author":5,"featured_media":0,"comment_status":"open","ping_status":"open","sticky":false,"template":"","format":"standard","meta":[],"categories":[1],"tags":[],"_links":{"self":[{"href":"https:\/\/justicapotiguar.com.br\/index.php\/wp-json\/wp\/v2\/posts\/27672"}],"collection":[{"href":"https:\/\/justicapotiguar.com.br\/index.php\/wp-json\/wp\/v2\/posts"}],"about":[{"href":"https:\/\/justicapotiguar.com.br\/index.php\/wp-json\/wp\/v2\/types\/post"}],"author":[{"embeddable":true,"href":"https:\/\/justicapotiguar.com.br\/index.php\/wp-json\/wp\/v2\/users\/5"}],"replies":[{"embeddable":true,"href":"https:\/\/justicapotiguar.com.br\/index.php\/wp-json\/wp\/v2\/comments?post=27672"}],"version-history":[{"count":1,"href":"https:\/\/justicapotiguar.com.br\/index.php\/wp-json\/wp\/v2\/posts\/27672\/revisions"}],"predecessor-version":[{"id":27674,"href":"https:\/\/justicapotiguar.com.br\/index.php\/wp-json\/wp\/v2\/posts\/27672\/revisions\/27674"}],"wp:attachment":[{"href":"https:\/\/justicapotiguar.com.br\/index.php\/wp-json\/wp\/v2\/media?parent=27672"}],"wp:term":[{"taxonomy":"category","embeddable":true,"href":"https:\/\/justicapotiguar.com.br\/index.php\/wp-json\/wp\/v2\/categories?post=27672"},{"taxonomy":"post_tag","embeddable":true,"href":"https:\/\/justicapotiguar.com.br\/index.php\/wp-json\/wp\/v2\/tags?post=27672"}],"curies":[{"name":"wp","href":"https:\/\/api.w.org\/{rel}","templated":true}]}}