{"id":2767,"date":"2019-10-02T10:11:37","date_gmt":"2019-10-02T13:11:37","guid":{"rendered":"https:\/\/justicapotiguar.com.br\/?p=2767"},"modified":"2019-10-02T10:11:37","modified_gmt":"2019-10-02T13:11:37","slug":"consumidor-deve-ser-indenizado-por-tv-que-apresentou-vicio-oculto-apos-o-periodo-da-garantia","status":"publish","type":"post","link":"https:\/\/justicapotiguar.com.br\/index.php\/2019\/10\/02\/consumidor-deve-ser-indenizado-por-tv-que-apresentou-vicio-oculto-apos-o-periodo-da-garantia\/","title":{"rendered":"Consumidor deve ser indenizado por TV que apresentou v\u00edcio oculto ap\u00f3s o per\u00edodo da garantia"},"content":{"rendered":"\n<figure class=\"wp-block-image\"><img loading=\"lazy\" width=\"890\" height=\"593\" src=\"https:\/\/justicapotiguar.com.br\/wp-content\/uploads\/2019\/10\/tv-digital-1.jpg\" alt=\"\" class=\"wp-image-2768\" srcset=\"https:\/\/justicapotiguar.com.br\/wp-content\/uploads\/2019\/10\/tv-digital-1.jpg 890w, https:\/\/justicapotiguar.com.br\/wp-content\/uploads\/2019\/10\/tv-digital-1-300x200.jpg 300w, https:\/\/justicapotiguar.com.br\/wp-content\/uploads\/2019\/10\/tv-digital-1-768x512.jpg 768w\" sizes=\"(max-width: 890px) 100vw, 890px\" \/><figcaption>Foto: Ilustrativa<\/figcaption><\/figure>\n\n\n\n<p>A ju\u00edza do 5\u00ba Juizado Especial C\u00edvel de Bras\u00edlia condenou a empresa LG ELECTRONICS DO BRASIL LTDA a restituir o valor integral de uma televis\u00e3o digital que apresentou falhas ap\u00f3s o fim do prazo de garantia. O aparelho possu\u00eda dois anos de uso quando surgiram os defeitos que a deixaram inutilizada.<\/p>\n\n\n\n<p>A autora narra que adquiriu o televisor em julho de 2017 no valor de R$ 2.899,00. Dois anos ap\u00f3s o uso, o aparelho come\u00e7ou a apresentar a imagem de forma azulada, tornando-se inadequada para o fim a que se destina. Na assist\u00eancia t\u00e9cnica, a consumidora foi informada que a TV estava fora da garantia e que o valor do concerto do v\u00edcio seria de R$ 947,00.<\/p>\n\n\n\n<p>Em sua defesa, a r\u00e9 alegou que n\u00e3o deve ser responsabilizada por produtos que se encontram fora do prazo de garantia e que a durabilidade deve levar em conta o modo e o uso feito por cada consumidor. Laudo t\u00e9cnico apresentada pela autora, no entanto, mostrou que o problema apresentado no aparelho n\u00e3o decorreu da utiliza\u00e7\u00e3o, mas de v\u00edcio oculto do produto.<\/p><div class=\"dxius69f1daecd840c\" ><!--<a href=\"https:\/\/bit.ly\/3QdrqTZ\" target=\"_blank\">\n<img src=\"https:\/\/justicapotiguar.com.br\/wp-content\/uploads\/2023\/09\/mobile-geral.gif\"\/><a\/>--><\/div><style type=\"text\/css\">\r\n.dxius69f1daecd840c {\r\ntext-align: center;\r\n}\r\n@media screen and (min-width: 1201px) {\r\n.dxius69f1daecd840c {\r\ndisplay: none;\r\n}\r\n}\r\n@media screen and (min-width: 993px) and (max-width: 1200px) {\r\n.dxius69f1daecd840c {\r\ndisplay: none;\r\n}\r\n}\r\n@media screen and (min-width: 769px) and (max-width: 992px) {\r\n.dxius69f1daecd840c {\r\ndisplay: none;\r\n}\r\n}\r\n@media screen and (min-width: 768px) and (max-width: 768px) {\r\n.dxius69f1daecd840c {\r\ndisplay: block;\r\n}\r\n}\r\n@media screen and (max-width: 767px) {\r\n.dxius69f1daecd840c {\r\ndisplay: block;\r\n}\r\n}\r\n<\/style>\r\n<div class=\"criyh69f1daecd83e8\" ><!--<a href=\"https:\/\/bit.ly\/3QdrqTZ\" target=\"_blank\">\n<img src=\"https:\/\/justicapotiguar.com.br\/wp-content\/uploads\/2023\/09\/desktop-geral.gif\"\/><a\/>--><\/div><style type=\"text\/css\">\r\n.criyh69f1daecd83e8 {\r\ntext-align: center;\nmargin-bottom: 1em;\r\n}\r\n@media screen and (min-width: 1201px) {\r\n.criyh69f1daecd83e8 {\r\ndisplay: block;\r\n}\r\n}\r\n@media screen and (min-width: 993px) and (max-width: 1200px) {\r\n.criyh69f1daecd83e8 {\r\ndisplay: block;\r\n}\r\n}\r\n@media screen and (min-width: 769px) and (max-width: 992px) {\r\n.criyh69f1daecd83e8 {\r\ndisplay: block;\r\n}\r\n}\r\n@media screen and (min-width: 768px) and (max-width: 768px) {\r\n.criyh69f1daecd83e8 {\r\ndisplay: none;\r\n}\r\n}\r\n@media screen and (max-width: 767px) {\r\n.criyh69f1daecd83e8 {\r\ndisplay: none;\r\n}\r\n}\r\n<\/style>\r\n\n\n\n\n<p>Na senten\u00e7a, a magistrada ressaltou que o prazo para reclamar pela repara\u00e7\u00e3o do dano se inicia no momento em que fica evidenciado o v\u00edcio, mesmo o produto estando fora do prazo de garantia. Ela destacou ainda que, nos casos de repara\u00e7\u00e3o de dano, o crit\u00e9rio de vida \u00fatil do bem deve ser considerado. A julgadora tamb\u00e9m lembrou que a autora buscou junto \u00e0 r\u00e9 solu\u00e7\u00e3o extrajudicial e n\u00e3o foi atendida, uma vez que o problema n\u00e3o foi solucionado.<\/p>\n\n\n\n<p>Assim, a julgadora condenou a r\u00e9 ao pagamento de R$ 2.899,00 a t\u00edtulo de danos materiais e ainda R$ 1.000,00 pelos danos morais.<\/p>\n\n\n\n<p>Cabe recurso da decis\u00e3o.<\/p>\n","protected":false},"excerpt":{"rendered":"<p>O aparelho possu\u00eda dois anos de uso quando surgiram os defeitos que a deixaram inutilizada.<br \/><a class=\"more-link\" href=\"https:\/\/justicapotiguar.com.br\/index.php\/2019\/10\/02\/consumidor-deve-ser-indenizado-por-tv-que-apresentou-vicio-oculto-apos-o-periodo-da-garantia\/\">Mais&#8230;<\/a><\/p>\n","protected":false},"author":5,"featured_media":2768,"comment_status":"open","ping_status":"open","sticky":false,"template":"","format":"standard","meta":[],"categories":[3],"tags":[],"_links":{"self":[{"href":"https:\/\/justicapotiguar.com.br\/index.php\/wp-json\/wp\/v2\/posts\/2767"}],"collection":[{"href":"https:\/\/justicapotiguar.com.br\/index.php\/wp-json\/wp\/v2\/posts"}],"about":[{"href":"https:\/\/justicapotiguar.com.br\/index.php\/wp-json\/wp\/v2\/types\/post"}],"author":[{"embeddable":true,"href":"https:\/\/justicapotiguar.com.br\/index.php\/wp-json\/wp\/v2\/users\/5"}],"replies":[{"embeddable":true,"href":"https:\/\/justicapotiguar.com.br\/index.php\/wp-json\/wp\/v2\/comments?post=2767"}],"version-history":[{"count":1,"href":"https:\/\/justicapotiguar.com.br\/index.php\/wp-json\/wp\/v2\/posts\/2767\/revisions"}],"predecessor-version":[{"id":2769,"href":"https:\/\/justicapotiguar.com.br\/index.php\/wp-json\/wp\/v2\/posts\/2767\/revisions\/2769"}],"wp:featuredmedia":[{"embeddable":true,"href":"https:\/\/justicapotiguar.com.br\/index.php\/wp-json\/wp\/v2\/media\/2768"}],"wp:attachment":[{"href":"https:\/\/justicapotiguar.com.br\/index.php\/wp-json\/wp\/v2\/media?parent=2767"}],"wp:term":[{"taxonomy":"category","embeddable":true,"href":"https:\/\/justicapotiguar.com.br\/index.php\/wp-json\/wp\/v2\/categories?post=2767"},{"taxonomy":"post_tag","embeddable":true,"href":"https:\/\/justicapotiguar.com.br\/index.php\/wp-json\/wp\/v2\/tags?post=2767"}],"curies":[{"name":"wp","href":"https:\/\/api.w.org\/{rel}","templated":true}]}}