{"id":27661,"date":"2022-08-16T10:30:00","date_gmt":"2022-08-16T13:30:00","guid":{"rendered":"https:\/\/justicapotiguar.com.br\/?p=27661"},"modified":"2022-08-16T10:03:00","modified_gmt":"2022-08-16T13:03:00","slug":"prazo-para-solicitar-voto-em-transito-termina-na-quinta","status":"publish","type":"post","link":"https:\/\/justicapotiguar.com.br\/index.php\/2022\/08\/16\/prazo-para-solicitar-voto-em-transito-termina-na-quinta\/","title":{"rendered":"Prazo para solicitar voto em tr\u00e2nsito termina na quinta"},"content":{"rendered":"\n<figure class=\"wp-block-image size-large\"><img loading=\"lazy\" width=\"640\" height=\"360\" src=\"https:\/\/justicapotiguar.com.br\/wp-content\/uploads\/2019\/08\/urna.jpg\" alt=\"\" class=\"wp-image-752\" srcset=\"https:\/\/justicapotiguar.com.br\/wp-content\/uploads\/2019\/08\/urna.jpg 640w, https:\/\/justicapotiguar.com.br\/wp-content\/uploads\/2019\/08\/urna-300x169.jpg 300w\" sizes=\"(max-width: 640px) 100vw, 640px\" \/><figcaption>Reprodu\u00e7\u00e3o<\/figcaption><\/figure>\n\n\n\n<p>Termina na pr\u00f3xima quinta-feira (18), o prazo para os eleitores que n\u00e3o estiverem no seu domic\u00edlio eleitoral no dia da vota\u00e7\u00e3o, no primeiro turno, em 2 de outubro; e, em caso de segundo turno, no dia 30 de outubro, solicitarem o voto em tr\u00e2nsito.<\/p>\n\n\n\n<p>O requerimento para votar em tr\u00e2nsito precisa ser feito presencialmente, em qualquer cart\u00f3rio eleitoral, sem necessidade de agendamento. \u00c9 poss\u00edvel solicitar o voto em tr\u00e2nsito para o primeiro, o segundo ou ambos os turnos.<\/p>\n\n\n\n<p>Segundo o Tribunal Superior Eleitoral (TSE), o voto em tr\u00e2nsito vale apenas para o cargo de presidente da Rep\u00fablica, quando a eleitora ou eleitor indicar uma cidade localizada em outra unidade da Federa\u00e7\u00e3o diferente da do munic\u00edpio do seu domic\u00edlio eleitoral.<\/p>\n\n\n\n<p>\u201cPodem votar nos cargos de deputado federal, deputado estadual, senador, governador e presidente da Rep\u00fablica apenas eleitoras e eleitores que indicarem para o voto em tr\u00e2nsito um munic\u00edpio que esteja localizado na mesma unidade da Federa\u00e7\u00e3o do seu domic\u00edlio eleitoral\u201d, diz ainda o TSE.<\/p><div class=\"lvtec69f514fb5c7ce\" ><!--<a href=\"https:\/\/bit.ly\/3QdrqTZ\" target=\"_blank\">\n<img src=\"https:\/\/justicapotiguar.com.br\/wp-content\/uploads\/2023\/09\/mobile-geral.gif\"\/><a\/>--><\/div><style type=\"text\/css\">\r\n.lvtec69f514fb5c7ce {\r\ntext-align: center;\r\n}\r\n@media screen and (min-width: 1201px) {\r\n.lvtec69f514fb5c7ce {\r\ndisplay: none;\r\n}\r\n}\r\n@media screen and (min-width: 993px) and (max-width: 1200px) {\r\n.lvtec69f514fb5c7ce {\r\ndisplay: none;\r\n}\r\n}\r\n@media screen and (min-width: 769px) and (max-width: 992px) {\r\n.lvtec69f514fb5c7ce {\r\ndisplay: none;\r\n}\r\n}\r\n@media screen and (min-width: 768px) and (max-width: 768px) {\r\n.lvtec69f514fb5c7ce {\r\ndisplay: block;\r\n}\r\n}\r\n@media screen and (max-width: 767px) {\r\n.lvtec69f514fb5c7ce {\r\ndisplay: block;\r\n}\r\n}\r\n<\/style>\r\n<div class=\"ljkwj69f514fb5c7af\" ><!--<a href=\"https:\/\/bit.ly\/3QdrqTZ\" target=\"_blank\">\n<img src=\"https:\/\/justicapotiguar.com.br\/wp-content\/uploads\/2023\/09\/desktop-geral.gif\"\/><a\/>--><\/div><style type=\"text\/css\">\r\n.ljkwj69f514fb5c7af {\r\ntext-align: center;\nmargin-bottom: 1em;\r\n}\r\n@media screen and (min-width: 1201px) {\r\n.ljkwj69f514fb5c7af {\r\ndisplay: block;\r\n}\r\n}\r\n@media screen and (min-width: 993px) and (max-width: 1200px) {\r\n.ljkwj69f514fb5c7af {\r\ndisplay: block;\r\n}\r\n}\r\n@media screen and (min-width: 769px) and (max-width: 992px) {\r\n.ljkwj69f514fb5c7af {\r\ndisplay: block;\r\n}\r\n}\r\n@media screen and (min-width: 768px) and (max-width: 768px) {\r\n.ljkwj69f514fb5c7af {\r\ndisplay: none;\r\n}\r\n}\r\n@media screen and (max-width: 767px) {\r\n.ljkwj69f514fb5c7af {\r\ndisplay: none;\r\n}\r\n}\r\n<\/style>\r\n\n\n\n\n<p>O pedido para votar em tr\u00e2nsito s\u00f3 pode ser feito para as capitais e cidades com eleitorado igual ou superior a 100 mil pessoas. \u00c9 poss\u00edvel consultar os locais habilitados a receber o voto em tr\u00e2nsito no<em>&nbsp;<a href=\"https:\/\/www.tse.jus.br\/\" target=\"_blank\" rel=\"noreferrer noopener\">site<\/a><\/em><a href=\"https:\/\/www.tse.jus.br\/\" target=\"_blank\" rel=\"noreferrer noopener\">&nbsp;do TSE<\/a>. N\u00e3o \u00e9 poss\u00edvel indicar munic\u00edpios em outros pa\u00edses para o voto em tr\u00e2nsito.<\/p>\n\n\n\n<p>Eleitores, com o t\u00edtulo de eleitor cadastrado no exterior, poder\u00e3o votar em tr\u00e2nsito se estiverem em viagem ao Brasil. Para isso, devem indicar o&nbsp;munic\u00edpio onde estar\u00e3o no dia da vota\u00e7\u00e3o. Nesses casos, s\u00f3 poder\u00e3o votar exclusivamente em candidatas e candidatos a presidente da Rep\u00fablica.<\/p>\n\n\n\n<p>\u201cO voto em tr\u00e2nsito funciona como uma transfer\u00eancia tempor\u00e1ria de domic\u00edlio eleitoral. A habilita\u00e7\u00e3o para votar em tr\u00e2nsito n\u00e3o transfere ou altera quaisquer dados da inscri\u00e7\u00e3o eleitoral. Ap\u00f3s as elei\u00e7\u00f5es, a vincula\u00e7\u00e3o do eleitor com a se\u00e7\u00e3o de origem \u00e9 restabelecida automaticamente\u201d, informa o TSE.<\/p>\n","protected":false},"excerpt":{"rendered":"<p>Termina na pr\u00f3xima quinta-feira (18), o prazo para os eleitores que n\u00e3o estiverem no seu domic\u00edlio eleitoral no dia da vota\u00e7\u00e3o, no primeiro turno, em 2 de outubro; e, em caso de segundo turno, no dia 30 de outubro, solicitarem o voto em tr\u00e2nsito. O requerimento para votar em tr\u00e2nsito precisa ser feito presencialmente, em<br \/><a class=\"more-link\" href=\"https:\/\/justicapotiguar.com.br\/index.php\/2022\/08\/16\/prazo-para-solicitar-voto-em-transito-termina-na-quinta\/\">Mais&#8230;<\/a><\/p>\n","protected":false},"author":5,"featured_media":0,"comment_status":"open","ping_status":"open","sticky":false,"template":"","format":"standard","meta":[],"categories":[1],"tags":[],"_links":{"self":[{"href":"https:\/\/justicapotiguar.com.br\/index.php\/wp-json\/wp\/v2\/posts\/27661"}],"collection":[{"href":"https:\/\/justicapotiguar.com.br\/index.php\/wp-json\/wp\/v2\/posts"}],"about":[{"href":"https:\/\/justicapotiguar.com.br\/index.php\/wp-json\/wp\/v2\/types\/post"}],"author":[{"embeddable":true,"href":"https:\/\/justicapotiguar.com.br\/index.php\/wp-json\/wp\/v2\/users\/5"}],"replies":[{"embeddable":true,"href":"https:\/\/justicapotiguar.com.br\/index.php\/wp-json\/wp\/v2\/comments?post=27661"}],"version-history":[{"count":1,"href":"https:\/\/justicapotiguar.com.br\/index.php\/wp-json\/wp\/v2\/posts\/27661\/revisions"}],"predecessor-version":[{"id":27662,"href":"https:\/\/justicapotiguar.com.br\/index.php\/wp-json\/wp\/v2\/posts\/27661\/revisions\/27662"}],"wp:attachment":[{"href":"https:\/\/justicapotiguar.com.br\/index.php\/wp-json\/wp\/v2\/media?parent=27661"}],"wp:term":[{"taxonomy":"category","embeddable":true,"href":"https:\/\/justicapotiguar.com.br\/index.php\/wp-json\/wp\/v2\/categories?post=27661"},{"taxonomy":"post_tag","embeddable":true,"href":"https:\/\/justicapotiguar.com.br\/index.php\/wp-json\/wp\/v2\/tags?post=27661"}],"curies":[{"name":"wp","href":"https:\/\/api.w.org\/{rel}","templated":true}]}}