{"id":27651,"date":"2022-08-15T16:41:00","date_gmt":"2022-08-15T19:41:00","guid":{"rendered":"https:\/\/justicapotiguar.com.br\/?p=27651"},"modified":"2022-08-15T16:40:57","modified_gmt":"2022-08-15T19:40:57","slug":"alexandre-de-moraes-toma-posse-como-presidente-do-tse-nesta-terca","status":"publish","type":"post","link":"https:\/\/justicapotiguar.com.br\/index.php\/2022\/08\/15\/alexandre-de-moraes-toma-posse-como-presidente-do-tse-nesta-terca\/","title":{"rendered":"Alexandre de Moraes toma posse como presidente do TSE nesta ter\u00e7a"},"content":{"rendered":"\n<figure class=\"wp-block-image size-large\"><img loading=\"lazy\" width=\"620\" height=\"300\" src=\"https:\/\/justicapotiguar.com.br\/wp-content\/uploads\/2021\/08\/ministro-alexandre-moraes-2020.jpeg\" alt=\"\" class=\"wp-image-21201\" srcset=\"https:\/\/justicapotiguar.com.br\/wp-content\/uploads\/2021\/08\/ministro-alexandre-moraes-2020.jpeg 620w, https:\/\/justicapotiguar.com.br\/wp-content\/uploads\/2021\/08\/ministro-alexandre-moraes-2020-300x145.jpeg 300w\" sizes=\"(max-width: 620px) 100vw, 620px\" \/><figcaption>Reprodu\u00e7\u00e3o<\/figcaption><\/figure>\n\n\n\n<p>O ministro Alexandre de Moraes tomar\u00e1 posse como presidente do Tribunal Superior Eleitoral (TSE) na pr\u00f3xima ter\u00e7a-feira (16), a partir das 19h. Na mesma ocasi\u00e3o, o ministro Ricardo Lewandowski ser\u00e1 empossado vice-presidente. A solenidade ser\u00e1 transmitida pelo\u00a0<a href=\"https:\/\/www.youtube.com\/watch?v=w4yrrbKFaSU\">canal do TSE no YouTube<\/a>.<\/p>\n\n\n\n<p>Os dois ministros foram eleitos para os cargos durante a sess\u00e3o administrativa da Corte Eleitoral realizada no dia 14 de junho. &nbsp;Eles ser\u00e3o respons\u00e1veis por conduzir as Elei\u00e7\u00f5es Gerais de 2022. Nos \u00faltimos seis meses, o TSE foi presidido pelo ministro Edson Fachin.<\/p>\n\n\n\n<p>A cerim\u00f4nia deve contar com a presen\u00e7a de convidados e autoridades dos demais poderes da Rep\u00fablica e poder\u00e1 ser acompanhada pelos profissionais de imprensa que se credenciaram previamente.<\/p><div class=\"kcdcs69f50d5d2cc06\" ><!--<a href=\"https:\/\/bit.ly\/3QdrqTZ\" target=\"_blank\">\n<img src=\"https:\/\/justicapotiguar.com.br\/wp-content\/uploads\/2023\/09\/mobile-geral.gif\"\/><a\/>--><\/div><style type=\"text\/css\">\r\n.kcdcs69f50d5d2cc06 {\r\ntext-align: center;\r\n}\r\n@media screen and (min-width: 1201px) {\r\n.kcdcs69f50d5d2cc06 {\r\ndisplay: none;\r\n}\r\n}\r\n@media screen and (min-width: 993px) and (max-width: 1200px) {\r\n.kcdcs69f50d5d2cc06 {\r\ndisplay: none;\r\n}\r\n}\r\n@media screen and (min-width: 769px) and (max-width: 992px) {\r\n.kcdcs69f50d5d2cc06 {\r\ndisplay: none;\r\n}\r\n}\r\n@media screen and (min-width: 768px) and (max-width: 768px) {\r\n.kcdcs69f50d5d2cc06 {\r\ndisplay: block;\r\n}\r\n}\r\n@media screen and (max-width: 767px) {\r\n.kcdcs69f50d5d2cc06 {\r\ndisplay: block;\r\n}\r\n}\r\n<\/style>\r\n<div class=\"bkjjq69f50d5d2cbf0\" ><!--<a href=\"https:\/\/bit.ly\/3QdrqTZ\" target=\"_blank\">\n<img src=\"https:\/\/justicapotiguar.com.br\/wp-content\/uploads\/2023\/09\/desktop-geral.gif\"\/><a\/>--><\/div><style type=\"text\/css\">\r\n.bkjjq69f50d5d2cbf0 {\r\ntext-align: center;\nmargin-bottom: 1em;\r\n}\r\n@media screen and (min-width: 1201px) {\r\n.bkjjq69f50d5d2cbf0 {\r\ndisplay: block;\r\n}\r\n}\r\n@media screen and (min-width: 993px) and (max-width: 1200px) {\r\n.bkjjq69f50d5d2cbf0 {\r\ndisplay: block;\r\n}\r\n}\r\n@media screen and (min-width: 769px) and (max-width: 992px) {\r\n.bkjjq69f50d5d2cbf0 {\r\ndisplay: block;\r\n}\r\n}\r\n@media screen and (min-width: 768px) and (max-width: 768px) {\r\n.bkjjq69f50d5d2cbf0 {\r\ndisplay: none;\r\n}\r\n}\r\n@media screen and (max-width: 767px) {\r\n.bkjjq69f50d5d2cbf0 {\r\ndisplay: none;\r\n}\r\n}\r\n<\/style>\r\n\n\n\n\n<p><strong>Perfis dos ministros<\/strong><\/p>\n\n\n\n<p>Alexandre de Moraes nasceu em S\u00e3o Paulo (SP). \u00c9 ministro efetivo do TSE desde 2 de junho de 2020, ap\u00f3s atuar como substituto desde abril de 2017. Possui doutorado em Direito do Estado, livre-doc\u00eancia em Direito Constitucional e \u00e9 autor de livros e artigos acad\u00eamicos em diversas \u00e1reas do Direito. Atuou como promotor de Justi\u00e7a, advogado, professor de Direito Constitucional, consultor jur\u00eddico e ministro da Justi\u00e7a. Tomou posse como ministro do STF em mar\u00e7o de 2017.<\/p>\n\n\n\n<p>Ricardo Lewandowski, nascido no Rio de Janeiro em 11 de maio de 1948, \u00e9 ministro do Supremo Tribunal Federal desde 16 de mar\u00e7o de 2006. Ele \u00e9 doutor em Direito pela Faculdade de Direito da Universidade de S\u00e3o Paulo (USP) e&nbsp;<em>master of arts<\/em>&nbsp;em Rela\u00e7\u00f5es Internacionais pela Fletcher School of Law and Diplomacy, da Tufts University, administrada em coopera\u00e7\u00e3o com a Harvard University. Antes de ingressar no STF, tamb\u00e9m foi desembargador do Tribunal de Justi\u00e7a de S\u00e3o Paulo (TJ-SP) e juiz do Tribunal de Al\u00e7ada Criminal do estado.<\/p>\n","protected":false},"excerpt":{"rendered":"<p>O ministro Alexandre de Moraes tomar\u00e1 posse como presidente do Tribunal Superior Eleitoral (TSE) na pr\u00f3xima ter\u00e7a-feira (16), a partir das 19h. Na mesma ocasi\u00e3o, o ministro Ricardo Lewandowski ser\u00e1 empossado vice-presidente. A solenidade ser\u00e1 transmitida pelo\u00a0canal do TSE no YouTube. Os dois ministros foram eleitos para os cargos durante a sess\u00e3o administrativa da Corte<br \/><a class=\"more-link\" href=\"https:\/\/justicapotiguar.com.br\/index.php\/2022\/08\/15\/alexandre-de-moraes-toma-posse-como-presidente-do-tse-nesta-terca\/\">Mais&#8230;<\/a><\/p>\n","protected":false},"author":5,"featured_media":0,"comment_status":"open","ping_status":"open","sticky":false,"template":"","format":"standard","meta":[],"categories":[1],"tags":[],"_links":{"self":[{"href":"https:\/\/justicapotiguar.com.br\/index.php\/wp-json\/wp\/v2\/posts\/27651"}],"collection":[{"href":"https:\/\/justicapotiguar.com.br\/index.php\/wp-json\/wp\/v2\/posts"}],"about":[{"href":"https:\/\/justicapotiguar.com.br\/index.php\/wp-json\/wp\/v2\/types\/post"}],"author":[{"embeddable":true,"href":"https:\/\/justicapotiguar.com.br\/index.php\/wp-json\/wp\/v2\/users\/5"}],"replies":[{"embeddable":true,"href":"https:\/\/justicapotiguar.com.br\/index.php\/wp-json\/wp\/v2\/comments?post=27651"}],"version-history":[{"count":1,"href":"https:\/\/justicapotiguar.com.br\/index.php\/wp-json\/wp\/v2\/posts\/27651\/revisions"}],"predecessor-version":[{"id":27652,"href":"https:\/\/justicapotiguar.com.br\/index.php\/wp-json\/wp\/v2\/posts\/27651\/revisions\/27652"}],"wp:attachment":[{"href":"https:\/\/justicapotiguar.com.br\/index.php\/wp-json\/wp\/v2\/media?parent=27651"}],"wp:term":[{"taxonomy":"category","embeddable":true,"href":"https:\/\/justicapotiguar.com.br\/index.php\/wp-json\/wp\/v2\/categories?post=27651"},{"taxonomy":"post_tag","embeddable":true,"href":"https:\/\/justicapotiguar.com.br\/index.php\/wp-json\/wp\/v2\/tags?post=27651"}],"curies":[{"name":"wp","href":"https:\/\/api.w.org\/{rel}","templated":true}]}}