{"id":2763,"date":"2019-10-02T08:33:44","date_gmt":"2019-10-02T11:33:44","guid":{"rendered":"https:\/\/justicapotiguar.com.br\/?p=2763"},"modified":"2019-10-02T14:43:41","modified_gmt":"2019-10-02T17:43:41","slug":"juiza-de-curitiba-determina-que-lula-pague-r-49-milhoes-pelo-semiaberto","status":"publish","type":"post","link":"https:\/\/justicapotiguar.com.br\/index.php\/2019\/10\/02\/juiza-de-curitiba-determina-que-lula-pague-r-49-milhoes-pelo-semiaberto\/","title":{"rendered":"Ju\u00edza de Curitiba determina que Lula pague R$ 4,9 milh\u00f5es pelo semiaberto"},"content":{"rendered":"\n<p>A ju\u00edza Carolina Lebbos, da 12\u00aa Vara Federal de Curitiba, determinou nesta ter\u00e7a-feira (1\u00ba\/10) que o ex-presidente Lula pague uma multa estipulada em R$ 4,9 milh\u00f5es \u00e0 Justi\u00e7a se desejar a progress\u00e3o de pena para o regime semiaberto.<\/p>\n\n\n\n<figure class=\"wp-block-image is-resized\"><img loading=\"lazy\" src=\"https:\/\/www.conjur.com.br\/img\/b\/luiz-inacio-lula-silva30.png\" alt=\"\" width=\"452\" height=\"339\"\/><figcaption><sup>Fernando Fraz\u00e3o\/ Ag\u00eancia Brasil<\/sup><\/figcaption><\/figure>\n\n\n\n<p>A&nbsp;progress\u00e3o de regime do petista foi&nbsp;<a href=\"https:\/\/www.conjur.com.br\/2019-set-27\/mpf-curitiba-lula-cumpra-pena-regime-semiaberto2\" target=\"_blank\" rel=\"noreferrer noopener\">pedida<\/a>&nbsp;por membros da for\u00e7a-tarefa da &#8220;lava jato&#8221;. O documento encaminhado a Carolina Lebbos foi assinado por 15 procuradores, entre eles Deltan Dallagnol,&nbsp;Roberto Pozzobon e Laura Tessler.<\/p>\n\n\n\n<p>O valor da multa foi recalculado e reapresentado ap\u00f3s a ju\u00edza decidir que houve um erro na aplica\u00e7\u00e3o da taxa Selic. A quantia, conforme a magistrada, corresponde ao crime de corrup\u00e7\u00e3o, a suposta aquisi\u00e7\u00e3o do tr\u00edplex e suas reformas no valor de R$ 2, 2 milh\u00f5es, em 2009, e mais 35 dias multa no valor unit\u00e1rio de cinco sal\u00e1rios m\u00ednimos.<\/p>\n\n\n\n<p>Os valores atualizados e corrigidos com juros correspondem \u00e0 soma de R$ 4,9 milh\u00f5es.<\/p><div class=\"feaih69eef68fac9f6\" ><!--<a href=\"https:\/\/bit.ly\/3QdrqTZ\" target=\"_blank\">\n<img src=\"https:\/\/justicapotiguar.com.br\/wp-content\/uploads\/2023\/09\/mobile-geral.gif\"\/><a\/>--><\/div><style type=\"text\/css\">\r\n.feaih69eef68fac9f6 {\r\ntext-align: center;\r\n}\r\n@media screen and (min-width: 1201px) {\r\n.feaih69eef68fac9f6 {\r\ndisplay: none;\r\n}\r\n}\r\n@media screen and (min-width: 993px) and (max-width: 1200px) {\r\n.feaih69eef68fac9f6 {\r\ndisplay: none;\r\n}\r\n}\r\n@media screen and (min-width: 769px) and (max-width: 992px) {\r\n.feaih69eef68fac9f6 {\r\ndisplay: none;\r\n}\r\n}\r\n@media screen and (min-width: 768px) and (max-width: 768px) {\r\n.feaih69eef68fac9f6 {\r\ndisplay: block;\r\n}\r\n}\r\n@media screen and (max-width: 767px) {\r\n.feaih69eef68fac9f6 {\r\ndisplay: block;\r\n}\r\n}\r\n<\/style>\r\n<div class=\"nbiai69eef68fac9dc\" ><!--<a href=\"https:\/\/bit.ly\/3QdrqTZ\" target=\"_blank\">\n<img src=\"https:\/\/justicapotiguar.com.br\/wp-content\/uploads\/2023\/09\/desktop-geral.gif\"\/><a\/>--><\/div><style type=\"text\/css\">\r\n.nbiai69eef68fac9dc {\r\ntext-align: center;\nmargin-bottom: 1em;\r\n}\r\n@media screen and (min-width: 1201px) {\r\n.nbiai69eef68fac9dc {\r\ndisplay: block;\r\n}\r\n}\r\n@media screen and (min-width: 993px) and (max-width: 1200px) {\r\n.nbiai69eef68fac9dc {\r\ndisplay: block;\r\n}\r\n}\r\n@media screen and (min-width: 769px) and (max-width: 992px) {\r\n.nbiai69eef68fac9dc {\r\ndisplay: block;\r\n}\r\n}\r\n@media screen and (min-width: 768px) and (max-width: 768px) {\r\n.nbiai69eef68fac9dc {\r\ndisplay: none;\r\n}\r\n}\r\n@media screen and (max-width: 767px) {\r\n.nbiai69eef68fac9dc {\r\ndisplay: none;\r\n}\r\n}\r\n<\/style>\r\n\n\n\n\n<p>A f\u00f3rmula usada \u00e9 questionada pela defesa do ex-presidente, que tamb\u00e9m aponta que a &#8220;execu\u00e7\u00e3o penal antecipada de penas pecuni\u00e1rias do modo que se almeja impor \u00e9 agressiva viol\u00eancia ao direito de ampla defesa t\u00e9cnica, por causar desproporcional sufocamento econ\u00f4mico-defensivo&#8221;.<\/p>\n\n\n\n<p>No pedido de progress\u00e3o de pena do ex-presidente apresentado \u00e0 ju\u00edza, os procuradores da &#8220;lava jato&#8221;&nbsp;alegam que a &#8220;exist\u00eancia de garantia integral \u00e0 repara\u00e7\u00e3o do dano e \u00e0 devolu\u00e7\u00e3o do produto do il\u00edcito praticado, com os acr\u00e9scimos legais (art. 33, \u00a7 4\u00ba, do C\u00f3digo Penal), \u00e9 suficiente para autorizar a mudan\u00e7a a regime prisional mais brando&#8221;.<\/p>\n\n\n\n<p>Antes mesmo da manifesta\u00e7\u00e3o da ju\u00edza sobre o pedido, o ex-presidente Lula, por interm\u00e9dio de seus advogados Cristiano Zanin e Valeska Teixeira, divulgou uma carta em que afirma que n\u00e3o est\u00e1 disposto a \u201ctrocar sua&nbsp;<a href=\"https:\/\/www.conjur.com.br\/2019-set-30\/lula-divulga-carta-nega-beneficio-progressao-pena\" target=\"_blank\" rel=\"noreferrer noopener\">dignidade<\/a>&nbsp;por sua liberdade\u201d.<\/p>\n","protected":false},"excerpt":{"rendered":"<p>Ap\u00f3s Lula negar progress\u00e3o de pena, ju\u00edza estipula multa milion\u00e1ria por benef\u00edcio<br \/>\n<br \/><a class=\"more-link\" href=\"https:\/\/justicapotiguar.com.br\/index.php\/2019\/10\/02\/juiza-de-curitiba-determina-que-lula-pague-r-49-milhoes-pelo-semiaberto\/\">Mais&#8230;<\/a><\/p>\n","protected":false},"author":5,"featured_media":470,"comment_status":"open","ping_status":"open","sticky":false,"template":"","format":"standard","meta":[],"categories":[3],"tags":[],"_links":{"self":[{"href":"https:\/\/justicapotiguar.com.br\/index.php\/wp-json\/wp\/v2\/posts\/2763"}],"collection":[{"href":"https:\/\/justicapotiguar.com.br\/index.php\/wp-json\/wp\/v2\/posts"}],"about":[{"href":"https:\/\/justicapotiguar.com.br\/index.php\/wp-json\/wp\/v2\/types\/post"}],"author":[{"embeddable":true,"href":"https:\/\/justicapotiguar.com.br\/index.php\/wp-json\/wp\/v2\/users\/5"}],"replies":[{"embeddable":true,"href":"https:\/\/justicapotiguar.com.br\/index.php\/wp-json\/wp\/v2\/comments?post=2763"}],"version-history":[{"count":1,"href":"https:\/\/justicapotiguar.com.br\/index.php\/wp-json\/wp\/v2\/posts\/2763\/revisions"}],"predecessor-version":[{"id":2764,"href":"https:\/\/justicapotiguar.com.br\/index.php\/wp-json\/wp\/v2\/posts\/2763\/revisions\/2764"}],"wp:featuredmedia":[{"embeddable":true,"href":"https:\/\/justicapotiguar.com.br\/index.php\/wp-json\/wp\/v2\/media\/470"}],"wp:attachment":[{"href":"https:\/\/justicapotiguar.com.br\/index.php\/wp-json\/wp\/v2\/media?parent=2763"}],"wp:term":[{"taxonomy":"category","embeddable":true,"href":"https:\/\/justicapotiguar.com.br\/index.php\/wp-json\/wp\/v2\/categories?post=2763"},{"taxonomy":"post_tag","embeddable":true,"href":"https:\/\/justicapotiguar.com.br\/index.php\/wp-json\/wp\/v2\/tags?post=2763"}],"curies":[{"name":"wp","href":"https:\/\/api.w.org\/{rel}","templated":true}]}}