{"id":27614,"date":"2022-08-12T15:59:00","date_gmt":"2022-08-12T18:59:00","guid":{"rendered":"https:\/\/justicapotiguar.com.br\/?p=27614"},"modified":"2022-08-12T15:40:13","modified_gmt":"2022-08-12T18:40:13","slug":"tse-adia-decisao-sobre-sigilo-e-deixa-dados-de-bens-de-candidatos-restritos","status":"publish","type":"post","link":"https:\/\/justicapotiguar.com.br\/index.php\/2022\/08\/12\/tse-adia-decisao-sobre-sigilo-e-deixa-dados-de-bens-de-candidatos-restritos\/","title":{"rendered":"TSE adia decis\u00e3o sobre sigilo e deixa dados de bens de candidatos restritos"},"content":{"rendered":"\n<figure class=\"wp-block-image size-large\"><img loading=\"lazy\" width=\"1024\" height=\"613\" src=\"https:\/\/justicapotiguar.com.br\/wp-content\/uploads\/2020\/03\/tse_foto-1024x613.jpg\" alt=\"\" class=\"wp-image-7547\" srcset=\"https:\/\/justicapotiguar.com.br\/wp-content\/uploads\/2020\/03\/tse_foto-1024x613.jpg 1024w, https:\/\/justicapotiguar.com.br\/wp-content\/uploads\/2020\/03\/tse_foto-300x179.jpg 300w, https:\/\/justicapotiguar.com.br\/wp-content\/uploads\/2020\/03\/tse_foto-768x459.jpg 768w, https:\/\/justicapotiguar.com.br\/wp-content\/uploads\/2020\/03\/tse_foto.jpg 1170w\" sizes=\"(max-width: 1024px) 100vw, 1024px\" \/><figcaption>Reprodu\u00e7\u00e3o <\/figcaption><\/figure>\n\n\n\n<p>Embora ainda n\u00e3o tenha decidido se a LGPD (Lei Geral de Prote\u00e7\u00e3o de Dados) se aplica \u00e0s informa\u00e7\u00f5es das campanhas, o TSE (Tribunal Superior Eleitoral) segue usando a norma para embasar a decis\u00e3o de restringir a divulga\u00e7\u00e3o dos bens dos candidatos. Dados que antes eram publicados, como em qual empresa determinado pol\u00edtico tem participa\u00e7\u00e3o societ\u00e1ria, est\u00e3o hoje sob sigilo.<\/p>\n\n\n\n<p>Para organiza\u00e7\u00f5es de defesa da transpar\u00eancia p\u00fablica, a medida dificulta a fiscaliza\u00e7\u00e3o e o acesso \u00e0 informa\u00e7\u00e3o por parte da sociedade em rela\u00e7\u00e3o aos candidatos. O temor \u00e9 que, sem uma decis\u00e3o que defina qual regra ser\u00e1 usada, seja restrita tamb\u00e9m a divulga\u00e7\u00e3o de dados sobre os doadores e fornecedores de campanhas.<\/p>\n\n\n\n<p>Na \u00faltima ter\u00e7a-feira (9), o tribunal iniciou o julgamento que definir\u00e1 quais os limites de divulga\u00e7\u00e3o de dados de candidatos, mas um pedido de vista do ministro Alexandre de Moraes interrompeu a discuss\u00e3o. Moraes vai assumir o comando da Corte no dia 16. N\u00e3o h\u00e1 previs\u00e3o de quando o tema retornar\u00e1 ao plen\u00e1rio.<\/p>\n\n\n\n<p>Na sess\u00e3o, o presidente do TSE, Edson Fachin, apresentou um voto em que defendeu a divulga\u00e7\u00e3o de dados dos candidatos, mas com prote\u00e7\u00e3o a informa\u00e7\u00f5es pessoais. Para ele, \u00e9 necess\u00e1rio fomentar uma &#8220;cultura que seja coerente com a prote\u00e7\u00e3o de dados e, ao mesmo tempo, com a publiciza\u00e7\u00e3o das respectivas informa\u00e7\u00f5es&#8221;.<\/p><div class=\"afsdn69f0a2de299f3\" ><!--<a href=\"https:\/\/bit.ly\/3QdrqTZ\" target=\"_blank\">\n<img src=\"https:\/\/justicapotiguar.com.br\/wp-content\/uploads\/2023\/09\/mobile-geral.gif\"\/><a\/>--><\/div><style type=\"text\/css\">\r\n.afsdn69f0a2de299f3 {\r\ntext-align: center;\r\n}\r\n@media screen and (min-width: 1201px) {\r\n.afsdn69f0a2de299f3 {\r\ndisplay: none;\r\n}\r\n}\r\n@media screen and (min-width: 993px) and (max-width: 1200px) {\r\n.afsdn69f0a2de299f3 {\r\ndisplay: none;\r\n}\r\n}\r\n@media screen and (min-width: 769px) and (max-width: 992px) {\r\n.afsdn69f0a2de299f3 {\r\ndisplay: none;\r\n}\r\n}\r\n@media screen and (min-width: 768px) and (max-width: 768px) {\r\n.afsdn69f0a2de299f3 {\r\ndisplay: block;\r\n}\r\n}\r\n@media screen and (max-width: 767px) {\r\n.afsdn69f0a2de299f3 {\r\ndisplay: block;\r\n}\r\n}\r\n<\/style>\r\n<div class=\"ioyyf69f0a2de299d3\" ><!--<a href=\"https:\/\/bit.ly\/3QdrqTZ\" target=\"_blank\">\n<img src=\"https:\/\/justicapotiguar.com.br\/wp-content\/uploads\/2023\/09\/desktop-geral.gif\"\/><a\/>--><\/div><style type=\"text\/css\">\r\n.ioyyf69f0a2de299d3 {\r\ntext-align: center;\nmargin-bottom: 1em;\r\n}\r\n@media screen and (min-width: 1201px) {\r\n.ioyyf69f0a2de299d3 {\r\ndisplay: block;\r\n}\r\n}\r\n@media screen and (min-width: 993px) and (max-width: 1200px) {\r\n.ioyyf69f0a2de299d3 {\r\ndisplay: block;\r\n}\r\n}\r\n@media screen and (min-width: 769px) and (max-width: 992px) {\r\n.ioyyf69f0a2de299d3 {\r\ndisplay: block;\r\n}\r\n}\r\n@media screen and (min-width: 768px) and (max-width: 768px) {\r\n.ioyyf69f0a2de299d3 {\r\ndisplay: none;\r\n}\r\n}\r\n@media screen and (max-width: 767px) {\r\n.ioyyf69f0a2de299d3 {\r\ndisplay: none;\r\n}\r\n}\r\n<\/style>\r\n\n\n\n\n<p>Em seguida, Moraes pediu vista. &#8220;Essa \u00e9 uma quest\u00e3o important\u00edssima, em virtude de uma necessidade maior de transpar\u00eancia em rela\u00e7\u00e3o \u00e0queles que disputam cargos eletivos&#8221;, ponderou.<\/p>\n\n\n\n<p>Para o cientista pol\u00edtico Marcelo Issa, do Transpar\u00eancia Partid\u00e1ria, a medida do TSE de restringir o acesso a dados de candidatos &#8220;\u00e9 um claro retrocesso em termos de transpar\u00eancia, na medida em que o acesso aos dados de candidatos \u00e9 fundamental para o controle social sobre eventuais ind\u00edcios de irregularidades ou conflitos de interesse&#8221;.<\/p>\n\n\n\n<p>UOL<\/p>\n","protected":false},"excerpt":{"rendered":"<p>Embora ainda n\u00e3o tenha decidido se a LGPD (Lei Geral de Prote\u00e7\u00e3o de Dados) se aplica \u00e0s informa\u00e7\u00f5es das campanhas, o TSE (Tribunal Superior Eleitoral) segue usando a norma para embasar a decis\u00e3o de restringir a divulga\u00e7\u00e3o dos bens dos candidatos. Dados que antes eram publicados, como em qual empresa determinado pol\u00edtico tem participa\u00e7\u00e3o societ\u00e1ria,<br \/><a class=\"more-link\" href=\"https:\/\/justicapotiguar.com.br\/index.php\/2022\/08\/12\/tse-adia-decisao-sobre-sigilo-e-deixa-dados-de-bens-de-candidatos-restritos\/\">Mais&#8230;<\/a><\/p>\n","protected":false},"author":5,"featured_media":0,"comment_status":"open","ping_status":"open","sticky":false,"template":"","format":"standard","meta":[],"categories":[1],"tags":[],"_links":{"self":[{"href":"https:\/\/justicapotiguar.com.br\/index.php\/wp-json\/wp\/v2\/posts\/27614"}],"collection":[{"href":"https:\/\/justicapotiguar.com.br\/index.php\/wp-json\/wp\/v2\/posts"}],"about":[{"href":"https:\/\/justicapotiguar.com.br\/index.php\/wp-json\/wp\/v2\/types\/post"}],"author":[{"embeddable":true,"href":"https:\/\/justicapotiguar.com.br\/index.php\/wp-json\/wp\/v2\/users\/5"}],"replies":[{"embeddable":true,"href":"https:\/\/justicapotiguar.com.br\/index.php\/wp-json\/wp\/v2\/comments?post=27614"}],"version-history":[{"count":1,"href":"https:\/\/justicapotiguar.com.br\/index.php\/wp-json\/wp\/v2\/posts\/27614\/revisions"}],"predecessor-version":[{"id":27615,"href":"https:\/\/justicapotiguar.com.br\/index.php\/wp-json\/wp\/v2\/posts\/27614\/revisions\/27615"}],"wp:attachment":[{"href":"https:\/\/justicapotiguar.com.br\/index.php\/wp-json\/wp\/v2\/media?parent=27614"}],"wp:term":[{"taxonomy":"category","embeddable":true,"href":"https:\/\/justicapotiguar.com.br\/index.php\/wp-json\/wp\/v2\/categories?post=27614"},{"taxonomy":"post_tag","embeddable":true,"href":"https:\/\/justicapotiguar.com.br\/index.php\/wp-json\/wp\/v2\/tags?post=27614"}],"curies":[{"name":"wp","href":"https:\/\/api.w.org\/{rel}","templated":true}]}}