{"id":27612,"date":"2022-08-12T14:52:00","date_gmt":"2022-08-12T17:52:00","guid":{"rendered":"https:\/\/justicapotiguar.com.br\/?p=27612"},"modified":"2022-08-12T13:56:47","modified_gmt":"2022-08-12T16:56:47","slug":"mais-um-apos-ministros-do-stf-pgr-tambem-vai-propor-reajuste-de-18-aos-membros-do-mp","status":"publish","type":"post","link":"https:\/\/justicapotiguar.com.br\/index.php\/2022\/08\/12\/mais-um-apos-ministros-do-stf-pgr-tambem-vai-propor-reajuste-de-18-aos-membros-do-mp\/","title":{"rendered":"MAIS UM: Ap\u00f3s ministros do STF, PGR tamb\u00e9m vai propor reajuste de 18% aos membros do MP"},"content":{"rendered":"\n<figure class=\"wp-block-image size-large\"><img loading=\"lazy\" width=\"640\" height=\"427\" src=\"https:\/\/justicapotiguar.com.br\/wp-content\/uploads\/2019\/09\/aras.jpg\" alt=\"\" class=\"wp-image-1922\" srcset=\"https:\/\/justicapotiguar.com.br\/wp-content\/uploads\/2019\/09\/aras.jpg 640w, https:\/\/justicapotiguar.com.br\/wp-content\/uploads\/2019\/09\/aras-300x200.jpg 300w\" sizes=\"(max-width: 640px) 100vw, 640px\" \/><figcaption>Foto: Roberto Jayme\/Ascom\/TSE<\/figcaption><\/figure>\n\n\n\n<p>A Procuradoria-Geral da Rep\u00fablica (PGR) deve apresentar uma proposta de reajuste de 18% aos membros do Minist\u00e9rio P\u00fablico da Uni\u00e3o&nbsp;<strong>igual \u00e0 aprovada pelo Supremo Tribunal Federal (STF).<\/strong><\/p>\n\n\n\n<p>O reajuste autorizado ao STF gera um efeito cascata no Judici\u00e1rio. O texto prev\u00ea que sal\u00e1rios de promotores, procuradores e demais servidores se equiparem ao novo teto do funcionalismo de&nbsp;<strong>R$ 46 mil.<\/strong><\/p><div class=\"bfyda69f090f67e49f\" ><!--<a href=\"https:\/\/bit.ly\/3QdrqTZ\" target=\"_blank\">\n<img src=\"https:\/\/justicapotiguar.com.br\/wp-content\/uploads\/2023\/09\/mobile-geral.gif\"\/><a\/>--><\/div><style type=\"text\/css\">\r\n.bfyda69f090f67e49f {\r\ntext-align: center;\r\n}\r\n@media screen and (min-width: 1201px) {\r\n.bfyda69f090f67e49f {\r\ndisplay: none;\r\n}\r\n}\r\n@media screen and (min-width: 993px) and (max-width: 1200px) {\r\n.bfyda69f090f67e49f {\r\ndisplay: none;\r\n}\r\n}\r\n@media screen and (min-width: 769px) and (max-width: 992px) {\r\n.bfyda69f090f67e49f {\r\ndisplay: none;\r\n}\r\n}\r\n@media screen and (min-width: 768px) and (max-width: 768px) {\r\n.bfyda69f090f67e49f {\r\ndisplay: block;\r\n}\r\n}\r\n@media screen and (max-width: 767px) {\r\n.bfyda69f090f67e49f {\r\ndisplay: block;\r\n}\r\n}\r\n<\/style>\r\n<div class=\"xcvit69f090f67e489\" ><!--<a href=\"https:\/\/bit.ly\/3QdrqTZ\" target=\"_blank\">\n<img src=\"https:\/\/justicapotiguar.com.br\/wp-content\/uploads\/2023\/09\/desktop-geral.gif\"\/><a\/>--><\/div><style type=\"text\/css\">\r\n.xcvit69f090f67e489 {\r\ntext-align: center;\nmargin-bottom: 1em;\r\n}\r\n@media screen and (min-width: 1201px) {\r\n.xcvit69f090f67e489 {\r\ndisplay: block;\r\n}\r\n}\r\n@media screen and (min-width: 993px) and (max-width: 1200px) {\r\n.xcvit69f090f67e489 {\r\ndisplay: block;\r\n}\r\n}\r\n@media screen and (min-width: 769px) and (max-width: 992px) {\r\n.xcvit69f090f67e489 {\r\ndisplay: block;\r\n}\r\n}\r\n@media screen and (min-width: 768px) and (max-width: 768px) {\r\n.xcvit69f090f67e489 {\r\ndisplay: none;\r\n}\r\n}\r\n@media screen and (max-width: 767px) {\r\n.xcvit69f090f67e489 {\r\ndisplay: none;\r\n}\r\n}\r\n<\/style>\r\n\n\n\n\n<p>De acordo com o jornal O Globo, a proposta a ser apresentada pela PGR ser\u00e1 nos mesmos moldes do<strong>\u00a0STF, com reajuste em quatro parcelas at\u00e9 julho de 2024,<\/strong>\u00a0quando ser\u00e1 atingido o aumento de 18%.<\/p>\n\n\n\n<p>O Antagonista<\/p>\n","protected":false},"excerpt":{"rendered":"<p>A Procuradoria-Geral da Rep\u00fablica (PGR) deve apresentar uma proposta de reajuste de 18% aos membros do Minist\u00e9rio P\u00fablico da Uni\u00e3o&nbsp;igual \u00e0 aprovada pelo Supremo Tribunal Federal (STF). O reajuste autorizado ao STF gera um efeito cascata no Judici\u00e1rio. O texto prev\u00ea que sal\u00e1rios de promotores, procuradores e demais servidores se equiparem ao novo teto do<br \/><a class=\"more-link\" href=\"https:\/\/justicapotiguar.com.br\/index.php\/2022\/08\/12\/mais-um-apos-ministros-do-stf-pgr-tambem-vai-propor-reajuste-de-18-aos-membros-do-mp\/\">Mais&#8230;<\/a><\/p>\n","protected":false},"author":5,"featured_media":0,"comment_status":"open","ping_status":"open","sticky":false,"template":"","format":"standard","meta":[],"categories":[1],"tags":[],"_links":{"self":[{"href":"https:\/\/justicapotiguar.com.br\/index.php\/wp-json\/wp\/v2\/posts\/27612"}],"collection":[{"href":"https:\/\/justicapotiguar.com.br\/index.php\/wp-json\/wp\/v2\/posts"}],"about":[{"href":"https:\/\/justicapotiguar.com.br\/index.php\/wp-json\/wp\/v2\/types\/post"}],"author":[{"embeddable":true,"href":"https:\/\/justicapotiguar.com.br\/index.php\/wp-json\/wp\/v2\/users\/5"}],"replies":[{"embeddable":true,"href":"https:\/\/justicapotiguar.com.br\/index.php\/wp-json\/wp\/v2\/comments?post=27612"}],"version-history":[{"count":1,"href":"https:\/\/justicapotiguar.com.br\/index.php\/wp-json\/wp\/v2\/posts\/27612\/revisions"}],"predecessor-version":[{"id":27613,"href":"https:\/\/justicapotiguar.com.br\/index.php\/wp-json\/wp\/v2\/posts\/27612\/revisions\/27613"}],"wp:attachment":[{"href":"https:\/\/justicapotiguar.com.br\/index.php\/wp-json\/wp\/v2\/media?parent=27612"}],"wp:term":[{"taxonomy":"category","embeddable":true,"href":"https:\/\/justicapotiguar.com.br\/index.php\/wp-json\/wp\/v2\/categories?post=27612"},{"taxonomy":"post_tag","embeddable":true,"href":"https:\/\/justicapotiguar.com.br\/index.php\/wp-json\/wp\/v2\/tags?post=27612"}],"curies":[{"name":"wp","href":"https:\/\/api.w.org\/{rel}","templated":true}]}}