{"id":27610,"date":"2022-08-12T13:08:07","date_gmt":"2022-08-12T16:08:07","guid":{"rendered":"https:\/\/justicapotiguar.com.br\/?p=27610"},"modified":"2022-08-12T13:08:07","modified_gmt":"2022-08-12T16:08:07","slug":"estado-tera-que-efetivar-promocao-de-servidor-que-concluiu-pos-graduacao","status":"publish","type":"post","link":"https:\/\/justicapotiguar.com.br\/index.php\/2022\/08\/12\/estado-tera-que-efetivar-promocao-de-servidor-que-concluiu-pos-graduacao\/","title":{"rendered":"Estado ter\u00e1 que efetivar promo\u00e7\u00e3o de servidor que concluiu p\u00f3s-gradua\u00e7\u00e3o"},"content":{"rendered":"\n<p>Os desembargadores do Tribunal de Justi\u00e7a, em Sess\u00e3o Plen\u00e1ria, concederam parcialmente o pedido feito por meio de um Mandado de Seguran\u00e7a, movido por um servidor estadual, o qual pleiteava a concess\u00e3o de promo\u00e7\u00f5es horizontais e verticais, relacionadas ao magist\u00e9rio p\u00fablico estadual, cujo ingresso no cargo de Professor PN-III, classe \u201cA\u201d, se deu em 4 de fevereiro de 2013. Segundo o recurso, no entanto, em raz\u00e3o da conclus\u00e3o do curso de p\u00f3s-gradua\u00e7\u00e3o, o educador requereu a progress\u00e3o administrativa para o cargo PN-IV no ano de 2019, mas que at\u00e9 a data de ajuizamento da demanda diz n\u00e3o ter ocorrido a an\u00e1lise do pedido.<\/p>\n\n\n\n<figure class=\"wp-block-image size-large\"><img loading=\"lazy\" width=\"300\" height=\"225\" src=\"https:\/\/justicapotiguar.com.br\/wp-content\/uploads\/2020\/03\/diploma3.jpeg\" alt=\"\" class=\"wp-image-7812\"\/><figcaption>Ilustrativa<\/figcaption><\/figure>\n\n\n\n<p>O autor do recurso ainda argumentou que, al\u00e9m da inexist\u00eancia da promo\u00e7\u00e3o devida em rela\u00e7\u00e3o ao N\u00edvel, a Classe atualmente ocupada estaria \u201cequivocada\u201d, na medida em que possui mais de oito anos de servi\u00e7o, motivo pelo qual, a partir de 2019, deveria ocupar a Classe \u201cC\u201d, mas ainda se encontra na classe \u201cA\u201d.<\/p>\n\n\n\n<p>Conforme o colegiado do TJRN, ao ser reconhecida a nova titula\u00e7\u00e3o do servidor, \u00e9 cab\u00edvel a promo\u00e7\u00e3o por titula\u00e7\u00e3o para o n\u00edvel pretendido, em raz\u00e3o da conclus\u00e3o do curso de especializa\u00e7\u00e3o, o qual, em raz\u00e3o do requerimento em mar\u00e7o de 2019, deveria ter sido efetivada no ano seguinte, em janeiro de 2020, por for\u00e7a do artigo 45, par\u00e1grafo 2\u00ba, da LCE n\u00ba 322\/2006, o que n\u00e3o foi atendido pela Administra\u00e7\u00e3o P\u00fablica unicamente por quest\u00f5es de ordem or\u00e7ament\u00e1ria e financeira.<\/p>\n\n\n\n<p>\u201cA prop\u00f3sito, ressalto que, no momento do requerimento de promo\u00e7\u00e3o, a impetrante sequer se encontrava em est\u00e1gio probat\u00f3rio, n\u00e3o se aplicando as disposi\u00e7\u00f5es dos artigos 38 e 23 da LCE n\u00ba. 322\/2006\u201d, explica a relatoria do voto, por meio do desembargador Dilermando Mota, ao ressaltar o direito \u00e0 promo\u00e7\u00e3o vertical.<\/p><div class=\"axirf69f090c7e896e\" ><!--<a href=\"https:\/\/bit.ly\/3QdrqTZ\" target=\"_blank\">\n<img src=\"https:\/\/justicapotiguar.com.br\/wp-content\/uploads\/2023\/09\/mobile-geral.gif\"\/><a\/>--><\/div><style type=\"text\/css\">\r\n.axirf69f090c7e896e {\r\ntext-align: center;\r\n}\r\n@media screen and (min-width: 1201px) {\r\n.axirf69f090c7e896e {\r\ndisplay: none;\r\n}\r\n}\r\n@media screen and (min-width: 993px) and (max-width: 1200px) {\r\n.axirf69f090c7e896e {\r\ndisplay: none;\r\n}\r\n}\r\n@media screen and (min-width: 769px) and (max-width: 992px) {\r\n.axirf69f090c7e896e {\r\ndisplay: none;\r\n}\r\n}\r\n@media screen and (min-width: 768px) and (max-width: 768px) {\r\n.axirf69f090c7e896e {\r\ndisplay: block;\r\n}\r\n}\r\n@media screen and (max-width: 767px) {\r\n.axirf69f090c7e896e {\r\ndisplay: block;\r\n}\r\n}\r\n<\/style>\r\n<div class=\"prkev69f090c7e895a\" ><!--<a href=\"https:\/\/bit.ly\/3QdrqTZ\" target=\"_blank\">\n<img src=\"https:\/\/justicapotiguar.com.br\/wp-content\/uploads\/2023\/09\/desktop-geral.gif\"\/><a\/>--><\/div><style type=\"text\/css\">\r\n.prkev69f090c7e895a {\r\ntext-align: center;\nmargin-bottom: 1em;\r\n}\r\n@media screen and (min-width: 1201px) {\r\n.prkev69f090c7e895a {\r\ndisplay: block;\r\n}\r\n}\r\n@media screen and (min-width: 993px) and (max-width: 1200px) {\r\n.prkev69f090c7e895a {\r\ndisplay: block;\r\n}\r\n}\r\n@media screen and (min-width: 769px) and (max-width: 992px) {\r\n.prkev69f090c7e895a {\r\ndisplay: block;\r\n}\r\n}\r\n@media screen and (min-width: 768px) and (max-width: 768px) {\r\n.prkev69f090c7e895a {\r\ndisplay: none;\r\n}\r\n}\r\n@media screen and (max-width: 767px) {\r\n.prkev69f090c7e895a {\r\ndisplay: none;\r\n}\r\n}\r\n<\/style>\r\n\n\n\n\n<p>O julgamento ainda destacou, contudo, que, no relacionado \u00e0 pretens\u00e3o de progress\u00e3o horizontal, n\u00e3o foi trazido aos autos uma prova pr\u00e9-constitu\u00edda do direito, consistente na simples ficha funcional capaz de demonstrar o tempo de servi\u00e7o e a poss\u00edvel omiss\u00e3o na an\u00e1lise da progress\u00e3o devida.<\/p>\n\n\n\n<p>\u201cTodavia, ainda que se considerasse apenas a data informada na peti\u00e7\u00e3o inicial, o ingresso da impetrante no cargo em que pretende ser promovida teria ocorrido em 4 de fevereiro de 2013, de modo que, somente a partir de fevereiro de 2016 \u00e9 que se iniciaria a contagem do tempo para a promo\u00e7\u00e3o \u00e0 classe \u201cB\u201d, em fevereiro de 2018 para a classe \u201cC\u201d e em fevereiro de 2020 para a classe \u201cD\u201d\u201d, esclarece o relator.<\/p>\n\n\n\n<p><strong>(Mandado de Seguran\u00e7a C\u00edvel N\u00ba 0800382-93.2021.8.20.0000)<\/strong><\/p>\n","protected":false},"excerpt":{"rendered":"<p>Os desembargadores do Tribunal de Justi\u00e7a, em Sess\u00e3o Plen\u00e1ria, concederam parcialmente o pedido feito por meio de um Mandado de Seguran\u00e7a, movido por um servidor estadual, o qual pleiteava a concess\u00e3o de promo\u00e7\u00f5es horizontais e verticais, relacionadas ao magist\u00e9rio p\u00fablico estadual, cujo ingresso no cargo de Professor PN-III, classe \u201cA\u201d, se deu em 4 de<br \/><a class=\"more-link\" href=\"https:\/\/justicapotiguar.com.br\/index.php\/2022\/08\/12\/estado-tera-que-efetivar-promocao-de-servidor-que-concluiu-pos-graduacao\/\">Mais&#8230;<\/a><\/p>\n","protected":false},"author":5,"featured_media":0,"comment_status":"open","ping_status":"open","sticky":false,"template":"","format":"standard","meta":[],"categories":[1],"tags":[],"_links":{"self":[{"href":"https:\/\/justicapotiguar.com.br\/index.php\/wp-json\/wp\/v2\/posts\/27610"}],"collection":[{"href":"https:\/\/justicapotiguar.com.br\/index.php\/wp-json\/wp\/v2\/posts"}],"about":[{"href":"https:\/\/justicapotiguar.com.br\/index.php\/wp-json\/wp\/v2\/types\/post"}],"author":[{"embeddable":true,"href":"https:\/\/justicapotiguar.com.br\/index.php\/wp-json\/wp\/v2\/users\/5"}],"replies":[{"embeddable":true,"href":"https:\/\/justicapotiguar.com.br\/index.php\/wp-json\/wp\/v2\/comments?post=27610"}],"version-history":[{"count":1,"href":"https:\/\/justicapotiguar.com.br\/index.php\/wp-json\/wp\/v2\/posts\/27610\/revisions"}],"predecessor-version":[{"id":27611,"href":"https:\/\/justicapotiguar.com.br\/index.php\/wp-json\/wp\/v2\/posts\/27610\/revisions\/27611"}],"wp:attachment":[{"href":"https:\/\/justicapotiguar.com.br\/index.php\/wp-json\/wp\/v2\/media?parent=27610"}],"wp:term":[{"taxonomy":"category","embeddable":true,"href":"https:\/\/justicapotiguar.com.br\/index.php\/wp-json\/wp\/v2\/categories?post=27610"},{"taxonomy":"post_tag","embeddable":true,"href":"https:\/\/justicapotiguar.com.br\/index.php\/wp-json\/wp\/v2\/tags?post=27610"}],"curies":[{"name":"wp","href":"https:\/\/api.w.org\/{rel}","templated":true}]}}