{"id":2761,"date":"2019-10-02T07:52:27","date_gmt":"2019-10-02T10:52:27","guid":{"rendered":"https:\/\/justicapotiguar.com.br\/?p=2761"},"modified":"2019-10-02T07:52:27","modified_gmt":"2019-10-02T10:52:27","slug":"tribunal-modifica-condenacao-de-empresa-por-poluicao-sonora-e-ambiental-no-rn","status":"publish","type":"post","link":"https:\/\/justicapotiguar.com.br\/index.php\/2019\/10\/02\/tribunal-modifica-condenacao-de-empresa-por-poluicao-sonora-e-ambiental-no-rn\/","title":{"rendered":"Tribunal modifica condena\u00e7\u00e3o de empresa por polui\u00e7\u00e3o sonora e ambiental no RN"},"content":{"rendered":"\n<figure class=\"wp-block-image\"><img loading=\"lazy\" width=\"640\" height=\"427\" src=\"https:\/\/justicapotiguar.com.br\/wp-content\/uploads\/2019\/08\/justica-1.jpg\" alt=\"\" class=\"wp-image-1055\" srcset=\"https:\/\/justicapotiguar.com.br\/wp-content\/uploads\/2019\/08\/justica-1.jpg 640w, https:\/\/justicapotiguar.com.br\/wp-content\/uploads\/2019\/08\/justica-1-300x200.jpg 300w\" sizes=\"(max-width: 640px) 100vw, 640px\" \/><\/figure>\n\n\n\n<p>A 3\u00aa C\u00e2mara C\u00edvel do Tribunal de Justi\u00e7a do RN manteve em parte senten\u00e7a da 4\u00aa Vara C\u00edvel de Natal que determinou o pagamento de indeniza\u00e7\u00e3o a um cidad\u00e3o pelos danos materiais e morais causados por uma empresa de metalurgia instalada ao lado de sua resid\u00eancia.<\/p>\n\n\n\n<p>De acordo com os autos, a empresa ergueu ao lado da casa do autor uma ind\u00fastria metal\u00fargica para fabrica\u00e7\u00e3o de esquadrias met\u00e1licas, artigos de serralheria, manuten\u00e7\u00e3o e reparo equipamentos industriais, dentre outros. E tal situa\u00e7\u00e3o acarretou a ele uma s\u00e9rie de transtornos, pois ele e sua fam\u00edlia passaram \u201ca ter problemas de sa\u00fade e psicol\u00f3gicos devido \u00e0 polui\u00e7\u00e3o expelida pelo estabelecimento\u201d.<\/p>\n\n\n\n<p>Na primeira inst\u00e2ncia, a empresa foi condenada ao pagamento de R$ 3.322,85 a t\u00edtulo de danos materiais e outros R$ 10 mil por danos morais. Ao analisar o recurso de Apela\u00e7\u00e3o movido pela empresa, a C\u00e2mara C\u00edvel votou por reduzir o valor da indeniza\u00e7\u00e3o por danos morais ao patamar de R$ 5 mil.<\/p>\n\n\n\n<p>No teor da Apela\u00e7\u00e3o a empresa tentou extinguir a indeniza\u00e7\u00e3o alegando \u201caus\u00eancia de elementos da responsabilidade civil\u201d e ainda buscou diminui\u00e7\u00e3o da quantia estabelecida para compensar os danos morais sofridos.<\/p><div class=\"mjkgq69eecaab217ff\" ><!--<a href=\"https:\/\/bit.ly\/3QdrqTZ\" target=\"_blank\">\n<img src=\"https:\/\/justicapotiguar.com.br\/wp-content\/uploads\/2023\/09\/mobile-geral.gif\"\/><a\/>--><\/div><style type=\"text\/css\">\r\n.mjkgq69eecaab217ff {\r\ntext-align: center;\r\n}\r\n@media screen and (min-width: 1201px) {\r\n.mjkgq69eecaab217ff {\r\ndisplay: none;\r\n}\r\n}\r\n@media screen and (min-width: 993px) and (max-width: 1200px) {\r\n.mjkgq69eecaab217ff {\r\ndisplay: none;\r\n}\r\n}\r\n@media screen and (min-width: 769px) and (max-width: 992px) {\r\n.mjkgq69eecaab217ff {\r\ndisplay: none;\r\n}\r\n}\r\n@media screen and (min-width: 768px) and (max-width: 768px) {\r\n.mjkgq69eecaab217ff {\r\ndisplay: block;\r\n}\r\n}\r\n@media screen and (max-width: 767px) {\r\n.mjkgq69eecaab217ff {\r\ndisplay: block;\r\n}\r\n}\r\n<\/style>\r\n<div class=\"twcvy69eecaab217df\" ><!--<a href=\"https:\/\/bit.ly\/3QdrqTZ\" target=\"_blank\">\n<img src=\"https:\/\/justicapotiguar.com.br\/wp-content\/uploads\/2023\/09\/desktop-geral.gif\"\/><a\/>--><\/div><style type=\"text\/css\">\r\n.twcvy69eecaab217df {\r\ntext-align: center;\nmargin-bottom: 1em;\r\n}\r\n@media screen and (min-width: 1201px) {\r\n.twcvy69eecaab217df {\r\ndisplay: block;\r\n}\r\n}\r\n@media screen and (min-width: 993px) and (max-width: 1200px) {\r\n.twcvy69eecaab217df {\r\ndisplay: block;\r\n}\r\n}\r\n@media screen and (min-width: 769px) and (max-width: 992px) {\r\n.twcvy69eecaab217df {\r\ndisplay: block;\r\n}\r\n}\r\n@media screen and (min-width: 768px) and (max-width: 768px) {\r\n.twcvy69eecaab217df {\r\ndisplay: none;\r\n}\r\n}\r\n@media screen and (max-width: 767px) {\r\n.twcvy69eecaab217df {\r\ndisplay: none;\r\n}\r\n}\r\n<\/style>\r\n\n\n\n\n<p>Todavia, o relator do recurso, desembargador Vivaldo Pinheiro, frisou com base na an\u00e1lise da documenta\u00e7\u00e3o acostada, \u201cque n\u00e3o existia o necess\u00e1rio licenciamento ambiental para o funcionamento da empresa apelante\u201d e acrescentou que \u201cconsta den\u00fancia de infra\u00e7\u00e3o ambiental, indicando que a empresa estaria atuando fora do compasso legal\u201d.<\/p>\n\n\n\n<p>Nesse sentido o desembargador refor\u00e7ou que o relat\u00f3rio produzido pela delegacia especializada em prote\u00e7\u00e3o ao meio ambiente concluiu que \u201ca parte apelante teria sido a causadora da polui\u00e7\u00e3o sonora\u201d, uma vez que o \u201cbarulho monitorado encontrava-se acima dos n\u00edveis de decib\u00e9is previstos pela legisla\u00e7\u00e3o ambiental\u201d. E assim, foi mantida a condena\u00e7\u00e3o da empresa apelante em rela\u00e7\u00e3o aos danos materiais causados.<\/p>\n\n\n\n<p>J\u00e1 em rela\u00e7\u00e3o ao pedido de diminui\u00e7\u00e3o do dano moral, ao analisar o princ\u00edpio da proporcionalidade e \u00e0s peculiaridades da demanda em an\u00e1lise, o desembargador Vivaldo Pinheiro considerou excessivo o valor de R$ 10 mil fixado por mostrar-se \u201cdivergente do valor arbitrado em situa\u00e7\u00f5es an\u00e1logas\u201d.<\/p>\n","protected":false},"excerpt":{"rendered":"<p>De acordo com os autos, a empresa ergueu ao lado da casa do autor uma ind\u00fastria metal\u00fargica para fabrica\u00e7\u00e3o de esquadrias met\u00e1licas<br \/><a class=\"more-link\" href=\"https:\/\/justicapotiguar.com.br\/index.php\/2019\/10\/02\/tribunal-modifica-condenacao-de-empresa-por-poluicao-sonora-e-ambiental-no-rn\/\">Mais&#8230;<\/a><\/p>\n","protected":false},"author":5,"featured_media":1055,"comment_status":"open","ping_status":"open","sticky":false,"template":"","format":"standard","meta":[],"categories":[3],"tags":[],"_links":{"self":[{"href":"https:\/\/justicapotiguar.com.br\/index.php\/wp-json\/wp\/v2\/posts\/2761"}],"collection":[{"href":"https:\/\/justicapotiguar.com.br\/index.php\/wp-json\/wp\/v2\/posts"}],"about":[{"href":"https:\/\/justicapotiguar.com.br\/index.php\/wp-json\/wp\/v2\/types\/post"}],"author":[{"embeddable":true,"href":"https:\/\/justicapotiguar.com.br\/index.php\/wp-json\/wp\/v2\/users\/5"}],"replies":[{"embeddable":true,"href":"https:\/\/justicapotiguar.com.br\/index.php\/wp-json\/wp\/v2\/comments?post=2761"}],"version-history":[{"count":1,"href":"https:\/\/justicapotiguar.com.br\/index.php\/wp-json\/wp\/v2\/posts\/2761\/revisions"}],"predecessor-version":[{"id":2762,"href":"https:\/\/justicapotiguar.com.br\/index.php\/wp-json\/wp\/v2\/posts\/2761\/revisions\/2762"}],"wp:featuredmedia":[{"embeddable":true,"href":"https:\/\/justicapotiguar.com.br\/index.php\/wp-json\/wp\/v2\/media\/1055"}],"wp:attachment":[{"href":"https:\/\/justicapotiguar.com.br\/index.php\/wp-json\/wp\/v2\/media?parent=2761"}],"wp:term":[{"taxonomy":"category","embeddable":true,"href":"https:\/\/justicapotiguar.com.br\/index.php\/wp-json\/wp\/v2\/categories?post=2761"},{"taxonomy":"post_tag","embeddable":true,"href":"https:\/\/justicapotiguar.com.br\/index.php\/wp-json\/wp\/v2\/tags?post=2761"}],"curies":[{"name":"wp","href":"https:\/\/api.w.org\/{rel}","templated":true}]}}