{"id":27608,"date":"2022-08-12T11:00:00","date_gmt":"2022-08-12T14:00:00","guid":{"rendered":"https:\/\/justicapotiguar.com.br\/?p=27608"},"modified":"2022-08-12T10:26:03","modified_gmt":"2022-08-12T13:26:03","slug":"mendonca-pede-vista-em-julgamentos-contra-bolsonaro-relatados-por-moraes","status":"publish","type":"post","link":"https:\/\/justicapotiguar.com.br\/index.php\/2022\/08\/12\/mendonca-pede-vista-em-julgamentos-contra-bolsonaro-relatados-por-moraes\/","title":{"rendered":"Mendon\u00e7a pede vista em julgamentos contra Bolsonaro relatados por Moraes"},"content":{"rendered":"\n<p>O Supremo Tribunal Federal come\u00e7aria a julgar nesta sexta-feira (12\/8) uma s\u00e9rie de recursos apresentados contra decis\u00f5es do ministro Alexandre de Moraes em casos envolvendo o presidente da Rep\u00fablica, Jair Bolsonaro.<\/p>\n\n\n\n<p><img alt=\"\" src=\"https:\/\/www.conjur.com.br\/img\/b\/andre-mendonca3.jpeg\">Come\u00e7aria, porque horas depois do in\u00edcio das sess\u00f5es virtuais, Andr\u00e9 Mendon\u00e7a pediu vista em todos. Segundo a&nbsp;<em>Folha de S.Paulo<\/em>, a inten\u00e7\u00e3o de Alexandre ao pautar os recursos era garantir respaldo para suas decis\u00f5es, no contexto dos ataques que Bolsonaro vem fazendo ao Judici\u00e1rio e, especialmente, \u00e0 Justi\u00e7a Eleitoral.<\/p>\n\n\n\n<p>O presidente&nbsp;\u00e9 alvo no inqu\u00e9rito das fake news (Inq 4.781), no qual seriam julgados dez recursos de uma vez. Mendon\u00e7a pediu vista em todos. No inqu\u00e9rito sobre tentativa de incita\u00e7\u00e3o da popula\u00e7\u00e3o \u00e0 viol\u00eancia, que levou \u00e0 pris\u00e3o do caminhoneiro Z\u00e9 Trov\u00e3o&nbsp;(Inq 4.879), seriam julgados mais oito recursos.<\/p>\n\n\n\n<p>Tamb\u00e9m foi suspenso um recurso no inqu\u00e9rito sobre vazamento de dados sigilosos de investiga\u00e7\u00e3o da Pol\u00edcia Federal sobre ataque hacker contra o TSE (Inq 4.788) e outro no que apurava se Bolsonaro cometeu crime ao associar a vacina contra a Covid-19 \u00e0 Aids (Inq 4.888).<\/p>\n\n\n\n<p>Alexandre de Moraes assume a presid\u00eancia do Tribunal Superior Eleitoral na pr\u00f3xima ter\u00e7a-feira como alvo preferencial dos ataques do presidente da Rep\u00fablica. A preocupa\u00e7\u00e3o tamb\u00e9m \u00e9 grande com os atos de cunho antidemocr\u00e1tico que Bolsonaro convoca anualmente para o 7 de setembro.<\/p><div class=\"jcpah69f090b425883\" ><!--<a href=\"https:\/\/bit.ly\/3QdrqTZ\" target=\"_blank\">\n<img src=\"https:\/\/justicapotiguar.com.br\/wp-content\/uploads\/2023\/09\/mobile-geral.gif\"\/><a\/>--><\/div><style type=\"text\/css\">\r\n.jcpah69f090b425883 {\r\ntext-align: center;\r\n}\r\n@media screen and (min-width: 1201px) {\r\n.jcpah69f090b425883 {\r\ndisplay: none;\r\n}\r\n}\r\n@media screen and (min-width: 993px) and (max-width: 1200px) {\r\n.jcpah69f090b425883 {\r\ndisplay: none;\r\n}\r\n}\r\n@media screen and (min-width: 769px) and (max-width: 992px) {\r\n.jcpah69f090b425883 {\r\ndisplay: none;\r\n}\r\n}\r\n@media screen and (min-width: 768px) and (max-width: 768px) {\r\n.jcpah69f090b425883 {\r\ndisplay: block;\r\n}\r\n}\r\n@media screen and (max-width: 767px) {\r\n.jcpah69f090b425883 {\r\ndisplay: block;\r\n}\r\n}\r\n<\/style>\r\n<div class=\"ljzts69f090b42585f\" ><!--<a href=\"https:\/\/bit.ly\/3QdrqTZ\" target=\"_blank\">\n<img src=\"https:\/\/justicapotiguar.com.br\/wp-content\/uploads\/2023\/09\/desktop-geral.gif\"\/><a\/>--><\/div><style type=\"text\/css\">\r\n.ljzts69f090b42585f {\r\ntext-align: center;\nmargin-bottom: 1em;\r\n}\r\n@media screen and (min-width: 1201px) {\r\n.ljzts69f090b42585f {\r\ndisplay: block;\r\n}\r\n}\r\n@media screen and (min-width: 993px) and (max-width: 1200px) {\r\n.ljzts69f090b42585f {\r\ndisplay: block;\r\n}\r\n}\r\n@media screen and (min-width: 769px) and (max-width: 992px) {\r\n.ljzts69f090b42585f {\r\ndisplay: block;\r\n}\r\n}\r\n@media screen and (min-width: 768px) and (max-width: 768px) {\r\n.ljzts69f090b42585f {\r\ndisplay: none;\r\n}\r\n}\r\n@media screen and (max-width: 767px) {\r\n.ljzts69f090b42585f {\r\ndisplay: none;\r\n}\r\n}\r\n<\/style>\r\n\n\n\n\n<p><strong>Debates suspensos<\/strong><br>No inqu\u00e9rito das fake news, seriam julgados agravos do Twitter e de Luciano Hang contra bloqueio de perfis; de Marcos Dominguez Bellizia, Luciano Hang e Bia Kicis contra decis\u00f5es que negaram fornecimento de c\u00f3pias de documentos; dois recursos do Facebook contra o bloqueio de perfis de Daniel Silveira; outros de Mare Clausum e M\u00e1rio Sabino Filho pedindo para deixar de ser partes no processo; e, por fim, um do empres\u00e1rio Oscar Fakhoury contra decis\u00e3o que negou c\u00f3pia de documentos, desbloqueio de redes sociais e arquivamento da investiga\u00e7\u00e3o.<\/p>\n\n\n\n<p>No inqu\u00e9rito da incita\u00e7\u00e3o violenta da popula\u00e7\u00e3o, seriam julgados tr\u00eas recursos do Twitter, tr\u00eas do Facebook e um do Google contra bloqueio de perfis; e um agravo do deputado Otoni de Paula contra decis\u00e3o que negou revogar a suspens\u00e3o das redes e tamb\u00e9m devolver os bens apreendidos.<\/p>\n\n\n\n<p>No inqu\u00e9rito sobre a investiga\u00e7\u00e3o sigilosa da PF, seria julgado um agravo de Bolsonaro contra decis\u00e3o que acolheu not\u00edcia-crime do TSE e instaurou o inqu\u00e9rito. Por fim, naquele sobre associa\u00e7\u00e3o da vacina da Covid com a Aids, havia dois agravos, um da PGR, contra a decis\u00e3o que instaurou o inqu\u00e9rito; e outro\u00a0de F\u00e1bio de Oliveira Ribeiro contra decis\u00e3o que negou sua entrada nos autos, que n\u00e3o teve pedido de vista.<\/p>\n\n\n\n<p>Conjur<\/p>\n","protected":false},"excerpt":{"rendered":"<p>O Supremo Tribunal Federal come\u00e7aria a julgar nesta sexta-feira (12\/8) uma s\u00e9rie de recursos apresentados contra decis\u00f5es do ministro Alexandre de Moraes em casos envolvendo o presidente da Rep\u00fablica, Jair Bolsonaro. Come\u00e7aria, porque horas depois do in\u00edcio das sess\u00f5es virtuais, Andr\u00e9 Mendon\u00e7a pediu vista em todos. Segundo a&nbsp;Folha de S.Paulo, a inten\u00e7\u00e3o de Alexandre ao<br \/><a class=\"more-link\" href=\"https:\/\/justicapotiguar.com.br\/index.php\/2022\/08\/12\/mendonca-pede-vista-em-julgamentos-contra-bolsonaro-relatados-por-moraes\/\">Mais&#8230;<\/a><\/p>\n","protected":false},"author":5,"featured_media":0,"comment_status":"open","ping_status":"open","sticky":false,"template":"","format":"standard","meta":[],"categories":[1],"tags":[],"_links":{"self":[{"href":"https:\/\/justicapotiguar.com.br\/index.php\/wp-json\/wp\/v2\/posts\/27608"}],"collection":[{"href":"https:\/\/justicapotiguar.com.br\/index.php\/wp-json\/wp\/v2\/posts"}],"about":[{"href":"https:\/\/justicapotiguar.com.br\/index.php\/wp-json\/wp\/v2\/types\/post"}],"author":[{"embeddable":true,"href":"https:\/\/justicapotiguar.com.br\/index.php\/wp-json\/wp\/v2\/users\/5"}],"replies":[{"embeddable":true,"href":"https:\/\/justicapotiguar.com.br\/index.php\/wp-json\/wp\/v2\/comments?post=27608"}],"version-history":[{"count":1,"href":"https:\/\/justicapotiguar.com.br\/index.php\/wp-json\/wp\/v2\/posts\/27608\/revisions"}],"predecessor-version":[{"id":27609,"href":"https:\/\/justicapotiguar.com.br\/index.php\/wp-json\/wp\/v2\/posts\/27608\/revisions\/27609"}],"wp:attachment":[{"href":"https:\/\/justicapotiguar.com.br\/index.php\/wp-json\/wp\/v2\/media?parent=27608"}],"wp:term":[{"taxonomy":"category","embeddable":true,"href":"https:\/\/justicapotiguar.com.br\/index.php\/wp-json\/wp\/v2\/categories?post=27608"},{"taxonomy":"post_tag","embeddable":true,"href":"https:\/\/justicapotiguar.com.br\/index.php\/wp-json\/wp\/v2\/tags?post=27608"}],"curies":[{"name":"wp","href":"https:\/\/api.w.org\/{rel}","templated":true}]}}