{"id":27606,"date":"2022-08-12T09:45:00","date_gmt":"2022-08-12T12:45:00","guid":{"rendered":"https:\/\/justicapotiguar.com.br\/?p=27606"},"modified":"2022-08-12T09:05:27","modified_gmt":"2022-08-12T12:05:27","slug":"lei-sobre-regime-de-transporte-coletivo-na-capital-e-julgada-inconstitucional","status":"publish","type":"post","link":"https:\/\/justicapotiguar.com.br\/index.php\/2022\/08\/12\/lei-sobre-regime-de-transporte-coletivo-na-capital-e-julgada-inconstitucional\/","title":{"rendered":"Lei sobre regime de transporte coletivo na capital \u00e9 julgada inconstitucional"},"content":{"rendered":"\n<p>O Pleno do TJRN n\u00e3o deu provimento a um novo recurso, embargos de declara\u00e7\u00e3o, interposto pela Mesa Diretora da C\u00e2mara Municipal de Natal, contra decis\u00e3o anterior da Corte potiguar, em a\u00e7\u00e3o direta de inconstitucionalidade, na qual foi declarado como inconstitucional a Lei 622\/2020, cujo teor disp\u00f5e sobre a regulamenta\u00e7\u00e3o do transporte urbano na capital potiguar. A ADI foi impetrada pela prefeitura, j\u00e1 que o dispositivo questionado modificou o regime de itiner\u00e1rios, linhas e hor\u00e1rios de circula\u00e7\u00e3o de \u00f4nibus integrantes da frota de Concession\u00e1rias de Servi\u00e7o P\u00fablico de Transporte Coletivo, al\u00e9m de variadas atribui\u00e7\u00f5es e responsabilidades administrativas relacionadas \u00e0 prefeitura e \u00e0 STTU.<\/p>\n\n\n\n<figure class=\"wp-block-image size-large\"><img loading=\"lazy\" width=\"750\" height=\"500\" src=\"https:\/\/justicapotiguar.com.br\/wp-content\/uploads\/2020\/03\/onibus-RN-1.jpg\" alt=\"\" class=\"wp-image-8005\" srcset=\"https:\/\/justicapotiguar.com.br\/wp-content\/uploads\/2020\/03\/onibus-RN-1.jpg 750w, https:\/\/justicapotiguar.com.br\/wp-content\/uploads\/2020\/03\/onibus-RN-1-300x200.jpg 300w\" sizes=\"(max-width: 750px) 100vw, 750px\" \/><figcaption>Reprodu\u00e7\u00e3o<\/figcaption><\/figure>\n\n\n\n<p>\u00c0 \u00e9poca, em abril, a prefeitura sustentou a inconstitucionalidade do diploma em decorr\u00eancia do v\u00edcio de iniciativa, por se tratar de prerrogativa exclusiva do chefe do Executivo. J\u00e1 no atual recurso, a mesa diretora sustentou, em resumo, omiss\u00e3o no debate acerca do n\u00e3o estabelecimento de encargos para o Executivo e obscuridade no assentimento do procurador-geral do Munic\u00edpio&nbsp;\u00e0 defesa do ato.<\/p>\n\n\n\n<p>Contudo, para o colegiado potiguar, \u00e9 preciso destacar que o princ\u00edpio da parametricidade &#8211; iniciativa legislativa do chefe do Executivo (artigo 46, par\u00e1grafo 1\u00ba, inciso II, &#8216;a&#8217; e &#8216;c&#8217;, da Constitui\u00e7\u00e3o Estadual) &#8211; \u00e9 de observ\u00e2ncia obrigat\u00f3ria na esfera municipal, por for\u00e7a do princ\u00edpio da simetria, n\u00e3o havendo porque se falar em contrariedade reflexa ou indireta, o que a Suprema Corte j\u00e1 estabeleceu.<\/p>\n\n\n\n<p>\u201cAfinal, embora n\u00e3o se desconhe\u00e7a o car\u00e1ter social da lei, sobretudo ao impulsionar debates e estudos acerca das altera\u00e7\u00f5es na rede de transporte p\u00fablico na Capital, dita iniciativa esbarra na inconstitucionalidade apontada. Ou seja, a normatiza\u00e7\u00e3o em tela extrapola as fronteiras reservadas aos edis, abrangendo atos de organiza\u00e7\u00e3o interna da gest\u00e3o municipal (cl\u00e1usula de reserva de administra\u00e7\u00e3o), o que resulta na disponibilidade de recursos humanos e materiais imprescind\u00edveis ao atendimento de suas atribui\u00e7\u00f5es\u201d, esclarece a relatoria do voto, por meio do desembargador Saraiva Sobrinho.<\/p><div class=\"tjhyb69f08e94886ba\" ><!--<a href=\"https:\/\/bit.ly\/3QdrqTZ\" target=\"_blank\">\n<img src=\"https:\/\/justicapotiguar.com.br\/wp-content\/uploads\/2023\/09\/mobile-geral.gif\"\/><a\/>--><\/div><style type=\"text\/css\">\r\n.tjhyb69f08e94886ba {\r\ntext-align: center;\r\n}\r\n@media screen and (min-width: 1201px) {\r\n.tjhyb69f08e94886ba {\r\ndisplay: none;\r\n}\r\n}\r\n@media screen and (min-width: 993px) and (max-width: 1200px) {\r\n.tjhyb69f08e94886ba {\r\ndisplay: none;\r\n}\r\n}\r\n@media screen and (min-width: 769px) and (max-width: 992px) {\r\n.tjhyb69f08e94886ba {\r\ndisplay: none;\r\n}\r\n}\r\n@media screen and (min-width: 768px) and (max-width: 768px) {\r\n.tjhyb69f08e94886ba {\r\ndisplay: block;\r\n}\r\n}\r\n@media screen and (max-width: 767px) {\r\n.tjhyb69f08e94886ba {\r\ndisplay: block;\r\n}\r\n}\r\n<\/style>\r\n<div class=\"dpwdc69f08e94886a1\" ><!--<a href=\"https:\/\/bit.ly\/3QdrqTZ\" target=\"_blank\">\n<img src=\"https:\/\/justicapotiguar.com.br\/wp-content\/uploads\/2023\/09\/desktop-geral.gif\"\/><a\/>--><\/div><style type=\"text\/css\">\r\n.dpwdc69f08e94886a1 {\r\ntext-align: center;\nmargin-bottom: 1em;\r\n}\r\n@media screen and (min-width: 1201px) {\r\n.dpwdc69f08e94886a1 {\r\ndisplay: block;\r\n}\r\n}\r\n@media screen and (min-width: 993px) and (max-width: 1200px) {\r\n.dpwdc69f08e94886a1 {\r\ndisplay: block;\r\n}\r\n}\r\n@media screen and (min-width: 769px) and (max-width: 992px) {\r\n.dpwdc69f08e94886a1 {\r\ndisplay: block;\r\n}\r\n}\r\n@media screen and (min-width: 768px) and (max-width: 768px) {\r\n.dpwdc69f08e94886a1 {\r\ndisplay: none;\r\n}\r\n}\r\n@media screen and (max-width: 767px) {\r\n.dpwdc69f08e94886a1 {\r\ndisplay: none;\r\n}\r\n}\r\n<\/style>\r\n\n\n\n\n<p>O julgamento define, desta forma, que, ao contr\u00e1rio do alegado, em v\u00e1rios argumentos, que as mat\u00e9rias foram exaustivamente discutidas na ADI questionada e, neste entendimento, manteve o que foi decidido no ac\u00f3rd\u00e3o anterior, de 6 de abril de 2022, bem como a conclus\u00e3o de que, tal legisla\u00e7\u00e3o \u00e9 de compet\u00eancia privativa do chefe do Executivo Municipal para inaugurar o processo legislativo que importe em assun\u00e7\u00e3o de encargos (despesas).<\/p>\n\n\n\n<p><strong>(Embargos de Declara\u00e7\u00e3o em ADI n\u00ba 0811324-24.2020.8.20.0000)<\/strong><\/p>\n\n\n\n<h3>Tribunal de Justi\u00e7a do Estado do Rio Grande do Norte &#8211; Av. Jer\u00f4nimo C\u00e2mara,N\u00ba 2000, Nossa Senhora de Nazar\u00e9, Natal\/RN, CEP 59060-300 &#8211; (84) 3673-8000<\/h3>\n\n\n\n<p><a href=\"https:\/\/www.facebook.com\/tjrnoficial\">&nbsp;<\/a><a href=\"https:\/\/www.instagram.com\/tjrnoficial\/\">&nbsp;<\/a><a href=\"https:\/\/twitter.com\/tjrnnoticias\">&nbsp;<\/a><a href=\"https:\/\/www.youtube.com\/user\/canaltjrn\"><\/a><\/p>\n","protected":false},"excerpt":{"rendered":"<p>O Pleno do TJRN n\u00e3o deu provimento a um novo recurso, embargos de declara\u00e7\u00e3o, interposto pela Mesa Diretora da C\u00e2mara Municipal de Natal, contra decis\u00e3o anterior da Corte potiguar, em a\u00e7\u00e3o direta de inconstitucionalidade, na qual foi declarado como inconstitucional a Lei 622\/2020, cujo teor disp\u00f5e sobre a regulamenta\u00e7\u00e3o do transporte urbano na capital potiguar.<br \/><a class=\"more-link\" href=\"https:\/\/justicapotiguar.com.br\/index.php\/2022\/08\/12\/lei-sobre-regime-de-transporte-coletivo-na-capital-e-julgada-inconstitucional\/\">Mais&#8230;<\/a><\/p>\n","protected":false},"author":5,"featured_media":0,"comment_status":"open","ping_status":"open","sticky":false,"template":"","format":"standard","meta":[],"categories":[1],"tags":[],"_links":{"self":[{"href":"https:\/\/justicapotiguar.com.br\/index.php\/wp-json\/wp\/v2\/posts\/27606"}],"collection":[{"href":"https:\/\/justicapotiguar.com.br\/index.php\/wp-json\/wp\/v2\/posts"}],"about":[{"href":"https:\/\/justicapotiguar.com.br\/index.php\/wp-json\/wp\/v2\/types\/post"}],"author":[{"embeddable":true,"href":"https:\/\/justicapotiguar.com.br\/index.php\/wp-json\/wp\/v2\/users\/5"}],"replies":[{"embeddable":true,"href":"https:\/\/justicapotiguar.com.br\/index.php\/wp-json\/wp\/v2\/comments?post=27606"}],"version-history":[{"count":1,"href":"https:\/\/justicapotiguar.com.br\/index.php\/wp-json\/wp\/v2\/posts\/27606\/revisions"}],"predecessor-version":[{"id":27607,"href":"https:\/\/justicapotiguar.com.br\/index.php\/wp-json\/wp\/v2\/posts\/27606\/revisions\/27607"}],"wp:attachment":[{"href":"https:\/\/justicapotiguar.com.br\/index.php\/wp-json\/wp\/v2\/media?parent=27606"}],"wp:term":[{"taxonomy":"category","embeddable":true,"href":"https:\/\/justicapotiguar.com.br\/index.php\/wp-json\/wp\/v2\/categories?post=27606"},{"taxonomy":"post_tag","embeddable":true,"href":"https:\/\/justicapotiguar.com.br\/index.php\/wp-json\/wp\/v2\/tags?post=27606"}],"curies":[{"name":"wp","href":"https:\/\/api.w.org\/{rel}","templated":true}]}}