{"id":27589,"date":"2022-08-11T13:55:00","date_gmt":"2022-08-11T16:55:00","guid":{"rendered":"https:\/\/justicapotiguar.com.br\/?p=27589"},"modified":"2022-08-11T10:59:25","modified_gmt":"2022-08-11T13:59:25","slug":"lei-sobre-contratacao-de-agentes-de-endemias-e-julgada-inconstitucional-em-parnamirim","status":"publish","type":"post","link":"https:\/\/justicapotiguar.com.br\/index.php\/2022\/08\/11\/lei-sobre-contratacao-de-agentes-de-endemias-e-julgada-inconstitucional-em-parnamirim\/","title":{"rendered":"Lei sobre contrata\u00e7\u00e3o de agentes de endemias \u00e9 julgada inconstitucional em Parnamirim"},"content":{"rendered":"\n<p>O Tribunal Pleno da Justi\u00e7a do RN declarou a inconstitucionalidade do artigo 10 da Lei Complementar n\u00ba 23\/2007 e dos artigos 1\u00ba, 2\u00ba e 3\u00ba da Lei Complementar n\u00ba 52\/2011, editadas pelo Munic\u00edpio de Parnamirim, as quais disp\u00f5em sobre os cargos de Agente Comunit\u00e1rio de Sa\u00fade e de Agentes de Combate \u00e0s Endemias. Segundo a Procuradoria-Geral de Justi\u00e7a, as normas violam a regra do concurso p\u00fablico, pois os artigos contestados concedem aos profissionais n\u00e3o investidos em empregos ou cargos p\u00fablicos, contratados precariamente, a perman\u00eancia no exerc\u00edcio do cargo at\u00e9 a posse dos agentes admitidos mediante processo seletivo. A previs\u00e3o de modifica\u00e7\u00e3o do regime jur\u00eddico realizaria um \u201cverdadeiro reenquadramento\u201d de empregados p\u00fablicos regidos pela CLT como servidores p\u00fablicos de regime estatut\u00e1rio.<\/p>\n\n\n\n<p>Segundo a PGJ, tais normas afrontam o artigo 26, inciso II, da Constitui\u00e7\u00e3o do Estado, bem como os artigos 198 e 37, inciso II, da Constitui\u00e7\u00e3o Federal e o artigo 2\u00ba, par\u00e1grafo \u00fanico, da Emenda Constitucional N\u00ba 51\/2006.<\/p>\n\n\n\n<p>\u201cCom efeito, o sistema constitucional vigente prev\u00ea como regra que a investidura, em cargo ou emprego p\u00fablico, depende de aprova\u00e7\u00e3o pr\u00e9via em concurso p\u00fablico de provas ou de provas e t\u00edtulos (artigo 37, inciso II, da Constitui\u00e7\u00e3o Federal e artigo 26, inciso II da Constitui\u00e7\u00e3o Estadual do RN) e a realiza\u00e7\u00e3o de certame competitivo pr\u00e9via ao acesso aos cargos, empregos e fun\u00e7\u00f5es p\u00fablicas objetiva realizar princ\u00edpios consagrados no mesmo artigo 37 da Carta Maior\u201d, explica o relator da ADI, desembargador Amaury Moura Sobrinho.<\/p><div class=\"mxwhe69f096241fedb\" ><!--<a href=\"https:\/\/bit.ly\/3QdrqTZ\" target=\"_blank\">\n<img src=\"https:\/\/justicapotiguar.com.br\/wp-content\/uploads\/2023\/09\/mobile-geral.gif\"\/><a\/>--><\/div><style type=\"text\/css\">\r\n.mxwhe69f096241fedb {\r\ntext-align: center;\r\n}\r\n@media screen and (min-width: 1201px) {\r\n.mxwhe69f096241fedb {\r\ndisplay: none;\r\n}\r\n}\r\n@media screen and (min-width: 993px) and (max-width: 1200px) {\r\n.mxwhe69f096241fedb {\r\ndisplay: none;\r\n}\r\n}\r\n@media screen and (min-width: 769px) and (max-width: 992px) {\r\n.mxwhe69f096241fedb {\r\ndisplay: none;\r\n}\r\n}\r\n@media screen and (min-width: 768px) and (max-width: 768px) {\r\n.mxwhe69f096241fedb {\r\ndisplay: block;\r\n}\r\n}\r\n@media screen and (max-width: 767px) {\r\n.mxwhe69f096241fedb {\r\ndisplay: block;\r\n}\r\n}\r\n<\/style>\r\n<div class=\"nymqa69f096241febb\" ><!--<a href=\"https:\/\/bit.ly\/3QdrqTZ\" target=\"_blank\">\n<img src=\"https:\/\/justicapotiguar.com.br\/wp-content\/uploads\/2023\/09\/desktop-geral.gif\"\/><a\/>--><\/div><style type=\"text\/css\">\r\n.nymqa69f096241febb {\r\ntext-align: center;\nmargin-bottom: 1em;\r\n}\r\n@media screen and (min-width: 1201px) {\r\n.nymqa69f096241febb {\r\ndisplay: block;\r\n}\r\n}\r\n@media screen and (min-width: 993px) and (max-width: 1200px) {\r\n.nymqa69f096241febb {\r\ndisplay: block;\r\n}\r\n}\r\n@media screen and (min-width: 769px) and (max-width: 992px) {\r\n.nymqa69f096241febb {\r\ndisplay: block;\r\n}\r\n}\r\n@media screen and (min-width: 768px) and (max-width: 768px) {\r\n.nymqa69f096241febb {\r\ndisplay: none;\r\n}\r\n}\r\n@media screen and (max-width: 767px) {\r\n.nymqa69f096241febb {\r\ndisplay: none;\r\n}\r\n}\r\n<\/style>\r\n\n\n\n\n<figure class=\"wp-block-image size-large\"><img loading=\"lazy\" width=\"680\" height=\"350\" src=\"https:\/\/justicapotiguar.com.br\/wp-content\/uploads\/2020\/02\/A8D29C4A8730F3D168C3A981507705A3C79B_agenteessa.jpg\" alt=\"\" class=\"wp-image-6272\" srcset=\"https:\/\/justicapotiguar.com.br\/wp-content\/uploads\/2020\/02\/A8D29C4A8730F3D168C3A981507705A3C79B_agenteessa.jpg 680w, https:\/\/justicapotiguar.com.br\/wp-content\/uploads\/2020\/02\/A8D29C4A8730F3D168C3A981507705A3C79B_agenteessa-300x154.jpg 300w\" sizes=\"(max-width: 680px) 100vw, 680px\" \/><figcaption>Ilustrativa<\/figcaption><\/figure>\n\n\n\n<p>Segundo a decis\u00e3o atual, a regra geral \u00e9 a da obrigatoriedade da realiza\u00e7\u00e3o de concurso p\u00fablico, que somente pode ser afastada nas hip\u00f3teses de contrata\u00e7\u00e3o tempor\u00e1ria (artigo 26, inciso IX, da Constitui\u00e7\u00e3o Estadual e artigo 37, inciso IX, da Carta Federal) e nas atribui\u00e7\u00f5es e fun\u00e7\u00f5es de dire\u00e7\u00e3o e assessoramento, para as quais poder\u00e3o ser criados cargos em comiss\u00e3o, providos livremente, sem concurso, (artigo 26, inciso II, da Constitui\u00e7\u00e3o Estadual e artigo 37, inciso II, da Carta Federal).<\/p>\n\n\n\n<p><strong>(A\u00e7\u00e3o Direta de Inconstitucionalidade N\u00b0 0803396-22.2020.8.20.0000)<\/strong><\/p>\n\n\n\n<h3><\/h3>\n\n\n\n<p><a href=\"https:\/\/www.facebook.com\/tjrnoficial\">&nbsp;<\/a><a href=\"https:\/\/www.instagram.com\/tjrnoficial\/\">&nbsp;<\/a><a href=\"https:\/\/twitter.com\/tjrnnoticias\">&nbsp;<\/a><a href=\"https:\/\/www.youtube.com\/user\/canaltjrn\"><\/a><\/p>\n","protected":false},"excerpt":{"rendered":"<p>O Tribunal Pleno da Justi\u00e7a do RN declarou a inconstitucionalidade do artigo 10 da Lei Complementar n\u00ba 23\/2007 e dos artigos 1\u00ba, 2\u00ba e 3\u00ba da Lei Complementar n\u00ba 52\/2011, editadas pelo Munic\u00edpio de Parnamirim, as quais disp\u00f5em sobre os cargos de Agente Comunit\u00e1rio de Sa\u00fade e de Agentes de Combate \u00e0s Endemias. Segundo a<br \/><a class=\"more-link\" href=\"https:\/\/justicapotiguar.com.br\/index.php\/2022\/08\/11\/lei-sobre-contratacao-de-agentes-de-endemias-e-julgada-inconstitucional-em-parnamirim\/\">Mais&#8230;<\/a><\/p>\n","protected":false},"author":5,"featured_media":0,"comment_status":"open","ping_status":"open","sticky":false,"template":"","format":"standard","meta":[],"categories":[1],"tags":[],"_links":{"self":[{"href":"https:\/\/justicapotiguar.com.br\/index.php\/wp-json\/wp\/v2\/posts\/27589"}],"collection":[{"href":"https:\/\/justicapotiguar.com.br\/index.php\/wp-json\/wp\/v2\/posts"}],"about":[{"href":"https:\/\/justicapotiguar.com.br\/index.php\/wp-json\/wp\/v2\/types\/post"}],"author":[{"embeddable":true,"href":"https:\/\/justicapotiguar.com.br\/index.php\/wp-json\/wp\/v2\/users\/5"}],"replies":[{"embeddable":true,"href":"https:\/\/justicapotiguar.com.br\/index.php\/wp-json\/wp\/v2\/comments?post=27589"}],"version-history":[{"count":1,"href":"https:\/\/justicapotiguar.com.br\/index.php\/wp-json\/wp\/v2\/posts\/27589\/revisions"}],"predecessor-version":[{"id":27590,"href":"https:\/\/justicapotiguar.com.br\/index.php\/wp-json\/wp\/v2\/posts\/27589\/revisions\/27590"}],"wp:attachment":[{"href":"https:\/\/justicapotiguar.com.br\/index.php\/wp-json\/wp\/v2\/media?parent=27589"}],"wp:term":[{"taxonomy":"category","embeddable":true,"href":"https:\/\/justicapotiguar.com.br\/index.php\/wp-json\/wp\/v2\/categories?post=27589"},{"taxonomy":"post_tag","embeddable":true,"href":"https:\/\/justicapotiguar.com.br\/index.php\/wp-json\/wp\/v2\/tags?post=27589"}],"curies":[{"name":"wp","href":"https:\/\/api.w.org\/{rel}","templated":true}]}}