{"id":27565,"date":"2022-08-10T15:28:00","date_gmt":"2022-08-10T18:28:00","guid":{"rendered":"https:\/\/justicapotiguar.com.br\/?p=27565"},"modified":"2022-08-10T14:27:51","modified_gmt":"2022-08-10T17:27:51","slug":"juiz-suspeito-de-agredir-namorada-tenta-prender-delegada-que-registrou-denuncia-no-ceara","status":"publish","type":"post","link":"https:\/\/justicapotiguar.com.br\/index.php\/2022\/08\/10\/juiz-suspeito-de-agredir-namorada-tenta-prender-delegada-que-registrou-denuncia-no-ceara\/","title":{"rendered":"Juiz suspeito de agredir namorada tenta prender delegada que registrou den\u00fancia no Cear\u00e1"},"content":{"rendered":"\n<p>Uma delegada recebeu voz de pris\u00e3o de um juiz de direito ap\u00f3s registrar um caso de viol\u00eancia dom\u00e9stica contra ele na Delegacia de Defesa da Mulher, em Fortaleza, na madrugada deste s\u00e1bado (8). A delegada n\u00e3o chegou a ser presa, mas, segundo a Pol\u00edcia Civil, foi desacatada e ofendida pelo juiz enquanto exercia seu trabalho. O magistrado nega as den\u00fancias.<\/p>\n\n\n\n<p>O Tribunal de Justi\u00e7a do Cear\u00e1 disse que aguarda apura\u00e7\u00e3o dos fatos e &#8220;repudia todo e qualquer tipo de viol\u00eancia e adotar\u00e1 as medidas cab\u00edveis, caso seja constatado algum ato em desacordo com os princ\u00edpios \u00e9ticos e legais&#8221;.<\/p>\n\n\n\n<figure class=\"wp-block-image size-large\"><img loading=\"lazy\" width=\"800\" height=\"533\" src=\"https:\/\/justicapotiguar.com.br\/wp-content\/uploads\/2020\/04\/violencia-contra-mulher.jpg\" alt=\"\" class=\"wp-image-8881\" srcset=\"https:\/\/justicapotiguar.com.br\/wp-content\/uploads\/2020\/04\/violencia-contra-mulher.jpg 800w, https:\/\/justicapotiguar.com.br\/wp-content\/uploads\/2020\/04\/violencia-contra-mulher-300x200.jpg 300w, https:\/\/justicapotiguar.com.br\/wp-content\/uploads\/2020\/04\/violencia-contra-mulher-768x512.jpg 768w\" sizes=\"(max-width: 800px) 100vw, 800px\" \/><figcaption>Ilustrativa<\/figcaption><\/figure>\n\n\n\n<p>A delegada teria ouvido uma m\u00e9dica, namorada do juiz, que o denunciava por viol\u00eancia dom\u00e9stica. O magistrado teria tomado conhecimento da den\u00fancia quando foi at\u00e9 a delegacia exigir o boletim de ocorr\u00eancia registrado pela ent\u00e3o namorada.<\/p><div class=\"fqkhz69f0a263ee3ef\" ><!--<a href=\"https:\/\/bit.ly\/3QdrqTZ\" target=\"_blank\">\n<img src=\"https:\/\/justicapotiguar.com.br\/wp-content\/uploads\/2023\/09\/mobile-geral.gif\"\/><a\/>--><\/div><style type=\"text\/css\">\r\n.fqkhz69f0a263ee3ef {\r\ntext-align: center;\r\n}\r\n@media screen and (min-width: 1201px) {\r\n.fqkhz69f0a263ee3ef {\r\ndisplay: none;\r\n}\r\n}\r\n@media screen and (min-width: 993px) and (max-width: 1200px) {\r\n.fqkhz69f0a263ee3ef {\r\ndisplay: none;\r\n}\r\n}\r\n@media screen and (min-width: 769px) and (max-width: 992px) {\r\n.fqkhz69f0a263ee3ef {\r\ndisplay: none;\r\n}\r\n}\r\n@media screen and (min-width: 768px) and (max-width: 768px) {\r\n.fqkhz69f0a263ee3ef {\r\ndisplay: block;\r\n}\r\n}\r\n@media screen and (max-width: 767px) {\r\n.fqkhz69f0a263ee3ef {\r\ndisplay: block;\r\n}\r\n}\r\n<\/style>\r\n<div class=\"dqtyy69f0a263ee3d1\" ><!--<a href=\"https:\/\/bit.ly\/3QdrqTZ\" target=\"_blank\">\n<img src=\"https:\/\/justicapotiguar.com.br\/wp-content\/uploads\/2023\/09\/desktop-geral.gif\"\/><a\/>--><\/div><style type=\"text\/css\">\r\n.dqtyy69f0a263ee3d1 {\r\ntext-align: center;\nmargin-bottom: 1em;\r\n}\r\n@media screen and (min-width: 1201px) {\r\n.dqtyy69f0a263ee3d1 {\r\ndisplay: block;\r\n}\r\n}\r\n@media screen and (min-width: 993px) and (max-width: 1200px) {\r\n.dqtyy69f0a263ee3d1 {\r\ndisplay: block;\r\n}\r\n}\r\n@media screen and (min-width: 769px) and (max-width: 992px) {\r\n.dqtyy69f0a263ee3d1 {\r\ndisplay: block;\r\n}\r\n}\r\n@media screen and (min-width: 768px) and (max-width: 768px) {\r\n.dqtyy69f0a263ee3d1 {\r\ndisplay: none;\r\n}\r\n}\r\n@media screen and (max-width: 767px) {\r\n.dqtyy69f0a263ee3d1 {\r\ndisplay: none;\r\n}\r\n}\r\n<\/style>\r\n\n\n\n\n<p>Ainda conforme relato de testemunhas, a delegada, que dava plant\u00e3o na unidade policial, se recusou a entregar o documento ao juiz. Se valendo da posi\u00e7\u00e3o p\u00fablica, o magistrado deu voz de pris\u00e3o contra a delegada. Houve confus\u00e3o na delegacia e policiais defenderam a delegada, pedindo para que o juiz fosse embora.<\/p>\n\n\n\n<p>G1<\/p>\n","protected":false},"excerpt":{"rendered":"<p>Uma delegada recebeu voz de pris\u00e3o de um juiz de direito ap\u00f3s registrar um caso de viol\u00eancia dom\u00e9stica contra ele na Delegacia de Defesa da Mulher, em Fortaleza, na madrugada deste s\u00e1bado (8). A delegada n\u00e3o chegou a ser presa, mas, segundo a Pol\u00edcia Civil, foi desacatada e ofendida pelo juiz enquanto exercia seu trabalho.<br \/><a class=\"more-link\" href=\"https:\/\/justicapotiguar.com.br\/index.php\/2022\/08\/10\/juiz-suspeito-de-agredir-namorada-tenta-prender-delegada-que-registrou-denuncia-no-ceara\/\">Mais&#8230;<\/a><\/p>\n","protected":false},"author":5,"featured_media":0,"comment_status":"open","ping_status":"open","sticky":false,"template":"","format":"standard","meta":[],"categories":[1],"tags":[],"_links":{"self":[{"href":"https:\/\/justicapotiguar.com.br\/index.php\/wp-json\/wp\/v2\/posts\/27565"}],"collection":[{"href":"https:\/\/justicapotiguar.com.br\/index.php\/wp-json\/wp\/v2\/posts"}],"about":[{"href":"https:\/\/justicapotiguar.com.br\/index.php\/wp-json\/wp\/v2\/types\/post"}],"author":[{"embeddable":true,"href":"https:\/\/justicapotiguar.com.br\/index.php\/wp-json\/wp\/v2\/users\/5"}],"replies":[{"embeddable":true,"href":"https:\/\/justicapotiguar.com.br\/index.php\/wp-json\/wp\/v2\/comments?post=27565"}],"version-history":[{"count":1,"href":"https:\/\/justicapotiguar.com.br\/index.php\/wp-json\/wp\/v2\/posts\/27565\/revisions"}],"predecessor-version":[{"id":27566,"href":"https:\/\/justicapotiguar.com.br\/index.php\/wp-json\/wp\/v2\/posts\/27565\/revisions\/27566"}],"wp:attachment":[{"href":"https:\/\/justicapotiguar.com.br\/index.php\/wp-json\/wp\/v2\/media?parent=27565"}],"wp:term":[{"taxonomy":"category","embeddable":true,"href":"https:\/\/justicapotiguar.com.br\/index.php\/wp-json\/wp\/v2\/categories?post=27565"},{"taxonomy":"post_tag","embeddable":true,"href":"https:\/\/justicapotiguar.com.br\/index.php\/wp-json\/wp\/v2\/tags?post=27565"}],"curies":[{"name":"wp","href":"https:\/\/api.w.org\/{rel}","templated":true}]}}