{"id":27560,"date":"2022-08-10T13:58:40","date_gmt":"2022-08-10T16:58:40","guid":{"rendered":"https:\/\/justicapotiguar.com.br\/?p=27560"},"modified":"2022-08-10T13:58:40","modified_gmt":"2022-08-10T16:58:40","slug":"honorarios-devem-incidir-sobre-toda-a-condenacao-em-acoes-que-pedem-tratamento-medico-e-dano-moral","status":"publish","type":"post","link":"https:\/\/justicapotiguar.com.br\/index.php\/2022\/08\/10\/honorarios-devem-incidir-sobre-toda-a-condenacao-em-acoes-que-pedem-tratamento-medico-e-dano-moral\/","title":{"rendered":"Honor\u00e1rios devem incidir sobre toda a condena\u00e7\u00e3o em a\u00e7\u00f5es que pedem tratamento m\u00e9dico e dano moral"},"content":{"rendered":"\n<p>A Segunda Se\u00e7\u00e3o do Superior Tribunal de Justi\u00e7a (STJ) entendeu que, quando a senten\u00e7a reconhecer o direito \u00e0 cobertura de tratamento m\u00e9dico e ao recebimento de indeniza\u00e7\u00e3o por danos morais, os honor\u00e1rios advocat\u00edcios sucumbenciais dever\u00e3o incidir sobre as condena\u00e7\u00f5es \u00e0 obriga\u00e7\u00e3o de fazer e ao pagamento de quantia certa.<\/p>\n\n\n\n<p>A decis\u00e3o teve origem em a\u00e7\u00e3o ajuizada por uma cliente contra uma operadora de plano de sa\u00fade, requerendo autoriza\u00e7\u00e3o para realizar interven\u00e7\u00e3o cir\u00fargica e repara\u00e7\u00e3o pelo abalo moral sofrido em virtude da negativa do tratamento.<\/p>\n\n\n\n<p>Na primeira inst\u00e2ncia, a operadora foi condenada a cobrir a cirurgia, por\u00e9m a indeniza\u00e7\u00e3o por danos morais foi afastada \u2013 decis\u00e3o mantida em segundo grau. Interposto&nbsp;recurso especial, a Quarta Turma do STJ julgou procedente o pedido de dano moral e fixou a verba reparat\u00f3ria em R$ 10 mil, condenando a r\u00e9 a pagar honor\u00e1rios de 10% sobre esse valor.<\/p>\n\n\n\n<p>Em embargos de diverg\u00eancia, a autora da a\u00e7\u00e3o alegou que a decis\u00e3o da Quarta Turma divergiu do precedente da Terceira Turma no&nbsp;<a href=\"https:\/\/processo.stj.jus.br\/processo\/revista\/documento\/mediado\/?componente=ITA&amp;sequencial=1874126&amp;num_registro=201703322081&amp;data=20191011&amp;formato=PDF\"><strong>REsp 1.738.737<\/strong><\/a>, em que se entendeu, pela interpreta\u00e7\u00e3o do artigo 20 do C\u00f3digo de Processo Civil (CPC) de 1973, que os honor\u00e1rios devem incidir sobre a totalidade da condena\u00e7\u00e3o, inclusive quanto \u00e0 obriga\u00e7\u00e3o de fazer.<\/p>\n\n\n\n<figure class=\"wp-block-image size-large\"><img loading=\"lazy\" width=\"680\" height=\"366\" src=\"https:\/\/justicapotiguar.com.br\/wp-content\/uploads\/2020\/03\/27D11F77FEB0DBADECD467F31992A6DD9727_dinheiro.jpg\" alt=\"\" class=\"wp-image-8146\" srcset=\"https:\/\/justicapotiguar.com.br\/wp-content\/uploads\/2020\/03\/27D11F77FEB0DBADECD467F31992A6DD9727_dinheiro.jpg 680w, https:\/\/justicapotiguar.com.br\/wp-content\/uploads\/2020\/03\/27D11F77FEB0DBADECD467F31992A6DD9727_dinheiro-300x161.jpg 300w\" sizes=\"(max-width: 680px) 100vw, 680px\" \/><figcaption>Reprodu\u00e7\u00e3o<\/figcaption><\/figure>\n\n\n\n<h2>Similitude f\u00e1tica e diverg\u00eancia jur\u00eddica<\/h2>\n\n\n\n<p>A relatoria foi do ministro Ricardo Villas B\u00f4as Cueva, o qual destacou que os dois casos apresentam similitude f\u00e1tica, visto que t\u00eam origem em a\u00e7\u00f5es propostas contra operadora de plano de sa\u00fade, nas quais se postulam a cobertura para tratamento m\u00e9dico \u2013 obriga\u00e7\u00e3o de fazer \u2013 e a repara\u00e7\u00e3o pelo abalo moral sofrido \u2013 obriga\u00e7\u00e3o de pagar quantia certa.<\/p>\n\n\n\n<p>Entretanto, o magistrado ponderou que, no aspecto jur\u00eddico, de fato, os colegiados decidiram de forma divergente a respeito da incid\u00eancia da verba honor\u00e1ria quanto \u00e0 obriga\u00e7\u00e3o de fazer.<\/p><div class=\"elubc69f4ee03bcb86\" ><!--<a href=\"https:\/\/bit.ly\/3QdrqTZ\" target=\"_blank\">\n<img src=\"https:\/\/justicapotiguar.com.br\/wp-content\/uploads\/2023\/09\/mobile-geral.gif\"\/><a\/>--><\/div><style type=\"text\/css\">\r\n.elubc69f4ee03bcb86 {\r\ntext-align: center;\r\n}\r\n@media screen and (min-width: 1201px) {\r\n.elubc69f4ee03bcb86 {\r\ndisplay: none;\r\n}\r\n}\r\n@media screen and (min-width: 993px) and (max-width: 1200px) {\r\n.elubc69f4ee03bcb86 {\r\ndisplay: none;\r\n}\r\n}\r\n@media screen and (min-width: 769px) and (max-width: 992px) {\r\n.elubc69f4ee03bcb86 {\r\ndisplay: none;\r\n}\r\n}\r\n@media screen and (min-width: 768px) and (max-width: 768px) {\r\n.elubc69f4ee03bcb86 {\r\ndisplay: block;\r\n}\r\n}\r\n@media screen and (max-width: 767px) {\r\n.elubc69f4ee03bcb86 {\r\ndisplay: block;\r\n}\r\n}\r\n<\/style>\r\n<div class=\"eumav69f4ee03bcb6c\" ><!--<a href=\"https:\/\/bit.ly\/3QdrqTZ\" target=\"_blank\">\n<img src=\"https:\/\/justicapotiguar.com.br\/wp-content\/uploads\/2023\/09\/desktop-geral.gif\"\/><a\/>--><\/div><style type=\"text\/css\">\r\n.eumav69f4ee03bcb6c {\r\ntext-align: center;\nmargin-bottom: 1em;\r\n}\r\n@media screen and (min-width: 1201px) {\r\n.eumav69f4ee03bcb6c {\r\ndisplay: block;\r\n}\r\n}\r\n@media screen and (min-width: 993px) and (max-width: 1200px) {\r\n.eumav69f4ee03bcb6c {\r\ndisplay: block;\r\n}\r\n}\r\n@media screen and (min-width: 769px) and (max-width: 992px) {\r\n.eumav69f4ee03bcb6c {\r\ndisplay: block;\r\n}\r\n}\r\n@media screen and (min-width: 768px) and (max-width: 768px) {\r\n.eumav69f4ee03bcb6c {\r\ndisplay: none;\r\n}\r\n}\r\n@media screen and (max-width: 767px) {\r\n.eumav69f4ee03bcb6c {\r\ndisplay: none;\r\n}\r\n}\r\n<\/style>\r\n\n\n\n\n<p>A Quarta Turma concluiu que os honor\u00e1rios devem ser calculados apenas sobre o valor da condena\u00e7\u00e3o em danos morais, por entender que a parte relativa \u00e0 obriga\u00e7\u00e3o de fazer, consistente na autoriza\u00e7\u00e3o para a cirurgia, n\u00e3o possui conte\u00fado econ\u00f4mico mensur\u00e1vel.<\/p>\n\n\n\n<p>J\u00e1 a Terceira Turma definiu que a senten\u00e7a que transita em julgado com a proced\u00eancia dos pedidos para fornecer a cobertura pleiteada e para pagar a compensa\u00e7\u00e3o dos danos morais deve ter a&nbsp;sucumb\u00eancia&nbsp;calculada sobre ambas as condena\u00e7\u00f5es.<\/p>\n\n\n\n<h2>Sucumb\u00eancia&nbsp;deve considerar as obriga\u00e7\u00f5es que possam ser quantificadas ou mensuradas<\/h2>\n\n\n\n<p>O ministro recordou que o artigo 20 do CPC\/1973, cujo conte\u00fado foi mantido pelo&nbsp;<a href=\"http:\/\/www.planalto.gov.br\/ccivil_03\/_ato2015-2018\/2015\/lei\/l13105.htm#art85\" target=\"_blank\" rel=\"noreferrer noopener\"><strong><em>caput<\/em><\/strong><strong>&nbsp;do artigo 85 do CPC\/2015<\/strong><\/a>, estabelece que a senten\u00e7a condenar\u00e1 o vencido a pagar ao vencedor as despesas processuais e os honor\u00e1rios advocat\u00edcios em valor m\u00ednimo de 10% e m\u00e1ximo de 20% sobre o valor da condena\u00e7\u00e3o. &#8220;Tal circunst\u00e2ncia decorre da aplica\u00e7\u00e3o do princ\u00edpio da&nbsp;sucumb\u00eancia&#8221;, afirmou.<\/p>\n\n\n\n<p>Ele ressaltou que, ao contr\u00e1rio do entendimento da Quarta Turma, \u00e9 poss\u00edvel que a obriga\u00e7\u00e3o de fazer que determina o custeio de tratamento m\u00e9dico pelos planos de sa\u00fade seja economicamente aferida, utilizando-se como par\u00e2metro o valor da cobertura indevidamente negada, repercutindo, assim, no c\u00e1lculo da verba sucumbencial.<\/p>\n\n\n\n<p>&#8220;Considerando a possibilidade de mensurar o valor relativo \u00e0 obriga\u00e7\u00e3o de fazer, tal montante deve integrar a base de c\u00e1lculo dos honor\u00e1rios advocat\u00edcios sucumbenciais. Portanto, o termo condena\u00e7\u00e3o, previsto nos artigos 20,&nbsp;<em>caput<\/em>, do CPC\/1973 e 85, par\u00e1grafo 2\u00ba, do CPC\/2015, n\u00e3o se restringe \u00e0 determina\u00e7\u00e3o de pagar quantia, mas tamb\u00e9m \u00e0quelas que possam ser quantificadas ou mensuradas&#8221;, declarou o relator.<\/p>\n\n\n\n<p><a target=\"_blank\" rel=\"noreferrer noopener\"><strong>Leia o acord\u00e3o do&nbsp;<\/strong><strong>EAREsp 198.124<\/strong><\/a>.<\/p>\n","protected":false},"excerpt":{"rendered":"<p>A Segunda Se\u00e7\u00e3o do Superior Tribunal de Justi\u00e7a (STJ) entendeu que, quando a senten\u00e7a reconhecer o direito \u00e0 cobertura de tratamento m\u00e9dico e ao recebimento de indeniza\u00e7\u00e3o por danos morais, os honor\u00e1rios advocat\u00edcios sucumbenciais dever\u00e3o incidir sobre as condena\u00e7\u00f5es \u00e0 obriga\u00e7\u00e3o de fazer e ao pagamento de quantia certa. A decis\u00e3o teve origem em a\u00e7\u00e3o<br \/><a class=\"more-link\" href=\"https:\/\/justicapotiguar.com.br\/index.php\/2022\/08\/10\/honorarios-devem-incidir-sobre-toda-a-condenacao-em-acoes-que-pedem-tratamento-medico-e-dano-moral\/\">Mais&#8230;<\/a><\/p>\n","protected":false},"author":5,"featured_media":0,"comment_status":"open","ping_status":"open","sticky":false,"template":"","format":"standard","meta":[],"categories":[1],"tags":[],"_links":{"self":[{"href":"https:\/\/justicapotiguar.com.br\/index.php\/wp-json\/wp\/v2\/posts\/27560"}],"collection":[{"href":"https:\/\/justicapotiguar.com.br\/index.php\/wp-json\/wp\/v2\/posts"}],"about":[{"href":"https:\/\/justicapotiguar.com.br\/index.php\/wp-json\/wp\/v2\/types\/post"}],"author":[{"embeddable":true,"href":"https:\/\/justicapotiguar.com.br\/index.php\/wp-json\/wp\/v2\/users\/5"}],"replies":[{"embeddable":true,"href":"https:\/\/justicapotiguar.com.br\/index.php\/wp-json\/wp\/v2\/comments?post=27560"}],"version-history":[{"count":1,"href":"https:\/\/justicapotiguar.com.br\/index.php\/wp-json\/wp\/v2\/posts\/27560\/revisions"}],"predecessor-version":[{"id":27561,"href":"https:\/\/justicapotiguar.com.br\/index.php\/wp-json\/wp\/v2\/posts\/27560\/revisions\/27561"}],"wp:attachment":[{"href":"https:\/\/justicapotiguar.com.br\/index.php\/wp-json\/wp\/v2\/media?parent=27560"}],"wp:term":[{"taxonomy":"category","embeddable":true,"href":"https:\/\/justicapotiguar.com.br\/index.php\/wp-json\/wp\/v2\/categories?post=27560"},{"taxonomy":"post_tag","embeddable":true,"href":"https:\/\/justicapotiguar.com.br\/index.php\/wp-json\/wp\/v2\/tags?post=27560"}],"curies":[{"name":"wp","href":"https:\/\/api.w.org\/{rel}","templated":true}]}}