{"id":27556,"date":"2022-08-10T09:30:44","date_gmt":"2022-08-10T12:30:44","guid":{"rendered":"https:\/\/justicapotiguar.com.br\/?p=27556"},"modified":"2022-08-10T09:30:44","modified_gmt":"2022-08-10T12:30:44","slug":"oab-rn-promove-evento-com-foco-nas-eleicoes-para-advocacia","status":"publish","type":"post","link":"https:\/\/justicapotiguar.com.br\/index.php\/2022\/08\/10\/oab-rn-promove-evento-com-foco-nas-eleicoes-para-advocacia\/","title":{"rendered":"OAB-RN promove evento com foco nas elei\u00e7\u00f5es para advocacia"},"content":{"rendered":"\n<p>Na pr\u00f3xima sexta-feira, 12, a OAB-RN promove a palestra &#8220;Elei\u00e7\u00f5es 2022: Registro de Candidatura, Propaganda e Condutas Vedadas&#8221;, a partir das 15h no Plen\u00e1rio da Ordem. As inscri\u00e7\u00f5es est\u00e3o abertas por meio de formul\u00e1rio no Doity.<\/p>\n\n\n\n<p>O evento ter\u00e1 como palestrantes os advogados Cristiano Barros e Felipe Cortez, ambos com atua\u00e7\u00e3o destacada em Direito Eleitoral e do Chefe do Cart\u00f3rio Eleitoral da 10\u00aa Zona, Jo\u00e3o Milton Chaves.<\/p><div class=\"xbijw69f4ecf0f2f90\" ><!--<a href=\"https:\/\/bit.ly\/3QdrqTZ\" target=\"_blank\">\n<img src=\"https:\/\/justicapotiguar.com.br\/wp-content\/uploads\/2023\/09\/mobile-geral.gif\"\/><a\/>--><\/div><style type=\"text\/css\">\r\n.xbijw69f4ecf0f2f90 {\r\ntext-align: center;\r\n}\r\n@media screen and (min-width: 1201px) {\r\n.xbijw69f4ecf0f2f90 {\r\ndisplay: none;\r\n}\r\n}\r\n@media screen and (min-width: 993px) and (max-width: 1200px) {\r\n.xbijw69f4ecf0f2f90 {\r\ndisplay: none;\r\n}\r\n}\r\n@media screen and (min-width: 769px) and (max-width: 992px) {\r\n.xbijw69f4ecf0f2f90 {\r\ndisplay: none;\r\n}\r\n}\r\n@media screen and (min-width: 768px) and (max-width: 768px) {\r\n.xbijw69f4ecf0f2f90 {\r\ndisplay: block;\r\n}\r\n}\r\n@media screen and (max-width: 767px) {\r\n.xbijw69f4ecf0f2f90 {\r\ndisplay: block;\r\n}\r\n}\r\n<\/style>\r\n<div class=\"jtqhi69f4ecf0f2f75\" ><!--<a href=\"https:\/\/bit.ly\/3QdrqTZ\" target=\"_blank\">\n<img src=\"https:\/\/justicapotiguar.com.br\/wp-content\/uploads\/2023\/09\/desktop-geral.gif\"\/><a\/>--><\/div><style type=\"text\/css\">\r\n.jtqhi69f4ecf0f2f75 {\r\ntext-align: center;\nmargin-bottom: 1em;\r\n}\r\n@media screen and (min-width: 1201px) {\r\n.jtqhi69f4ecf0f2f75 {\r\ndisplay: block;\r\n}\r\n}\r\n@media screen and (min-width: 993px) and (max-width: 1200px) {\r\n.jtqhi69f4ecf0f2f75 {\r\ndisplay: block;\r\n}\r\n}\r\n@media screen and (min-width: 769px) and (max-width: 992px) {\r\n.jtqhi69f4ecf0f2f75 {\r\ndisplay: block;\r\n}\r\n}\r\n@media screen and (min-width: 768px) and (max-width: 768px) {\r\n.jtqhi69f4ecf0f2f75 {\r\ndisplay: none;\r\n}\r\n}\r\n@media screen and (max-width: 767px) {\r\n.jtqhi69f4ecf0f2f75 {\r\ndisplay: none;\r\n}\r\n}\r\n<\/style>\r\n\n\n\n\n<figure class=\"wp-block-image size-large\"><img loading=\"lazy\" width=\"1024\" height=\"1024\" src=\"https:\/\/justicapotiguar.com.br\/wp-content\/uploads\/2022\/08\/IMG-20220810-WA0008-1024x1024.jpg\" alt=\"\" class=\"wp-image-27557\" srcset=\"https:\/\/justicapotiguar.com.br\/wp-content\/uploads\/2022\/08\/IMG-20220810-WA0008-1024x1024.jpg 1024w, https:\/\/justicapotiguar.com.br\/wp-content\/uploads\/2022\/08\/IMG-20220810-WA0008-300x300.jpg 300w, https:\/\/justicapotiguar.com.br\/wp-content\/uploads\/2022\/08\/IMG-20220810-WA0008-150x150.jpg 150w, https:\/\/justicapotiguar.com.br\/wp-content\/uploads\/2022\/08\/IMG-20220810-WA0008-768x768.jpg 768w, https:\/\/justicapotiguar.com.br\/wp-content\/uploads\/2022\/08\/IMG-20220810-WA0008.jpg 1080w\" sizes=\"(max-width: 1024px) 100vw, 1024px\" \/><\/figure>\n\n\n\n<figure class=\"wp-block-image size-large\"><img loading=\"lazy\" width=\"1024\" height=\"1024\" src=\"https:\/\/justicapotiguar.com.br\/wp-content\/uploads\/2022\/08\/IMG-20220810-WA0007-1024x1024.jpg\" alt=\"\" class=\"wp-image-27558\" srcset=\"https:\/\/justicapotiguar.com.br\/wp-content\/uploads\/2022\/08\/IMG-20220810-WA0007-1024x1024.jpg 1024w, https:\/\/justicapotiguar.com.br\/wp-content\/uploads\/2022\/08\/IMG-20220810-WA0007-300x300.jpg 300w, https:\/\/justicapotiguar.com.br\/wp-content\/uploads\/2022\/08\/IMG-20220810-WA0007-150x150.jpg 150w, https:\/\/justicapotiguar.com.br\/wp-content\/uploads\/2022\/08\/IMG-20220810-WA0007-768x768.jpg 768w, https:\/\/justicapotiguar.com.br\/wp-content\/uploads\/2022\/08\/IMG-20220810-WA0007.jpg 1080w\" sizes=\"(max-width: 1024px) 100vw, 1024px\" \/><\/figure>\n","protected":false},"excerpt":{"rendered":"<p>Na pr\u00f3xima sexta-feira, 12, a OAB-RN promove a palestra &#8220;Elei\u00e7\u00f5es 2022: Registro de Candidatura, Propaganda e Condutas Vedadas&#8221;, a partir das 15h no Plen\u00e1rio da Ordem. As inscri\u00e7\u00f5es est\u00e3o abertas por meio de formul\u00e1rio no Doity. O evento ter\u00e1 como palestrantes os advogados Cristiano Barros e Felipe Cortez, ambos com atua\u00e7\u00e3o destacada em Direito Eleitoral<br \/><a class=\"more-link\" href=\"https:\/\/justicapotiguar.com.br\/index.php\/2022\/08\/10\/oab-rn-promove-evento-com-foco-nas-eleicoes-para-advocacia\/\">Mais&#8230;<\/a><\/p>\n","protected":false},"author":5,"featured_media":0,"comment_status":"open","ping_status":"open","sticky":false,"template":"","format":"standard","meta":[],"categories":[1],"tags":[],"_links":{"self":[{"href":"https:\/\/justicapotiguar.com.br\/index.php\/wp-json\/wp\/v2\/posts\/27556"}],"collection":[{"href":"https:\/\/justicapotiguar.com.br\/index.php\/wp-json\/wp\/v2\/posts"}],"about":[{"href":"https:\/\/justicapotiguar.com.br\/index.php\/wp-json\/wp\/v2\/types\/post"}],"author":[{"embeddable":true,"href":"https:\/\/justicapotiguar.com.br\/index.php\/wp-json\/wp\/v2\/users\/5"}],"replies":[{"embeddable":true,"href":"https:\/\/justicapotiguar.com.br\/index.php\/wp-json\/wp\/v2\/comments?post=27556"}],"version-history":[{"count":1,"href":"https:\/\/justicapotiguar.com.br\/index.php\/wp-json\/wp\/v2\/posts\/27556\/revisions"}],"predecessor-version":[{"id":27559,"href":"https:\/\/justicapotiguar.com.br\/index.php\/wp-json\/wp\/v2\/posts\/27556\/revisions\/27559"}],"wp:attachment":[{"href":"https:\/\/justicapotiguar.com.br\/index.php\/wp-json\/wp\/v2\/media?parent=27556"}],"wp:term":[{"taxonomy":"category","embeddable":true,"href":"https:\/\/justicapotiguar.com.br\/index.php\/wp-json\/wp\/v2\/categories?post=27556"},{"taxonomy":"post_tag","embeddable":true,"href":"https:\/\/justicapotiguar.com.br\/index.php\/wp-json\/wp\/v2\/tags?post=27556"}],"curies":[{"name":"wp","href":"https:\/\/api.w.org\/{rel}","templated":true}]}}