{"id":27549,"date":"2022-08-10T08:17:00","date_gmt":"2022-08-10T11:17:00","guid":{"rendered":"https:\/\/justicapotiguar.com.br\/?p=27549"},"modified":"2022-08-09T23:22:18","modified_gmt":"2022-08-10T02:22:18","slug":"tre-rn-rejeita-mais-uma-acao-eleitoral-movida-por-carlos-eduardo-contra-adversarios-e-imprensa","status":"publish","type":"post","link":"https:\/\/justicapotiguar.com.br\/index.php\/2022\/08\/10\/tre-rn-rejeita-mais-uma-acao-eleitoral-movida-por-carlos-eduardo-contra-adversarios-e-imprensa\/","title":{"rendered":"TRE-RN rejeita mais uma a\u00e7\u00e3o eleitoral movida por Carlos Eduardo contra advers\u00e1rios e imprensa"},"content":{"rendered":"\n<figure class=\"wp-block-image size-large\"><img loading=\"lazy\" width=\"1024\" height=\"683\" src=\"https:\/\/justicapotiguar.com.br\/wp-content\/uploads\/2022\/08\/0ce54a452b5397d2c24f8d146508f206_720-1280-1024x683.jpg\" alt=\"\" class=\"wp-image-27552\" srcset=\"https:\/\/justicapotiguar.com.br\/wp-content\/uploads\/2022\/08\/0ce54a452b5397d2c24f8d146508f206_720-1280-1024x683.jpg 1024w, https:\/\/justicapotiguar.com.br\/wp-content\/uploads\/2022\/08\/0ce54a452b5397d2c24f8d146508f206_720-1280-300x200.jpg 300w, https:\/\/justicapotiguar.com.br\/wp-content\/uploads\/2022\/08\/0ce54a452b5397d2c24f8d146508f206_720-1280-768x512.jpg 768w, https:\/\/justicapotiguar.com.br\/wp-content\/uploads\/2022\/08\/0ce54a452b5397d2c24f8d146508f206_720-1280.jpg 1080w\" sizes=\"(max-width: 1024px) 100vw, 1024px\" \/><figcaption>Reprodu\u00e7\u00e3o<\/figcaption><\/figure>\n\n\n\n<p><div><br>A estrat\u00e9gia do ex-prefeito de Natal Carlos Eduardo Alves, candidato a senador pelo PDT, de judicializar a atual campanha eleitoral, se transformou, at\u00e9 agora, em um enorme e constrangedor fiasco. <\/div><\/p>\n\n\n\n<p>Por unanimidade de votos, os ju\u00edzes do Tribunal Regional Eleitoral rejeitaram representa\u00e7\u00e3o feita pelo ex-senador contra a R\u00e1dio 96FM e o tamb\u00e9m candidato a senador Rog\u00e9rio Marinho, do PL.<div><br>Na representa\u00e7\u00e3o, sete advogados do escrit\u00f3rio de Erick Pereira pedem a concess\u00e3o de liminar com pedido de retirada imediata de conte\u00fado do canal da emissora na plataforma YouTube e aplica\u00e7\u00e3o de multa que varia R$ 21 mil a R$ 110 mil.<\/div><\/p>\n\n\n\n<p><div><br>Na representa\u00e7\u00e3o, o ex-prefeito, por interm\u00e9dio dos seus advogados, acusou a emissora de r\u00e1dio de promover propaganda eleitoral extempor\u00e2nea irregular em favor de Rog\u00e9rio Marinho e de criar estados emocionais contr\u00e1rios ao candidato Carlos Eduardo Alves, com a divulga\u00e7\u00e3o de um jingle e elogios ao ex-ministro do Desenvolvimento Regional.<\/div><\/p><div class=\"hbqbb69f4e5401f42d\" ><!--<a href=\"https:\/\/bit.ly\/3QdrqTZ\" target=\"_blank\">\n<img src=\"https:\/\/justicapotiguar.com.br\/wp-content\/uploads\/2023\/09\/mobile-geral.gif\"\/><a\/>--><\/div><style type=\"text\/css\">\r\n.hbqbb69f4e5401f42d {\r\ntext-align: center;\r\n}\r\n@media screen and (min-width: 1201px) {\r\n.hbqbb69f4e5401f42d {\r\ndisplay: none;\r\n}\r\n}\r\n@media screen and (min-width: 993px) and (max-width: 1200px) {\r\n.hbqbb69f4e5401f42d {\r\ndisplay: none;\r\n}\r\n}\r\n@media screen and (min-width: 769px) and (max-width: 992px) {\r\n.hbqbb69f4e5401f42d {\r\ndisplay: none;\r\n}\r\n}\r\n@media screen and (min-width: 768px) and (max-width: 768px) {\r\n.hbqbb69f4e5401f42d {\r\ndisplay: block;\r\n}\r\n}\r\n@media screen and (max-width: 767px) {\r\n.hbqbb69f4e5401f42d {\r\ndisplay: block;\r\n}\r\n}\r\n<\/style>\r\n<div class=\"hhoag69f4e5401f411\" ><!--<a href=\"https:\/\/bit.ly\/3QdrqTZ\" target=\"_blank\">\n<img src=\"https:\/\/justicapotiguar.com.br\/wp-content\/uploads\/2023\/09\/desktop-geral.gif\"\/><a\/>--><\/div><style type=\"text\/css\">\r\n.hhoag69f4e5401f411 {\r\ntext-align: center;\nmargin-bottom: 1em;\r\n}\r\n@media screen and (min-width: 1201px) {\r\n.hhoag69f4e5401f411 {\r\ndisplay: block;\r\n}\r\n}\r\n@media screen and (min-width: 993px) and (max-width: 1200px) {\r\n.hhoag69f4e5401f411 {\r\ndisplay: block;\r\n}\r\n}\r\n@media screen and (min-width: 769px) and (max-width: 992px) {\r\n.hhoag69f4e5401f411 {\r\ndisplay: block;\r\n}\r\n}\r\n@media screen and (min-width: 768px) and (max-width: 768px) {\r\n.hhoag69f4e5401f411 {\r\ndisplay: none;\r\n}\r\n}\r\n@media screen and (max-width: 767px) {\r\n.hhoag69f4e5401f411 {\r\ndisplay: none;\r\n}\r\n}\r\n<\/style>\r\n\n\n\n\n<p><div><br>Al\u00e9m da representa\u00e7\u00e3o julgada nesta ter\u00e7a-feira, os advogados de Carlos Eduardo Alves j\u00e1 ingressaram na Justi\u00e7a Eleitoral com outra representa\u00e7\u00e3o contra a 96 FM, uma contra o ex-ministro Rog\u00e9rio Marinho, um contra outro pr\u00e9-candidato ao Senado e uma contra uma empresa de pesquisa. At\u00e9 agora, o jur\u00eddico da campanha do candidato do PDT n\u00e3o teve sucesso em nenhuma das representa\u00e7\u00f5es.<\/div><\/p>\n\n\n\n<p>Confira decis\u00e3o na \u00edntegra<\/p>\n\n\n\n<div class=\"wp-block-file\"><a href=\"https:\/\/justicapotiguar.com.br\/wp-content\/uploads\/2022\/08\/Representac\u0327a\u0303o-96FM-gingle-baixinho-prop-extem-1.pdf\">Representac\u0327a\u0303o-96FM-gingle-baixinho-prop-extem-1<\/a><a href=\"https:\/\/justicapotiguar.com.br\/wp-content\/uploads\/2022\/08\/Representac\u0327a\u0303o-96FM-gingle-baixinho-prop-extem-1.pdf\" class=\"wp-block-file__button\" download>Baixar<\/a><\/div>\n\n\n\n<div class=\"wp-block-file\"><a href=\"https:\/\/justicapotiguar.com.br\/wp-content\/uploads\/2022\/08\/Certida\u0303o-de-julgamento.pdf\">Certida\u0303o-de-julgamento<\/a><a href=\"https:\/\/justicapotiguar.com.br\/wp-content\/uploads\/2022\/08\/Certida\u0303o-de-julgamento.pdf\" class=\"wp-block-file__button\" download>Baixar<\/a><\/div>\n","protected":false},"excerpt":{"rendered":"<p>A estrat\u00e9gia do ex-prefeito de Natal Carlos Eduardo Alves, candidato a senador pelo PDT, de judicializar a atual campanha eleitoral, se transformou, at\u00e9 agora, em um enorme e constrangedor fiasco. Por unanimidade de votos, os ju\u00edzes do Tribunal Regional Eleitoral rejeitaram representa\u00e7\u00e3o feita pelo ex-senador contra a R\u00e1dio 96FM e o tamb\u00e9m candidato a senador<br \/><a class=\"more-link\" href=\"https:\/\/justicapotiguar.com.br\/index.php\/2022\/08\/10\/tre-rn-rejeita-mais-uma-acao-eleitoral-movida-por-carlos-eduardo-contra-adversarios-e-imprensa\/\">Mais&#8230;<\/a><\/p>\n","protected":false},"author":5,"featured_media":0,"comment_status":"open","ping_status":"open","sticky":false,"template":"","format":"standard","meta":[],"categories":[1],"tags":[],"_links":{"self":[{"href":"https:\/\/justicapotiguar.com.br\/index.php\/wp-json\/wp\/v2\/posts\/27549"}],"collection":[{"href":"https:\/\/justicapotiguar.com.br\/index.php\/wp-json\/wp\/v2\/posts"}],"about":[{"href":"https:\/\/justicapotiguar.com.br\/index.php\/wp-json\/wp\/v2\/types\/post"}],"author":[{"embeddable":true,"href":"https:\/\/justicapotiguar.com.br\/index.php\/wp-json\/wp\/v2\/users\/5"}],"replies":[{"embeddable":true,"href":"https:\/\/justicapotiguar.com.br\/index.php\/wp-json\/wp\/v2\/comments?post=27549"}],"version-history":[{"count":1,"href":"https:\/\/justicapotiguar.com.br\/index.php\/wp-json\/wp\/v2\/posts\/27549\/revisions"}],"predecessor-version":[{"id":27553,"href":"https:\/\/justicapotiguar.com.br\/index.php\/wp-json\/wp\/v2\/posts\/27549\/revisions\/27553"}],"wp:attachment":[{"href":"https:\/\/justicapotiguar.com.br\/index.php\/wp-json\/wp\/v2\/media?parent=27549"}],"wp:term":[{"taxonomy":"category","embeddable":true,"href":"https:\/\/justicapotiguar.com.br\/index.php\/wp-json\/wp\/v2\/categories?post=27549"},{"taxonomy":"post_tag","embeddable":true,"href":"https:\/\/justicapotiguar.com.br\/index.php\/wp-json\/wp\/v2\/tags?post=27549"}],"curies":[{"name":"wp","href":"https:\/\/api.w.org\/{rel}","templated":true}]}}