{"id":27545,"date":"2022-08-09T14:44:18","date_gmt":"2022-08-09T17:44:18","guid":{"rendered":"https:\/\/justicapotiguar.com.br\/?p=27545"},"modified":"2022-08-09T14:44:18","modified_gmt":"2022-08-09T17:44:18","slug":"operacao-emissarios-advogada-presa-em-acao-do-mprn-e-condenada-a-4-anos-e-meio-de-reclusao","status":"publish","type":"post","link":"https:\/\/justicapotiguar.com.br\/index.php\/2022\/08\/09\/operacao-emissarios-advogada-presa-em-acao-do-mprn-e-condenada-a-4-anos-e-meio-de-reclusao\/","title":{"rendered":"Opera\u00e7\u00e3o Emiss\u00e1rios: advogada presa em a\u00e7\u00e3o do MPRN \u00e9 condenada a 4 anos e meio de reclus\u00e3o"},"content":{"rendered":"\n<figure class=\"wp-block-image size-large\"><img loading=\"lazy\" width=\"626\" height=\"417\" src=\"https:\/\/justicapotiguar.com.br\/wp-content\/uploads\/2020\/03\/mulher-de-negocios-asiaticos-estressada-para-ser-demitida-de-emprego_36650-255.jpg\" alt=\"\" class=\"wp-image-7718\" srcset=\"https:\/\/justicapotiguar.com.br\/wp-content\/uploads\/2020\/03\/mulher-de-negocios-asiaticos-estressada-para-ser-demitida-de-emprego_36650-255.jpg 626w, https:\/\/justicapotiguar.com.br\/wp-content\/uploads\/2020\/03\/mulher-de-negocios-asiaticos-estressada-para-ser-demitida-de-emprego_36650-255-300x200.jpg 300w\" sizes=\"(max-width: 626px) 100vw, 626px\" \/><figcaption>Reprodu\u00e7\u00e3o<\/figcaption><\/figure>\n\n\n\n<p>O Minist\u00e9rio P\u00fablico do Rio Grande do Norte (MPRN) obteve a condena\u00e7\u00e3o de uma advogada que integrava uma organiza\u00e7\u00e3o criminosa. Ela foi presa em 10 de junho de 2019, sendo um dos alvos da opera\u00e7\u00e3o Emiss\u00e1rios. A advogada foi condenada a 4 anos e seis meses de reclus\u00e3o.<\/p>\n\n\n\n<p>Al\u00e9m dela, outros advogados foram presos na opera\u00e7\u00e3o Emiss\u00e1rios. Segundo as investiga\u00e7\u00f5es do Grupo de Atua\u00e7\u00e3o Especial de Combate ao Crime Organizado (Gaeco), do MPRN, eles eram respons\u00e1veis por repassar ordens dos chefes de uma fac\u00e7\u00e3o criminosa que estavam detidos em unidades prisionais potiguares a integrantes do grupo que ainda estavam nas ruas.<\/p>\n\n\n\n<p>Na den\u00fancia, o MPRN apontou que a advogada integrava organiza\u00e7\u00e3o criminosa e atuava transmitindo recados, com teor criminoso, de presidi\u00e1rios custodiados no pres\u00eddio estadual Rog\u00e9rio Coutinho Madruga para os demais integrantes da fac\u00e7\u00e3o em liberdade, bem como o inverso, utilizando-se da sua atividade profissional de advogada, por\u00e9m, com fun\u00e7\u00e3o diversa de patroc\u00ednio de causa processual.<\/p><div class=\"uqcvy69f4e5379526d\" ><!--<a href=\"https:\/\/bit.ly\/3QdrqTZ\" target=\"_blank\">\n<img src=\"https:\/\/justicapotiguar.com.br\/wp-content\/uploads\/2023\/09\/mobile-geral.gif\"\/><a\/>--><\/div><style type=\"text\/css\">\r\n.uqcvy69f4e5379526d {\r\ntext-align: center;\r\n}\r\n@media screen and (min-width: 1201px) {\r\n.uqcvy69f4e5379526d {\r\ndisplay: none;\r\n}\r\n}\r\n@media screen and (min-width: 993px) and (max-width: 1200px) {\r\n.uqcvy69f4e5379526d {\r\ndisplay: none;\r\n}\r\n}\r\n@media screen and (min-width: 769px) and (max-width: 992px) {\r\n.uqcvy69f4e5379526d {\r\ndisplay: none;\r\n}\r\n}\r\n@media screen and (min-width: 768px) and (max-width: 768px) {\r\n.uqcvy69f4e5379526d {\r\ndisplay: block;\r\n}\r\n}\r\n@media screen and (max-width: 767px) {\r\n.uqcvy69f4e5379526d {\r\ndisplay: block;\r\n}\r\n}\r\n<\/style>\r\n<div class=\"pouab69f4e53795251\" ><!--<a href=\"https:\/\/bit.ly\/3QdrqTZ\" target=\"_blank\">\n<img src=\"https:\/\/justicapotiguar.com.br\/wp-content\/uploads\/2023\/09\/desktop-geral.gif\"\/><a\/>--><\/div><style type=\"text\/css\">\r\n.pouab69f4e53795251 {\r\ntext-align: center;\nmargin-bottom: 1em;\r\n}\r\n@media screen and (min-width: 1201px) {\r\n.pouab69f4e53795251 {\r\ndisplay: block;\r\n}\r\n}\r\n@media screen and (min-width: 993px) and (max-width: 1200px) {\r\n.pouab69f4e53795251 {\r\ndisplay: block;\r\n}\r\n}\r\n@media screen and (min-width: 769px) and (max-width: 992px) {\r\n.pouab69f4e53795251 {\r\ndisplay: block;\r\n}\r\n}\r\n@media screen and (min-width: 768px) and (max-width: 768px) {\r\n.pouab69f4e53795251 {\r\ndisplay: none;\r\n}\r\n}\r\n@media screen and (max-width: 767px) {\r\n.pouab69f4e53795251 {\r\ndisplay: none;\r\n}\r\n}\r\n<\/style>\r\n\n\n\n\n<p>Segundo a acusa\u00e7\u00e3o do MPRN, mesmo n\u00e3o possuindo rela\u00e7\u00e3o processual com os apenados do pres\u00eddio estadual Rog\u00e9rio Coutinho Madruga, a advogada realizava visitas di\u00e1rias a diversos presos da organiza\u00e7\u00e3o criminosa, favorecendo a manuten\u00e7\u00e3o das atividades da fac\u00e7\u00e3o.<\/p>\n\n\n\n<p>Na senten\u00e7a condenat\u00f3ria, a Justi\u00e7a destacou que \u201ca integra\u00e7\u00e3o da acusada \u00e0 organiza\u00e7\u00e3o criminosa \u00e9 inconteste. A partir dos di\u00e1logos captados, verifica-se claramente a associa\u00e7\u00e3o volunt\u00e1ria da acusada \u00e0 organiza\u00e7\u00e3o criminosa, valendo-se da sua condi\u00e7\u00e3o de advogada para, durante as visitas aos internos, intermediar a comunica\u00e7\u00e3o entre os membros da organiza\u00e7\u00e3o criminosa que se encontravam privados de liberdade e os demais integrantes da organiza\u00e7\u00e3o soltos\u201d.<\/p>\n\n\n\n<p>O MPRN demonstrou no processo que a presen\u00e7a de detalhes para o cometimento de delitos tais como tr\u00e1fico, associa\u00e7\u00e3o para o tr\u00e1fico de drogas, porte ou posse ilegal de armas de fogo, al\u00e9m do crime de organiza\u00e7\u00e3o criminosa.<\/p>\n","protected":false},"excerpt":{"rendered":"<p>O Minist\u00e9rio P\u00fablico do Rio Grande do Norte (MPRN) obteve a condena\u00e7\u00e3o de uma advogada que integrava uma organiza\u00e7\u00e3o criminosa. Ela foi presa em 10 de junho de 2019, sendo um dos alvos da opera\u00e7\u00e3o Emiss\u00e1rios. A advogada foi condenada a 4 anos e seis meses de reclus\u00e3o. Al\u00e9m dela, outros advogados foram presos na<br \/><a class=\"more-link\" href=\"https:\/\/justicapotiguar.com.br\/index.php\/2022\/08\/09\/operacao-emissarios-advogada-presa-em-acao-do-mprn-e-condenada-a-4-anos-e-meio-de-reclusao\/\">Mais&#8230;<\/a><\/p>\n","protected":false},"author":5,"featured_media":0,"comment_status":"open","ping_status":"open","sticky":false,"template":"","format":"standard","meta":[],"categories":[1],"tags":[],"_links":{"self":[{"href":"https:\/\/justicapotiguar.com.br\/index.php\/wp-json\/wp\/v2\/posts\/27545"}],"collection":[{"href":"https:\/\/justicapotiguar.com.br\/index.php\/wp-json\/wp\/v2\/posts"}],"about":[{"href":"https:\/\/justicapotiguar.com.br\/index.php\/wp-json\/wp\/v2\/types\/post"}],"author":[{"embeddable":true,"href":"https:\/\/justicapotiguar.com.br\/index.php\/wp-json\/wp\/v2\/users\/5"}],"replies":[{"embeddable":true,"href":"https:\/\/justicapotiguar.com.br\/index.php\/wp-json\/wp\/v2\/comments?post=27545"}],"version-history":[{"count":1,"href":"https:\/\/justicapotiguar.com.br\/index.php\/wp-json\/wp\/v2\/posts\/27545\/revisions"}],"predecessor-version":[{"id":27546,"href":"https:\/\/justicapotiguar.com.br\/index.php\/wp-json\/wp\/v2\/posts\/27545\/revisions\/27546"}],"wp:attachment":[{"href":"https:\/\/justicapotiguar.com.br\/index.php\/wp-json\/wp\/v2\/media?parent=27545"}],"wp:term":[{"taxonomy":"category","embeddable":true,"href":"https:\/\/justicapotiguar.com.br\/index.php\/wp-json\/wp\/v2\/categories?post=27545"},{"taxonomy":"post_tag","embeddable":true,"href":"https:\/\/justicapotiguar.com.br\/index.php\/wp-json\/wp\/v2\/tags?post=27545"}],"curies":[{"name":"wp","href":"https:\/\/api.w.org\/{rel}","templated":true}]}}