{"id":27541,"date":"2022-08-09T15:55:00","date_gmt":"2022-08-09T18:55:00","guid":{"rendered":"https:\/\/justicapotiguar.com.br\/?p=27541"},"modified":"2022-08-09T14:44:43","modified_gmt":"2022-08-09T17:44:43","slug":"motorista-de-aplicativo-deve-ser-reintegrado-a-plataforma-em-ate-48-horas","status":"publish","type":"post","link":"https:\/\/justicapotiguar.com.br\/index.php\/2022\/08\/09\/motorista-de-aplicativo-deve-ser-reintegrado-a-plataforma-em-ate-48-horas\/","title":{"rendered":"Motorista de aplicativo deve ser reintegrado \u00e0 plataforma em at\u00e9 48 horas"},"content":{"rendered":"\n<p>Um motorista de aplicativo que foi exclu\u00eddo de servi\u00e7o de transporte por aplicativo conquistou o direito de ter restabelecido, no prazo de 48 horas, todas as funcionalidades e caracter\u00edsticas da sua conta, de modo a permitir a retomada das suas atividades como motorista do aplicativo de viagens, sob pena de multa di\u00e1ria de R$ 800,00. O deferimento da tutela de urg\u00eancia foi da 10\u00aa Vara C\u00edvel de Natal.<br>&nbsp;<\/p>\n\n\n\n<figure class=\"wp-block-image size-large\"><img loading=\"lazy\" width=\"1024\" height=\"683\" src=\"https:\/\/justicapotiguar.com.br\/wp-content\/uploads\/2020\/02\/uber2-1024x683.jpg\" alt=\"\" class=\"wp-image-6053\" srcset=\"https:\/\/justicapotiguar.com.br\/wp-content\/uploads\/2020\/02\/uber2-1024x683.jpg 1024w, https:\/\/justicapotiguar.com.br\/wp-content\/uploads\/2020\/02\/uber2-300x200.jpg 300w, https:\/\/justicapotiguar.com.br\/wp-content\/uploads\/2020\/02\/uber2-768x512.jpg 768w, https:\/\/justicapotiguar.com.br\/wp-content\/uploads\/2020\/02\/uber2.jpg 1140w\" sizes=\"(max-width: 1024px) 100vw, 1024px\" \/><figcaption>Ilustrativa<\/figcaption><\/figure>\n\n\n\n<p><br>O profissional liberal ajuizou a a\u00e7\u00e3o contra a filial da empresa no Brasil. Afirmando que mantinha contrato de parceria com a empresa para presta\u00e7\u00e3o de servi\u00e7o de motorista a terceiros e para tanto submeteu-se \u00e0s obriga\u00e7\u00f5es impostas, sendo geralmente bem avaliado e elogiado pelos passageiros.<br>&nbsp;<\/p>\n\n\n\n<p><br>Ele alegou que, para sua surpresa, foi desligado no dia 15 de fevereiro de 2021, e a partir da\u00ed teve suspensa sua conta, impedindo-o de continuar trabalhando. Como n\u00e3o conseguiu sua reintegra\u00e7\u00e3o \u00e0 plataforma extrajudicialmente, pediu antecipa\u00e7\u00e3o de tutela para o restabelecimento de todas funcionalidades e caracter\u00edsticas da conta, de modo a permitir a retomada das suas atividades como motorista.<br>&nbsp;<\/p>\n\n\n\n<p><br>J\u00e1 a empresa de tecnologia alegou a ado\u00e7\u00e3o de conduta inapropriada por parte do motorista, violando C\u00f3digo de Conduta e os termos e condi\u00e7\u00f5es da plataforma tecnol\u00f3gica.<\/p>\n\n\n\n<p><strong>Decis\u00e3o judicial<\/strong><br>&nbsp;<\/p><div class=\"cvlqi69f4e538d93ac\" ><!--<a href=\"https:\/\/bit.ly\/3QdrqTZ\" target=\"_blank\">\n<img src=\"https:\/\/justicapotiguar.com.br\/wp-content\/uploads\/2023\/09\/mobile-geral.gif\"\/><a\/>--><\/div><style type=\"text\/css\">\r\n.cvlqi69f4e538d93ac {\r\ntext-align: center;\r\n}\r\n@media screen and (min-width: 1201px) {\r\n.cvlqi69f4e538d93ac {\r\ndisplay: none;\r\n}\r\n}\r\n@media screen and (min-width: 993px) and (max-width: 1200px) {\r\n.cvlqi69f4e538d93ac {\r\ndisplay: none;\r\n}\r\n}\r\n@media screen and (min-width: 769px) and (max-width: 992px) {\r\n.cvlqi69f4e538d93ac {\r\ndisplay: none;\r\n}\r\n}\r\n@media screen and (min-width: 768px) and (max-width: 768px) {\r\n.cvlqi69f4e538d93ac {\r\ndisplay: block;\r\n}\r\n}\r\n@media screen and (max-width: 767px) {\r\n.cvlqi69f4e538d93ac {\r\ndisplay: block;\r\n}\r\n}\r\n<\/style>\r\n<div class=\"gvchk69f4e538d938b\" ><!--<a href=\"https:\/\/bit.ly\/3QdrqTZ\" target=\"_blank\">\n<img src=\"https:\/\/justicapotiguar.com.br\/wp-content\/uploads\/2023\/09\/desktop-geral.gif\"\/><a\/>--><\/div><style type=\"text\/css\">\r\n.gvchk69f4e538d938b {\r\ntext-align: center;\nmargin-bottom: 1em;\r\n}\r\n@media screen and (min-width: 1201px) {\r\n.gvchk69f4e538d938b {\r\ndisplay: block;\r\n}\r\n}\r\n@media screen and (min-width: 993px) and (max-width: 1200px) {\r\n.gvchk69f4e538d938b {\r\ndisplay: block;\r\n}\r\n}\r\n@media screen and (min-width: 769px) and (max-width: 992px) {\r\n.gvchk69f4e538d938b {\r\ndisplay: block;\r\n}\r\n}\r\n@media screen and (min-width: 768px) and (max-width: 768px) {\r\n.gvchk69f4e538d938b {\r\ndisplay: none;\r\n}\r\n}\r\n@media screen and (max-width: 767px) {\r\n.gvchk69f4e538d938b {\r\ndisplay: none;\r\n}\r\n}\r\n<\/style>\r\n\n\n\n\n<p><br>Ao analisar a demanda, o juiz Marcelo Pinto Varela percebeu que a prova trazida pelo aplicativo para fundamentar suas alega\u00e7\u00f5es est\u00e1 eivada de fragilidade e n\u00e3o transparece a vers\u00e3o dos fatos narrada na sua contesta\u00e7\u00e3o apresentada nos autos.<br>&nbsp;<\/p>\n\n\n\n<p><br>O magistrado considerou que a acusa\u00e7\u00e3o de ass\u00e9dio ou de conduta inadequada argumentada pela empresa n\u00e3o est\u00e1 alicer\u00e7ada em demonstra\u00e7\u00e3o cabal do evento. Ressaltou que existe uma mensagem, anexada ao processo, em que um suposto passageiro narra um ocorrido, confessando estar b\u00eabado.<br>&nbsp;<\/p>\n\n\n\n<p><br>Entretanto, no entendimento do juiz, embora intoler\u00e1vel qualquer conduta dessa natureza, no caso concreto a alega\u00e7\u00e3o, desprovida de outros elementos, sem identifica\u00e7\u00e3o de antecedentes do motorista, a princ\u00edpio n\u00e3o pode ser determinante para sua exclus\u00e3o.<br>&nbsp;<\/p>\n\n\n\n<p><br>\u201cA tutela de urg\u00eancia deve servir para evitar a continuidade do dano, que neste caso se revela na impossibilidade de o autor trabalhar na atividade que vinha conduzindo\u201d, decidiu, liminarmente, Marcelo Pino Varela em sua decis\u00e3o.<\/p>\n\n\n\n<h3><\/h3>\n\n\n\n<p><a href=\"https:\/\/www.facebook.com\/tjrnoficial\">&nbsp;<\/a><a href=\"https:\/\/www.instagram.com\/tjrnoficial\/\">&nbsp;<\/a><a href=\"https:\/\/twitter.com\/tjrnnoticias\">&nbsp;<\/a><a href=\"https:\/\/www.youtube.com\/user\/canaltjrn\"><\/a><\/p>\n","protected":false},"excerpt":{"rendered":"<p>Um motorista de aplicativo que foi exclu\u00eddo de servi\u00e7o de transporte por aplicativo conquistou o direito de ter restabelecido, no prazo de 48 horas, todas as funcionalidades e caracter\u00edsticas da sua conta, de modo a permitir a retomada das suas atividades como motorista do aplicativo de viagens, sob pena de multa di\u00e1ria de R$ 800,00.<br \/><a class=\"more-link\" href=\"https:\/\/justicapotiguar.com.br\/index.php\/2022\/08\/09\/motorista-de-aplicativo-deve-ser-reintegrado-a-plataforma-em-ate-48-horas\/\">Mais&#8230;<\/a><\/p>\n","protected":false},"author":5,"featured_media":0,"comment_status":"open","ping_status":"open","sticky":false,"template":"","format":"standard","meta":[],"categories":[1],"tags":[],"_links":{"self":[{"href":"https:\/\/justicapotiguar.com.br\/index.php\/wp-json\/wp\/v2\/posts\/27541"}],"collection":[{"href":"https:\/\/justicapotiguar.com.br\/index.php\/wp-json\/wp\/v2\/posts"}],"about":[{"href":"https:\/\/justicapotiguar.com.br\/index.php\/wp-json\/wp\/v2\/types\/post"}],"author":[{"embeddable":true,"href":"https:\/\/justicapotiguar.com.br\/index.php\/wp-json\/wp\/v2\/users\/5"}],"replies":[{"embeddable":true,"href":"https:\/\/justicapotiguar.com.br\/index.php\/wp-json\/wp\/v2\/comments?post=27541"}],"version-history":[{"count":1,"href":"https:\/\/justicapotiguar.com.br\/index.php\/wp-json\/wp\/v2\/posts\/27541\/revisions"}],"predecessor-version":[{"id":27542,"href":"https:\/\/justicapotiguar.com.br\/index.php\/wp-json\/wp\/v2\/posts\/27541\/revisions\/27542"}],"wp:attachment":[{"href":"https:\/\/justicapotiguar.com.br\/index.php\/wp-json\/wp\/v2\/media?parent=27541"}],"wp:term":[{"taxonomy":"category","embeddable":true,"href":"https:\/\/justicapotiguar.com.br\/index.php\/wp-json\/wp\/v2\/categories?post=27541"},{"taxonomy":"post_tag","embeddable":true,"href":"https:\/\/justicapotiguar.com.br\/index.php\/wp-json\/wp\/v2\/tags?post=27541"}],"curies":[{"name":"wp","href":"https:\/\/api.w.org\/{rel}","templated":true}]}}