{"id":2754,"date":"2019-10-01T15:46:08","date_gmt":"2019-10-01T18:46:08","guid":{"rendered":"https:\/\/justicapotiguar.com.br\/?p=2754"},"modified":"2019-10-01T15:46:08","modified_gmt":"2019-10-01T18:46:08","slug":"xisto-tiago-de-medeiros-neto-assume-o-cargo-de-procurador-chefe-do-mpt-rn","status":"publish","type":"post","link":"https:\/\/justicapotiguar.com.br\/index.php\/2019\/10\/01\/xisto-tiago-de-medeiros-neto-assume-o-cargo-de-procurador-chefe-do-mpt-rn\/","title":{"rendered":"Xisto Tiago de Medeiros Neto assume o cargo de Procurador-Chefe do MPT-RN"},"content":{"rendered":"\n<p>O procurador regional do Trabalho Xisto Tiago de Medeiros Neto tomou posse, na manh\u00e3 desta ter\u00e7a-feira (1\u00ba), em Bras\u00edlia, no cargo de procurador-chefe do Minist\u00e9rio P\u00fablico do Trabalho no Rio Grande do Norte (MPT\/RN), mandato que ir\u00e1 exercer por dois anos. Na solenidade, foram empossados pelo atual procurador-geral do Trabalho, Alberto Balazeiro, os eleitos para chefiar pelo pr\u00f3ximo bi\u00eanio todas as unidades regionais do MPT.<\/p>\n\n\n\n<p>Xisto Tiago substituir\u00e1 o procurador do Trabalho Luis Fabiano Pereira, que esteve \u00e0 frente da gest\u00e3o da institui\u00e7\u00e3o desde outubro de 2017. Para atuar como procuradora-chefe substituta, a nova gest\u00e3o conta com a procuradora do Trabalho Lilian Vilar Dantas Barbosa. A nova gest\u00e3o ficar\u00e1 \u00e0 frente do MPT-RN at\u00e9 outubro de 2021.<\/p>\n\n\n\n<p>&#8220;Ser\u00e1 ainda maior o desafio e a responsabilidade de voltar a exercer, no tempo atual, com tantas incertezas, amea\u00e7as e viol\u00eancias, a chefia do Minist\u00e9rio P\u00fablico do Trabalho no RN, uma institui\u00e7\u00e3o, hoje, mais do que essencial \u00e0 justi\u00e7a e \u00e0 democracia, pela sua destina\u00e7\u00e3o constitucional para a promo\u00e7\u00e3o dos direitos sociais fundamentais nas rela\u00e7\u00f5es de trabalho&#8221;, destaca Xisto Tiago.<\/p><div class=\"mklau69ee99ba11be3\" ><!--<a href=\"https:\/\/bit.ly\/3QdrqTZ\" target=\"_blank\">\n<img src=\"https:\/\/justicapotiguar.com.br\/wp-content\/uploads\/2023\/09\/mobile-geral.gif\"\/><a\/>--><\/div><style type=\"text\/css\">\r\n.mklau69ee99ba11be3 {\r\ntext-align: center;\r\n}\r\n@media screen and (min-width: 1201px) {\r\n.mklau69ee99ba11be3 {\r\ndisplay: none;\r\n}\r\n}\r\n@media screen and (min-width: 993px) and (max-width: 1200px) {\r\n.mklau69ee99ba11be3 {\r\ndisplay: none;\r\n}\r\n}\r\n@media screen and (min-width: 769px) and (max-width: 992px) {\r\n.mklau69ee99ba11be3 {\r\ndisplay: none;\r\n}\r\n}\r\n@media screen and (min-width: 768px) and (max-width: 768px) {\r\n.mklau69ee99ba11be3 {\r\ndisplay: block;\r\n}\r\n}\r\n@media screen and (max-width: 767px) {\r\n.mklau69ee99ba11be3 {\r\ndisplay: block;\r\n}\r\n}\r\n<\/style>\r\n<div class=\"xfpvt69ee99ba11bd0\" ><!--<a href=\"https:\/\/bit.ly\/3QdrqTZ\" target=\"_blank\">\n<img src=\"https:\/\/justicapotiguar.com.br\/wp-content\/uploads\/2023\/09\/desktop-geral.gif\"\/><a\/>--><\/div><style type=\"text\/css\">\r\n.xfpvt69ee99ba11bd0 {\r\ntext-align: center;\nmargin-bottom: 1em;\r\n}\r\n@media screen and (min-width: 1201px) {\r\n.xfpvt69ee99ba11bd0 {\r\ndisplay: block;\r\n}\r\n}\r\n@media screen and (min-width: 993px) and (max-width: 1200px) {\r\n.xfpvt69ee99ba11bd0 {\r\ndisplay: block;\r\n}\r\n}\r\n@media screen and (min-width: 769px) and (max-width: 992px) {\r\n.xfpvt69ee99ba11bd0 {\r\ndisplay: block;\r\n}\r\n}\r\n@media screen and (min-width: 768px) and (max-width: 768px) {\r\n.xfpvt69ee99ba11bd0 {\r\ndisplay: none;\r\n}\r\n}\r\n@media screen and (max-width: 767px) {\r\n.xfpvt69ee99ba11bd0 {\r\ndisplay: none;\r\n}\r\n}\r\n<\/style>\r\n\n\n\n\n<p><strong>Perfil &#8211;<\/strong>&nbsp;Nascido em Natal\/RN, o novo procurador-chefe tem 57 anos e formou-se em Direito pela Universidade Federal do Rio Grande do Norte (UFRN), em 1984. Exerceu a advocacia at\u00e9 1992, assumindo, em seguida, ap\u00f3s aprova\u00e7\u00e3o em concurso p\u00fablico, o cargo de juiz no Tribunal Regional do Trabalho, no qual permaneceu at\u00e9 o final de 1993, quando obteve nova aprova\u00e7\u00e3o, sendo nomeado Procurador do Minist\u00e9rio P\u00fablico do Trabalho, e, posteriormente, no per\u00edodo de 1995 a 2001, ocupado o cargo de procurador-chefe. No MPT, atua tamb\u00e9m como coordenador regional da Coordenadoria Nacional de Combate \u00e0 Explora\u00e7\u00e3o do Trabalho da Crian\u00e7a e do Adolescente.<\/p>\n\n\n\n<p>Na \u00e1rea acad\u00eamica, \u00e9 especialista em Direito do Trabalho e em Direito e Cidadania, al\u00e9m de mestre em Direito Constitucional. Atualmente cursa doutorado na UFPR, em conv\u00eanio interinstitucional com a Universidade do Estado do Rio Grande do Norte (UERN). Integrou o corpo docente da UFRN, nos anos de 1998 e 1999, como professor substituto, e retornou a essa institui\u00e7\u00e3o, em 2004, como professor efetivo concursado, atuando hoje como professor adjunto nas \u00e1reas de gradua\u00e7\u00e3o e p\u00f3s-gradua\u00e7\u00e3o do curso de direito, e como coordenador da Revista jur\u00eddica&nbsp;<em>In Verbis<\/em>. \u00c9 professor colaborador da Escola Superior do Minist\u00e9rio P\u00fablico da Uni\u00e3o (ESMPU\/Bras\u00edlia), al\u00e9m de exercer, atualmente, a fun\u00e7\u00e3o de membro do seu Conselho Administrativo. \u00c9 autor dos livros&nbsp;<em>Dano moral coletivo e Manual de atua\u00e7\u00e3o do Minist\u00e9rio P\u00fablico na preven\u00e7\u00e3o e erradica\u00e7\u00e3o do trabalho infantil<\/em>.<\/p>\n\n\n\n<figure class=\"wp-block-image\"><img loading=\"lazy\" width=\"506\" height=\"337\" src=\"https:\/\/justicapotiguar.com.br\/wp-content\/uploads\/2019\/10\/image001.jpg\" alt=\"\" class=\"wp-image-2755\" srcset=\"https:\/\/justicapotiguar.com.br\/wp-content\/uploads\/2019\/10\/image001.jpg 506w, https:\/\/justicapotiguar.com.br\/wp-content\/uploads\/2019\/10\/image001-300x200.jpg 300w\" sizes=\"(max-width: 506px) 100vw, 506px\" \/><figcaption>Foto: Divulga\u00e7\u00e3o<\/figcaption><\/figure>\n","protected":false},"excerpt":{"rendered":"<p>Na solenidade, foram empossados pelo atual procurador-geral do Trabalho, Alberto Balazeiro, os eleitos para chefiar pelo pr\u00f3ximo bi\u00eanio todas as unidades regionais do MPT.<br \/><a class=\"more-link\" href=\"https:\/\/justicapotiguar.com.br\/index.php\/2019\/10\/01\/xisto-tiago-de-medeiros-neto-assume-o-cargo-de-procurador-chefe-do-mpt-rn\/\">Mais&#8230;<\/a><\/p>\n","protected":false},"author":5,"featured_media":2756,"comment_status":"open","ping_status":"open","sticky":false,"template":"","format":"standard","meta":[],"categories":[3],"tags":[],"_links":{"self":[{"href":"https:\/\/justicapotiguar.com.br\/index.php\/wp-json\/wp\/v2\/posts\/2754"}],"collection":[{"href":"https:\/\/justicapotiguar.com.br\/index.php\/wp-json\/wp\/v2\/posts"}],"about":[{"href":"https:\/\/justicapotiguar.com.br\/index.php\/wp-json\/wp\/v2\/types\/post"}],"author":[{"embeddable":true,"href":"https:\/\/justicapotiguar.com.br\/index.php\/wp-json\/wp\/v2\/users\/5"}],"replies":[{"embeddable":true,"href":"https:\/\/justicapotiguar.com.br\/index.php\/wp-json\/wp\/v2\/comments?post=2754"}],"version-history":[{"count":1,"href":"https:\/\/justicapotiguar.com.br\/index.php\/wp-json\/wp\/v2\/posts\/2754\/revisions"}],"predecessor-version":[{"id":2757,"href":"https:\/\/justicapotiguar.com.br\/index.php\/wp-json\/wp\/v2\/posts\/2754\/revisions\/2757"}],"wp:featuredmedia":[{"embeddable":true,"href":"https:\/\/justicapotiguar.com.br\/index.php\/wp-json\/wp\/v2\/media\/2756"}],"wp:attachment":[{"href":"https:\/\/justicapotiguar.com.br\/index.php\/wp-json\/wp\/v2\/media?parent=2754"}],"wp:term":[{"taxonomy":"category","embeddable":true,"href":"https:\/\/justicapotiguar.com.br\/index.php\/wp-json\/wp\/v2\/categories?post=2754"},{"taxonomy":"post_tag","embeddable":true,"href":"https:\/\/justicapotiguar.com.br\/index.php\/wp-json\/wp\/v2\/tags?post=2754"}],"curies":[{"name":"wp","href":"https:\/\/api.w.org\/{rel}","templated":true}]}}