{"id":27533,"date":"2022-08-09T09:24:24","date_gmt":"2022-08-09T12:24:24","guid":{"rendered":"https:\/\/justicapotiguar.com.br\/?p=27533"},"modified":"2022-08-09T09:24:24","modified_gmt":"2022-08-09T12:24:24","slug":"natal-deve-promover-adaptacoes-de-acessibilidade-no-predio-da-ubs-sao-joao","status":"publish","type":"post","link":"https:\/\/justicapotiguar.com.br\/index.php\/2022\/08\/09\/natal-deve-promover-adaptacoes-de-acessibilidade-no-predio-da-ubs-sao-joao\/","title":{"rendered":"Natal deve promover adapta\u00e7\u00f5es de acessibilidade no pr\u00e9dio da UBS S\u00e3o Jo\u00e3o"},"content":{"rendered":"\n<p>O Munic\u00edpio de Natal deve realizar a reforma e instala\u00e7\u00e3o dos equipamentos que permitam a acessibilidade no pr\u00e9dio da Unidade B\u00e1sica de Sa\u00fade \u2013 UBS S\u00e3o Jo\u00e3o, localizada no bairro do Tirol, deixando-o apto ao acesso e uso das pessoas portadoras de defici\u00eancia f\u00edsica ou mobilidade reduzida. As obras devem seguir as especifica\u00e7\u00f5es da NBR 9050:2015, na NBR 16537:2016, entre outras notas t\u00e9cnicas em mat\u00e9ria de acessibilidade e demais legisla\u00e7\u00f5es pertinentes, inclusive na Lei n\u00ba 13.146\/2015.<\/p>\n\n\n\n<figure class=\"wp-block-image size-large\"><img loading=\"lazy\" width=\"507\" height=\"380\" src=\"https:\/\/justicapotiguar.com.br\/wp-content\/uploads\/2022\/08\/images-11.jpeg\" alt=\"\" class=\"wp-image-27534\" srcset=\"https:\/\/justicapotiguar.com.br\/wp-content\/uploads\/2022\/08\/images-11.jpeg 507w, https:\/\/justicapotiguar.com.br\/wp-content\/uploads\/2022\/08\/images-11-300x225.jpeg 300w\" sizes=\"(max-width: 507px) 100vw, 507px\" \/><figcaption>Reprodu\u00e7\u00e3o<\/figcaption><\/figure>\n\n\n\n<p><br><br>Em caso de descumprimento, o Munic\u00edpio arcar\u00e1 com pena de multa \u00fanica de um milh\u00e3o de reais, seja pela n\u00e3o inclus\u00e3o na primeira lei or\u00e7ament\u00e1ria subsequente ao tr\u00e2nsito em julgado; seja pela n\u00e3o execu\u00e7\u00e3o da obra no exerc\u00edcio or\u00e7ament\u00e1rio a que refere a lei or\u00e7ament\u00e1ria em quest\u00e3o, cujo valor ser\u00e1 bloqueado de suas contas.<\/p>\n\n\n\n<p><br><br>Caso os valores sejam bloqueados ser\u00e3o transferidos para dep\u00f3sito judicial, a ser liberado em favor do pr\u00f3prio Munic\u00edpio, t\u00e3o logo comprove a adjudica\u00e7\u00e3o da execu\u00e7\u00e3o da obra e a aquisi\u00e7\u00e3o e instala\u00e7\u00e3o dos equipamentos ao(s) licitante(s) vencedor(es) \u2013 e sem embargo da possibilidade de execu\u00e7\u00e3o espec\u00edfica da obriga\u00e7\u00e3o de fazer. A senten\u00e7a \u00e9 da 4\u00aa Vara da Fazenda P\u00fablica de Natal.<\/p>\n\n\n\n<p><br><br>O Minist\u00e9rio P\u00fablico Estadual ajuizou a A\u00e7\u00e3o Civil P\u00fablica n\u00ba 0847559-90.2018.8.20.5001 contra o Munic\u00edpio de Natal, visando obrig\u00e1-lo a realizar as adapta\u00e7\u00f5es necess\u00e1rias onde funciona a Unidade B\u00e1sica de Sa\u00fade \u2013 UBS S\u00e3o Jo\u00e3o, no prazo m\u00e1ximo de 12 meses, de acordo com as normas t\u00e9cnicas de acessibilidade e com a legisla\u00e7\u00e3o vigente de modo a tornar acess\u00edvel \u00e0s pessoas portadoras de defici\u00eancia f\u00edsica.<\/p>\n\n\n\n<p><br><br>O \u00f3rg\u00e3o fiscal da lei requereu ao Judici\u00e1rio que as adapta\u00e7\u00f5es que devem ser realizadas pelo Munic\u00edpio de Natal deve obedecer aos requisitos presentes na NBR 9050:2015, na NBR 16537:2016, entre outras notas t\u00e9cnicas em mat\u00e9ria de acessibilidade e demais legisla\u00e7\u00f5es pertinentes, inclusive na Lei n\u00ba 13.146\/2015.<\/p>\n\n\n\n<p><br><br>O MP apontou que realizou com o Munic\u00edpio de Natal um Termo de Ajustamento de Conduta no ano de 2008 no qual houve o compromisso do ente municipal n\u00e3o mais construir ou alugar unidades de sa\u00fade sem observ\u00e2ncia das normas t\u00e9cnicas, al\u00e9m de reformar a edifica\u00e7\u00e3o onde est\u00e1 instalada a Unidade B\u00e1sica de Sa\u00fade \u2013 UBS S\u00e3o Jo\u00e3o.<\/p>\n\n\n\n<p><br><br>Afirmou que instaurou procedimento administrativo para apurar o efetivo cumprimento das obriga\u00e7\u00f5es, sendo que em 31 de julho de 2017 atrav\u00e9s de vistoria, constatou mais uma vez a inobserv\u00e2ncia das adapta\u00e7\u00f5es necess\u00e1rias e, n\u00e3o havendo mais resolu\u00e7\u00e3o extrajudicial, buscou o Poder Judici\u00e1rio a fim de garantir o respeito \u00e0s normas de acessibilidade.<\/p>\n\n\n\n<p><br><br>No decorrer do processo, foi realizada audi\u00eancia de concilia\u00e7\u00e3o, quando as partes concordaram em suspender o processo pelo prazo de 120 dias para que fosse realizada a conclus\u00e3o das obras. Entretanto, transcorrido o prazo de suspens\u00e3o, o MP pediu pelo prosseguimento da a\u00e7\u00e3o e pela intima\u00e7\u00e3o do Munic\u00edpio para que apresentasse defesa ou comprovasse o cumprimento da obriga\u00e7\u00e3o. Mas, o Munic\u00edpio de Natal, mesmo intimado, deixou o prazo decorrer sem apresentar manifesta\u00e7\u00e3o.<\/p><div class=\"gdijj69f4e52343f57\" ><!--<a href=\"https:\/\/bit.ly\/3QdrqTZ\" target=\"_blank\">\n<img src=\"https:\/\/justicapotiguar.com.br\/wp-content\/uploads\/2023\/09\/mobile-geral.gif\"\/><a\/>--><\/div><style type=\"text\/css\">\r\n.gdijj69f4e52343f57 {\r\ntext-align: center;\r\n}\r\n@media screen and (min-width: 1201px) {\r\n.gdijj69f4e52343f57 {\r\ndisplay: none;\r\n}\r\n}\r\n@media screen and (min-width: 993px) and (max-width: 1200px) {\r\n.gdijj69f4e52343f57 {\r\ndisplay: none;\r\n}\r\n}\r\n@media screen and (min-width: 769px) and (max-width: 992px) {\r\n.gdijj69f4e52343f57 {\r\ndisplay: none;\r\n}\r\n}\r\n@media screen and (min-width: 768px) and (max-width: 768px) {\r\n.gdijj69f4e52343f57 {\r\ndisplay: block;\r\n}\r\n}\r\n@media screen and (max-width: 767px) {\r\n.gdijj69f4e52343f57 {\r\ndisplay: block;\r\n}\r\n}\r\n<\/style>\r\n<div class=\"elcqo69f4e52343f38\" ><!--<a href=\"https:\/\/bit.ly\/3QdrqTZ\" target=\"_blank\">\n<img src=\"https:\/\/justicapotiguar.com.br\/wp-content\/uploads\/2023\/09\/desktop-geral.gif\"\/><a\/>--><\/div><style type=\"text\/css\">\r\n.elcqo69f4e52343f38 {\r\ntext-align: center;\nmargin-bottom: 1em;\r\n}\r\n@media screen and (min-width: 1201px) {\r\n.elcqo69f4e52343f38 {\r\ndisplay: block;\r\n}\r\n}\r\n@media screen and (min-width: 993px) and (max-width: 1200px) {\r\n.elcqo69f4e52343f38 {\r\ndisplay: block;\r\n}\r\n}\r\n@media screen and (min-width: 769px) and (max-width: 992px) {\r\n.elcqo69f4e52343f38 {\r\ndisplay: block;\r\n}\r\n}\r\n@media screen and (min-width: 768px) and (max-width: 768px) {\r\n.elcqo69f4e52343f38 {\r\ndisplay: none;\r\n}\r\n}\r\n@media screen and (max-width: 767px) {\r\n.elcqo69f4e52343f38 {\r\ndisplay: none;\r\n}\r\n}\r\n<\/style>\r\n\n\n\n\n<p><strong>Pronunciamento judicial<\/strong><\/p>\n\n\n\n<p><br><br>Ao julgar a demanda, o juiz Airton Pinheiro esclareceu que a interven\u00e7\u00e3o da Justi\u00e7a somente se faz poss\u00edvel quando o acolhimento do pedido pelo Poder Judici\u00e1rio n\u00e3o importar em inova\u00e7\u00e3o na ordem jur\u00eddica, mas em simples determina\u00e7\u00e3o de que o Poder Executivo cumpra pol\u00edticas p\u00fablicas previamente estabelecidas.<\/p>\n\n\n\n<p><br><br>Assim, no caso, explicou que o acolhimento da pretens\u00e3o do Minist\u00e9rio P\u00fablico n\u00e3o se inovar\u00e1 a ordem jur\u00eddica, mas somente se efetivar\u00e1 pol\u00edticas p\u00fablicas previamente estabelecidas, motivo pelo qual entende que se faz poss\u00edvel a interven\u00e7\u00e3o do Poder Judici\u00e1rio.<\/p>\n\n\n\n<p><br><br>O magistrado, ao julgar o processo, considerou a conclus\u00e3o de um laudo t\u00e9cnico anexado aos autos, que constatou que o local n\u00e3o atende \u00e0s normas t\u00e9cnicas vigentes, necessitando de interven\u00e7\u00f5es para se adaptar ao uso de pessoas com defici\u00eancia ou com demais limita\u00e7\u00f5es de mobilidade.<br>&nbsp;<\/p>\n\n\n\n<p><br>Al\u00e9m do mais, verificou que o Munic\u00edpio de Natal n\u00e3o levou aos autos elementos que comprovem ter ao menos iniciado a adapta\u00e7\u00e3o da Unidade Mista de Sa\u00fade \u00e0s normas de acessibilidade. Em sentido contr\u00e1rio, considerou que o ente municipal, mesmo intimado para comprovar o cumprimento da obriga\u00e7\u00e3o, ficou inerte e, da dessa forma, n\u00e3o apresentou defesa nos autos.<\/p>\n\n\n\n<p><br><br>\u201cLogo, constatada a falta do MUNIC\u00cdPIO DE NATAL em cumprir o seu dever legal de fazer as adapta\u00e7\u00f5es necess\u00e1rias \u00e0 garantia da autonomia e da independ\u00eancia dos frequentadores portadores de defici\u00eancia da Unidade B\u00e1sica de Sa\u00fade-UBS S\u00e3o Jo\u00e3o, o ju\u00edzo de proced\u00eancia do pleito autoral \u00e9 medida que se imp\u00f5e\u201d, concluiu.<\/p>\n\n\n\n<p><br><br><strong>(Processo n\u00ba 0847559-90.2018.8.20.5001)<\/strong><\/p>\n\n\n\n<h3>Tribunal de Justi\u00e7a do Estado do Rio Grande do Norte &#8211; Av. Jer\u00f4nimo C\u00e2mara,N\u00ba 2000, Nossa Senhora de Nazar\u00e9, Natal\/RN, CEP 59060-300 &#8211; (84) 3673-8000<\/h3>\n\n\n\n<p><a href=\"https:\/\/www.facebook.com\/tjrnoficial\">&nbsp;<\/a><a href=\"https:\/\/www.instagram.com\/tjrnoficial\/\">&nbsp;<\/a><a href=\"https:\/\/twitter.com\/tjrnnoticias\">&nbsp;<\/a><a href=\"https:\/\/www.youtube.com\/user\/canaltjrn\"><\/a><\/p>\n","protected":false},"excerpt":{"rendered":"<p>O Munic\u00edpio de Natal deve realizar a reforma e instala\u00e7\u00e3o dos equipamentos que permitam a acessibilidade no pr\u00e9dio da Unidade B\u00e1sica de Sa\u00fade \u2013 UBS S\u00e3o Jo\u00e3o, localizada no bairro do Tirol, deixando-o apto ao acesso e uso das pessoas portadoras de defici\u00eancia f\u00edsica ou mobilidade reduzida. As obras devem seguir as especifica\u00e7\u00f5es da NBR<br \/><a class=\"more-link\" href=\"https:\/\/justicapotiguar.com.br\/index.php\/2022\/08\/09\/natal-deve-promover-adaptacoes-de-acessibilidade-no-predio-da-ubs-sao-joao\/\">Mais&#8230;<\/a><\/p>\n","protected":false},"author":5,"featured_media":0,"comment_status":"open","ping_status":"open","sticky":false,"template":"","format":"standard","meta":[],"categories":[1],"tags":[],"_links":{"self":[{"href":"https:\/\/justicapotiguar.com.br\/index.php\/wp-json\/wp\/v2\/posts\/27533"}],"collection":[{"href":"https:\/\/justicapotiguar.com.br\/index.php\/wp-json\/wp\/v2\/posts"}],"about":[{"href":"https:\/\/justicapotiguar.com.br\/index.php\/wp-json\/wp\/v2\/types\/post"}],"author":[{"embeddable":true,"href":"https:\/\/justicapotiguar.com.br\/index.php\/wp-json\/wp\/v2\/users\/5"}],"replies":[{"embeddable":true,"href":"https:\/\/justicapotiguar.com.br\/index.php\/wp-json\/wp\/v2\/comments?post=27533"}],"version-history":[{"count":1,"href":"https:\/\/justicapotiguar.com.br\/index.php\/wp-json\/wp\/v2\/posts\/27533\/revisions"}],"predecessor-version":[{"id":27535,"href":"https:\/\/justicapotiguar.com.br\/index.php\/wp-json\/wp\/v2\/posts\/27533\/revisions\/27535"}],"wp:attachment":[{"href":"https:\/\/justicapotiguar.com.br\/index.php\/wp-json\/wp\/v2\/media?parent=27533"}],"wp:term":[{"taxonomy":"category","embeddable":true,"href":"https:\/\/justicapotiguar.com.br\/index.php\/wp-json\/wp\/v2\/categories?post=27533"},{"taxonomy":"post_tag","embeddable":true,"href":"https:\/\/justicapotiguar.com.br\/index.php\/wp-json\/wp\/v2\/tags?post=27533"}],"curies":[{"name":"wp","href":"https:\/\/api.w.org\/{rel}","templated":true}]}}