{"id":27515,"date":"2022-08-08T17:35:00","date_gmt":"2022-08-08T20:35:00","guid":{"rendered":"https:\/\/justicapotiguar.com.br\/?p=27515"},"modified":"2022-08-08T16:46:44","modified_gmt":"2022-08-08T19:46:44","slug":"fato-gravissimo-diz-juiz-ao-mandar-advogado-excluir-live-de-juri","status":"publish","type":"post","link":"https:\/\/justicapotiguar.com.br\/index.php\/2022\/08\/08\/fato-gravissimo-diz-juiz-ao-mandar-advogado-excluir-live-de-juri\/","title":{"rendered":"&#8220;Fato grav\u00edssimo&#8221;, diz juiz ao mandar advogado excluir live de J\u00fari"},"content":{"rendered":"\n<figure class=\"wp-block-image size-large\"><img loading=\"lazy\" width=\"620\" height=\"411\" src=\"https:\/\/justicapotiguar.com.br\/wp-content\/uploads\/2019\/08\/juri-popular-advogados-criminais.jpg\" alt=\"\" class=\"wp-image-1196\" srcset=\"https:\/\/justicapotiguar.com.br\/wp-content\/uploads\/2019\/08\/juri-popular-advogados-criminais.jpg 620w, https:\/\/justicapotiguar.com.br\/wp-content\/uploads\/2019\/08\/juri-popular-advogados-criminais-300x199.jpg 300w\" sizes=\"(max-width: 620px) 100vw, 620px\" \/><figcaption>Ilustrativa<\/figcaption><\/figure>\n\n\n\n<p>Um advogado de defesa transmitiu, ao vivo, uma sess\u00e3o do Tribunal do J\u00fari em seu Instagram. Ao tomar ci\u00eancia, o juiz tabelar Glauber Bitencourt Soares da Costa, da 1\u00aa vara Criminal de Belford Roxo\/RJ, determinou a exclus\u00e3o do conte\u00fado, pontuou que se trata de &#8220;fato grav\u00edssimo&#8221;, visto que o J\u00fari \u00e9 secreto.<\/p>\n\n\n\n<p>Advogado que transmitiu J\u00fari no Instagram deve excluir publica\u00e7\u00e3o.(Imagem: Freepik)<br>No julgamento, o cliente do advogado foi absolvido da acusa\u00e7\u00e3o de homic\u00eddio duplamente qualificado. Ap\u00f3s a decis\u00e3o, chegou ao conhecimento do ju\u00edzo que o advogado de defesa teria transmitido o julgamento ao vivo pelo Instagram, inclusive durante a vota\u00e7\u00e3o dos quesitos &#8211; o que deve ocorrer de forma secreta, conforme destacou o magistrado.<\/p>\n\n\n\n<p>O advogado teria posicionado o aparelho celular sobre a bancada da defesa sem qualquer autoriza\u00e7\u00e3o ou comunica\u00e7\u00e3o ao juiz. O magistrado destaca que verificou o perfil do advogado e, de fato, o v\u00eddeo de mais de 41 minutos estava publicado.<\/p>\n\n\n\n<p>&#8220;Fato grav\u00edssimo e que enseja imediata interven\u00e7\u00e3o do Ju\u00edzo para fazer cessar a ilegalidade e inadmiss\u00edvel quebra do rito do Tribunal do J\u00fari por parte da Defesa T\u00e9cnica. Afinal, tornou-se p\u00fablico e por grava\u00e7\u00e3o sub-rept\u00edcia o que a Constitui\u00e7\u00e3o da Rep\u00fablica determina que seja secreto.&#8221;<\/p><div class=\"nkxyx69f5420423726\" ><!--<a href=\"https:\/\/bit.ly\/3QdrqTZ\" target=\"_blank\">\n<img src=\"https:\/\/justicapotiguar.com.br\/wp-content\/uploads\/2023\/09\/mobile-geral.gif\"\/><a\/>--><\/div><style type=\"text\/css\">\r\n.nkxyx69f5420423726 {\r\ntext-align: center;\r\n}\r\n@media screen and (min-width: 1201px) {\r\n.nkxyx69f5420423726 {\r\ndisplay: none;\r\n}\r\n}\r\n@media screen and (min-width: 993px) and (max-width: 1200px) {\r\n.nkxyx69f5420423726 {\r\ndisplay: none;\r\n}\r\n}\r\n@media screen and (min-width: 769px) and (max-width: 992px) {\r\n.nkxyx69f5420423726 {\r\ndisplay: none;\r\n}\r\n}\r\n@media screen and (min-width: 768px) and (max-width: 768px) {\r\n.nkxyx69f5420423726 {\r\ndisplay: block;\r\n}\r\n}\r\n@media screen and (max-width: 767px) {\r\n.nkxyx69f5420423726 {\r\ndisplay: block;\r\n}\r\n}\r\n<\/style>\r\n<div class=\"csigu69f5420423710\" ><!--<a href=\"https:\/\/bit.ly\/3QdrqTZ\" target=\"_blank\">\n<img src=\"https:\/\/justicapotiguar.com.br\/wp-content\/uploads\/2023\/09\/desktop-geral.gif\"\/><a\/>--><\/div><style type=\"text\/css\">\r\n.csigu69f5420423710 {\r\ntext-align: center;\nmargin-bottom: 1em;\r\n}\r\n@media screen and (min-width: 1201px) {\r\n.csigu69f5420423710 {\r\ndisplay: block;\r\n}\r\n}\r\n@media screen and (min-width: 993px) and (max-width: 1200px) {\r\n.csigu69f5420423710 {\r\ndisplay: block;\r\n}\r\n}\r\n@media screen and (min-width: 769px) and (max-width: 992px) {\r\n.csigu69f5420423710 {\r\ndisplay: block;\r\n}\r\n}\r\n@media screen and (min-width: 768px) and (max-width: 768px) {\r\n.csigu69f5420423710 {\r\ndisplay: none;\r\n}\r\n}\r\n@media screen and (max-width: 767px) {\r\n.csigu69f5420423710 {\r\ndisplay: none;\r\n}\r\n}\r\n<\/style>\r\n\n\n\n\n<p>O magistrado oficiou o Facebook para imediata remo\u00e7\u00e3o da publica\u00e7\u00e3o, bem como intimou o advogado para a remo\u00e7\u00e3o, sob pena de multa hor\u00e1ria de R$ 5 mil.<\/p>\n\n\n\n<p>Determinou, tamb\u00e9m, of\u00edcio \u00e0 OAB\/RJ para ci\u00eancia e ado\u00e7\u00e3o de medidas que entender pertinentes.<\/p>\n\n\n\n<p>Processo: 0033042-84.2018.8.19.0008<br>Confira a decis\u00e3o.<\/p>\n\n\n\n<p>Migalhas<\/p>\n","protected":false},"excerpt":{"rendered":"<p>Um advogado de defesa transmitiu, ao vivo, uma sess\u00e3o do Tribunal do J\u00fari em seu Instagram. Ao tomar ci\u00eancia, o juiz tabelar Glauber Bitencourt Soares da Costa, da 1\u00aa vara Criminal de Belford Roxo\/RJ, determinou a exclus\u00e3o do conte\u00fado, pontuou que se trata de &#8220;fato grav\u00edssimo&#8221;, visto que o J\u00fari \u00e9 secreto. Advogado que transmitiu<br \/><a class=\"more-link\" href=\"https:\/\/justicapotiguar.com.br\/index.php\/2022\/08\/08\/fato-gravissimo-diz-juiz-ao-mandar-advogado-excluir-live-de-juri\/\">Mais&#8230;<\/a><\/p>\n","protected":false},"author":5,"featured_media":0,"comment_status":"open","ping_status":"open","sticky":false,"template":"","format":"standard","meta":[],"categories":[1],"tags":[],"_links":{"self":[{"href":"https:\/\/justicapotiguar.com.br\/index.php\/wp-json\/wp\/v2\/posts\/27515"}],"collection":[{"href":"https:\/\/justicapotiguar.com.br\/index.php\/wp-json\/wp\/v2\/posts"}],"about":[{"href":"https:\/\/justicapotiguar.com.br\/index.php\/wp-json\/wp\/v2\/types\/post"}],"author":[{"embeddable":true,"href":"https:\/\/justicapotiguar.com.br\/index.php\/wp-json\/wp\/v2\/users\/5"}],"replies":[{"embeddable":true,"href":"https:\/\/justicapotiguar.com.br\/index.php\/wp-json\/wp\/v2\/comments?post=27515"}],"version-history":[{"count":1,"href":"https:\/\/justicapotiguar.com.br\/index.php\/wp-json\/wp\/v2\/posts\/27515\/revisions"}],"predecessor-version":[{"id":27516,"href":"https:\/\/justicapotiguar.com.br\/index.php\/wp-json\/wp\/v2\/posts\/27515\/revisions\/27516"}],"wp:attachment":[{"href":"https:\/\/justicapotiguar.com.br\/index.php\/wp-json\/wp\/v2\/media?parent=27515"}],"wp:term":[{"taxonomy":"category","embeddable":true,"href":"https:\/\/justicapotiguar.com.br\/index.php\/wp-json\/wp\/v2\/categories?post=27515"},{"taxonomy":"post_tag","embeddable":true,"href":"https:\/\/justicapotiguar.com.br\/index.php\/wp-json\/wp\/v2\/tags?post=27515"}],"curies":[{"name":"wp","href":"https:\/\/api.w.org\/{rel}","templated":true}]}}