{"id":27472,"date":"2022-08-04T19:57:00","date_gmt":"2022-08-04T22:57:00","guid":{"rendered":"https:\/\/justicapotiguar.com.br\/?p=27472"},"modified":"2022-08-04T19:04:44","modified_gmt":"2022-08-04T22:04:44","slug":"policia-investiga-por-fraude-homem-que-foi-recebido-como-desembargador-por-mourao-em-2019","status":"publish","type":"post","link":"https:\/\/justicapotiguar.com.br\/index.php\/2022\/08\/04\/policia-investiga-por-fraude-homem-que-foi-recebido-como-desembargador-por-mourao-em-2019\/","title":{"rendered":"Pol\u00edcia investiga por fraude homem que foi recebido como desembargador por Mour\u00e3o em 2019"},"content":{"rendered":"\n<p>Sem qualquer registro de inscri\u00e7\u00e3o na Ordem dos Advogados do Brasil (OAB) e com mais de&nbsp;<strong>10 inqu\u00e9ritos por fraude e pl\u00e1gio&nbsp;<\/strong>em andamento na Pol\u00edcia Civil do Rio Grande do Sul, Jo\u00e3o Ri\u00e9l Manoel Hibner Nunes Vieira Teles de Oliveira Brito, de 31 anos, foi recebido em setembro de 2019 pelo ent\u00e3o vice-presidente da Rep\u00fablica Hamilton Mour\u00e3o como &#8220;<strong>desembargador do Tribunal de Justi\u00e7a do RS<\/strong>&#8220;, ao lado do futuro ministro do Supremo Tribunal Federal Kassio Nunes Marques.&nbsp;Jo\u00e3o nunca foi advogado, muito menos desembargador, segundo a investiga\u00e7\u00e3o policial.<\/p>\n\n\n\n<figure class=\"wp-block-image size-large\"><img loading=\"lazy\" width=\"1024\" height=\"580\" src=\"https:\/\/justicapotiguar.com.br\/wp-content\/uploads\/2022\/08\/desembargador-falso-1024x580.jpg\" alt=\"\" class=\"wp-image-27473\" srcset=\"https:\/\/justicapotiguar.com.br\/wp-content\/uploads\/2022\/08\/desembargador-falso-1024x580.jpg 1024w, https:\/\/justicapotiguar.com.br\/wp-content\/uploads\/2022\/08\/desembargador-falso-300x170.jpg 300w, https:\/\/justicapotiguar.com.br\/wp-content\/uploads\/2022\/08\/desembargador-falso-768x435.jpg 768w, https:\/\/justicapotiguar.com.br\/wp-content\/uploads\/2022\/08\/desembargador-falso.jpg 1200w\" sizes=\"(max-width: 1024px) 100vw, 1024px\" \/><figcaption>Reprodu\u00e7\u00e3o<\/figcaption><\/figure>\n\n\n\n<p>Ao\u00a0<a href=\"https:\/\/g1.globo.com\/rs\/rio-grande-do-sul\/\">g1<\/a>, o vice-presidente afirmou que houve um erro no cadastramento da informa\u00e7\u00e3o na agenda oficial. &#8220;N\u00e3o lembro da agenda e, segundo minha equipe, houve um erro de lan\u00e7amento na mesma, onde constou o mesmo como desembargador&#8221;, escreveu. <\/p>\n\n\n\n<p>Esse \u00e9 apenas um dos fatos, entre os mais inofensivos, que a pol\u00edcia apura se s\u00e3o mentirosos no curr\u00edculo de Jo\u00e3o Ri\u00e9l. Desde 2018, ele \u00e9 investigado por ter entrado com pelo menos&nbsp;uma dezena de a\u00e7\u00f5es no Foro da Comarca de&nbsp;<a href=\"https:\/\/g1.globo.com\/rs\/rio-grande-do-sul\/cidade\/arroio-do-tigre\/\">Arroio do Tigre<\/a>, munic\u00edpio de pouco mais de 13 mil habitantes a 250 km de Porto Alegre, sem ter registro como advogado e constando na OAB apenas como estagi\u00e1rio, em inscri\u00e7\u00e3o j\u00e1 expirada.<\/p><div class=\"wdqth69f0c5b6d041a\" ><!--<a href=\"https:\/\/bit.ly\/3QdrqTZ\" target=\"_blank\">\n<img src=\"https:\/\/justicapotiguar.com.br\/wp-content\/uploads\/2023\/09\/mobile-geral.gif\"\/><a\/>--><\/div><style type=\"text\/css\">\r\n.wdqth69f0c5b6d041a {\r\ntext-align: center;\r\n}\r\n@media screen and (min-width: 1201px) {\r\n.wdqth69f0c5b6d041a {\r\ndisplay: none;\r\n}\r\n}\r\n@media screen and (min-width: 993px) and (max-width: 1200px) {\r\n.wdqth69f0c5b6d041a {\r\ndisplay: none;\r\n}\r\n}\r\n@media screen and (min-width: 769px) and (max-width: 992px) {\r\n.wdqth69f0c5b6d041a {\r\ndisplay: none;\r\n}\r\n}\r\n@media screen and (min-width: 768px) and (max-width: 768px) {\r\n.wdqth69f0c5b6d041a {\r\ndisplay: block;\r\n}\r\n}\r\n@media screen and (max-width: 767px) {\r\n.wdqth69f0c5b6d041a {\r\ndisplay: block;\r\n}\r\n}\r\n<\/style>\r\n<div class=\"wxpvj69f0c5b6d03fb\" ><!--<a href=\"https:\/\/bit.ly\/3QdrqTZ\" target=\"_blank\">\n<img src=\"https:\/\/justicapotiguar.com.br\/wp-content\/uploads\/2023\/09\/desktop-geral.gif\"\/><a\/>--><\/div><style type=\"text\/css\">\r\n.wxpvj69f0c5b6d03fb {\r\ntext-align: center;\nmargin-bottom: 1em;\r\n}\r\n@media screen and (min-width: 1201px) {\r\n.wxpvj69f0c5b6d03fb {\r\ndisplay: block;\r\n}\r\n}\r\n@media screen and (min-width: 993px) and (max-width: 1200px) {\r\n.wxpvj69f0c5b6d03fb {\r\ndisplay: block;\r\n}\r\n}\r\n@media screen and (min-width: 769px) and (max-width: 992px) {\r\n.wxpvj69f0c5b6d03fb {\r\ndisplay: block;\r\n}\r\n}\r\n@media screen and (min-width: 768px) and (max-width: 768px) {\r\n.wxpvj69f0c5b6d03fb {\r\ndisplay: none;\r\n}\r\n}\r\n@media screen and (max-width: 767px) {\r\n.wxpvj69f0c5b6d03fb {\r\ndisplay: none;\r\n}\r\n}\r\n<\/style>\r\n\n\n\n\n<p>&#8220;Ele tem mais de 10 inqu\u00e9ritos que tramitam contra ele na delegacia por fraudes, al\u00e9m do inqu\u00e9rito por pl\u00e1gio. Essa hist\u00f3ria come\u00e7ou em 2018, quando o Minist\u00e9rio P\u00fablico verificou uma a\u00e7\u00e3o em que ele figurava como advogado e algu\u00e9m informou que ele n\u00e3o tinha OAB. No processo, ele declarava que tinha esquecido de fazer constar o &#8216;E&#8217; de Estagi\u00e1rio no n\u00famero utilizado nos processos&#8221;, conta a delegada Graciela Foresti Chagas, de Arroio do Tigre, onde ocorrem as investiga\u00e7\u00f5es.<\/p>\n\n\n\n<p>A investiga\u00e7\u00e3o da Pol\u00edcia Civil aponta que&nbsp;ele usaria o n\u00famero suspenso da OAB de uma advogada que se tornou ju\u00edza para assinar as a\u00e7\u00f5es. O registro de Jo\u00e3o Ri\u00e9l na OAB consta como &#8220;estagi\u00e1rio&#8221; e est\u00e1 &#8220;cancelado&#8221;. Conforme o Estatuto da Advocacia, estabelecido por lei federal sancionada em 1994, estudantes de direito podem exercer a fun\u00e7\u00e3o desde que registrados e sob responsabilidade de um advogado.<\/p>\n","protected":false},"excerpt":{"rendered":"<p>Sem qualquer registro de inscri\u00e7\u00e3o na Ordem dos Advogados do Brasil (OAB) e com mais de&nbsp;10 inqu\u00e9ritos por fraude e pl\u00e1gio&nbsp;em andamento na Pol\u00edcia Civil do Rio Grande do Sul, Jo\u00e3o Ri\u00e9l Manoel Hibner Nunes Vieira Teles de Oliveira Brito, de 31 anos, foi recebido em setembro de 2019 pelo ent\u00e3o vice-presidente da Rep\u00fablica Hamilton<br \/><a class=\"more-link\" href=\"https:\/\/justicapotiguar.com.br\/index.php\/2022\/08\/04\/policia-investiga-por-fraude-homem-que-foi-recebido-como-desembargador-por-mourao-em-2019\/\">Mais&#8230;<\/a><\/p>\n","protected":false},"author":5,"featured_media":0,"comment_status":"open","ping_status":"open","sticky":false,"template":"","format":"standard","meta":[],"categories":[1],"tags":[],"_links":{"self":[{"href":"https:\/\/justicapotiguar.com.br\/index.php\/wp-json\/wp\/v2\/posts\/27472"}],"collection":[{"href":"https:\/\/justicapotiguar.com.br\/index.php\/wp-json\/wp\/v2\/posts"}],"about":[{"href":"https:\/\/justicapotiguar.com.br\/index.php\/wp-json\/wp\/v2\/types\/post"}],"author":[{"embeddable":true,"href":"https:\/\/justicapotiguar.com.br\/index.php\/wp-json\/wp\/v2\/users\/5"}],"replies":[{"embeddable":true,"href":"https:\/\/justicapotiguar.com.br\/index.php\/wp-json\/wp\/v2\/comments?post=27472"}],"version-history":[{"count":1,"href":"https:\/\/justicapotiguar.com.br\/index.php\/wp-json\/wp\/v2\/posts\/27472\/revisions"}],"predecessor-version":[{"id":27474,"href":"https:\/\/justicapotiguar.com.br\/index.php\/wp-json\/wp\/v2\/posts\/27472\/revisions\/27474"}],"wp:attachment":[{"href":"https:\/\/justicapotiguar.com.br\/index.php\/wp-json\/wp\/v2\/media?parent=27472"}],"wp:term":[{"taxonomy":"category","embeddable":true,"href":"https:\/\/justicapotiguar.com.br\/index.php\/wp-json\/wp\/v2\/categories?post=27472"},{"taxonomy":"post_tag","embeddable":true,"href":"https:\/\/justicapotiguar.com.br\/index.php\/wp-json\/wp\/v2\/tags?post=27472"}],"curies":[{"name":"wp","href":"https:\/\/api.w.org\/{rel}","templated":true}]}}