{"id":27468,"date":"2022-08-04T13:56:58","date_gmt":"2022-08-04T16:56:58","guid":{"rendered":"https:\/\/justicapotiguar.com.br\/?p=27468"},"modified":"2022-08-04T13:56:58","modified_gmt":"2022-08-04T16:56:58","slug":"dallagnol-e-processado-por-suposto-desvio-de-verba-do-fundo-partidario","status":"publish","type":"post","link":"https:\/\/justicapotiguar.com.br\/index.php\/2022\/08\/04\/dallagnol-e-processado-por-suposto-desvio-de-verba-do-fundo-partidario\/","title":{"rendered":"Dallagnol \u00e9 processado por suposto desvio de verba do Fundo Partid\u00e1rio"},"content":{"rendered":"\n<figure class=\"wp-block-image size-large\"><img loading=\"lazy\" width=\"1024\" height=\"615\" src=\"https:\/\/justicapotiguar.com.br\/wp-content\/uploads\/2019\/08\/Deltan-Dalagnol-01-1024x615.jpg\" alt=\"\" class=\"wp-image-685\" srcset=\"https:\/\/justicapotiguar.com.br\/wp-content\/uploads\/2019\/08\/Deltan-Dalagnol-01-1024x615.jpg 1024w, https:\/\/justicapotiguar.com.br\/wp-content\/uploads\/2019\/08\/Deltan-Dalagnol-01-300x180.jpg 300w, https:\/\/justicapotiguar.com.br\/wp-content\/uploads\/2019\/08\/Deltan-Dalagnol-01-768x461.jpg 768w, https:\/\/justicapotiguar.com.br\/wp-content\/uploads\/2019\/08\/Deltan-Dalagnol-01.jpg 1086w\" sizes=\"(max-width: 1024px) 100vw, 1024px\" \/><figcaption>Reprodu\u00e7\u00e3o<\/figcaption><\/figure>\n\n\n\n<p>Uma a\u00e7\u00e3o movida pela Federa\u00e7\u00e3o Brasil da Esperan\u00e7a no Paran\u00e1, composta por PT, PCdoB e PV, no Tribunal Regional Eleitoral do Paran\u00e1 solicita a apura\u00e7\u00e3o de poss\u00edveis irregularidades na pr\u00e9-campanha do ex-procurador de Justi\u00e7a e candidato Deltan Dallagnol devido a ind\u00edcios de caixa dois. A suspeita \u00e9 que um escrit\u00f3rio de advocacia recentemente constitu\u00eddo esteja sendo utilizado para pagamento de despesas pessoais com recursos p\u00fablicos do Fundo Partid\u00e1rio.<\/p>\n\n\n\n<p>A inicial aponta que o escrit\u00f3rio do ex-estagi\u00e1rio de Deltan, Matheus Rios do Carmo, n\u00e3o tinha praticamente nenhum hist\u00f3rico de atua\u00e7\u00e3o e recebeu cerca de R$ 100 mil do partido, que j\u00e1 tinha advogados constitu\u00eddos. Al\u00e9m disso, o dom\u00ednio do site pessoal de Deltan pertence a uma empresa de som automotivo do irm\u00e3o do advogado, com sede em Curitiba.<\/p>\n\n\n\n<p>&#8220;O objetivo dessa a\u00e7\u00e3o \u00e9 dar a chance para que Deltan abra as contas de sua pr\u00e9-campanha, atue com a transpar\u00eancia que sempre defendeu e pregou enquanto procurador. Por enquanto, h\u00e1 suspeitas concretas de que h\u00e1 caixa dois, recursos de fontes vedadas \u00e9 poss\u00edvel lavagem de dinheiro por um advogado que foi assessor pessoal de Deltan no MPF. Foram R$ 100.000,00 pagos a ele em poucos meses desde que Deltan se tornou vice-presidente do podemos PR&#8221;, explica o advogado Luiz Eduardo Peccinin, que atua no caso.&nbsp;<\/p><div class=\"enlvp69f0c597a03e6\" ><!--<a href=\"https:\/\/bit.ly\/3QdrqTZ\" target=\"_blank\">\n<img src=\"https:\/\/justicapotiguar.com.br\/wp-content\/uploads\/2023\/09\/mobile-geral.gif\"\/><a\/>--><\/div><style type=\"text\/css\">\r\n.enlvp69f0c597a03e6 {\r\ntext-align: center;\r\n}\r\n@media screen and (min-width: 1201px) {\r\n.enlvp69f0c597a03e6 {\r\ndisplay: none;\r\n}\r\n}\r\n@media screen and (min-width: 993px) and (max-width: 1200px) {\r\n.enlvp69f0c597a03e6 {\r\ndisplay: none;\r\n}\r\n}\r\n@media screen and (min-width: 769px) and (max-width: 992px) {\r\n.enlvp69f0c597a03e6 {\r\ndisplay: none;\r\n}\r\n}\r\n@media screen and (min-width: 768px) and (max-width: 768px) {\r\n.enlvp69f0c597a03e6 {\r\ndisplay: block;\r\n}\r\n}\r\n@media screen and (max-width: 767px) {\r\n.enlvp69f0c597a03e6 {\r\ndisplay: block;\r\n}\r\n}\r\n<\/style>\r\n<div class=\"qidtu69f0c597a03d0\" ><!--<a href=\"https:\/\/bit.ly\/3QdrqTZ\" target=\"_blank\">\n<img src=\"https:\/\/justicapotiguar.com.br\/wp-content\/uploads\/2023\/09\/desktop-geral.gif\"\/><a\/>--><\/div><style type=\"text\/css\">\r\n.qidtu69f0c597a03d0 {\r\ntext-align: center;\nmargin-bottom: 1em;\r\n}\r\n@media screen and (min-width: 1201px) {\r\n.qidtu69f0c597a03d0 {\r\ndisplay: block;\r\n}\r\n}\r\n@media screen and (min-width: 993px) and (max-width: 1200px) {\r\n.qidtu69f0c597a03d0 {\r\ndisplay: block;\r\n}\r\n}\r\n@media screen and (min-width: 769px) and (max-width: 992px) {\r\n.qidtu69f0c597a03d0 {\r\ndisplay: block;\r\n}\r\n}\r\n@media screen and (min-width: 768px) and (max-width: 768px) {\r\n.qidtu69f0c597a03d0 {\r\ndisplay: none;\r\n}\r\n}\r\n@media screen and (max-width: 767px) {\r\n.qidtu69f0c597a03d0 {\r\ndisplay: none;\r\n}\r\n}\r\n<\/style>\r\n\n\n\n\n<p>&#8220;Al\u00e9m disso, o site de Deltan est\u00e1 em nome de uma empresa de propriedade do irm\u00e3o do advogado, o que indica o elo entre ele e a campanha. Se os devidos esclarecimentos n\u00e3o forem prestados ou n\u00e3o houver justificativa para as irregularidades, promoveremos as medidas cab\u00edveis para cassar o registro de Deltan&#8221;, acrescenta o representante jur\u00eddico da Federa\u00e7\u00e3o Brasil da Esperan\u00e7a no Paran\u00e1.<\/p>\n\n\n\n<p>Migalhas <\/p>\n","protected":false},"excerpt":{"rendered":"<p>Uma a\u00e7\u00e3o movida pela Federa\u00e7\u00e3o Brasil da Esperan\u00e7a no Paran\u00e1, composta por PT, PCdoB e PV, no Tribunal Regional Eleitoral do Paran\u00e1 solicita a apura\u00e7\u00e3o de poss\u00edveis irregularidades na pr\u00e9-campanha do ex-procurador de Justi\u00e7a e candidato Deltan Dallagnol devido a ind\u00edcios de caixa dois. A suspeita \u00e9 que um escrit\u00f3rio de advocacia recentemente constitu\u00eddo esteja<br \/><a class=\"more-link\" href=\"https:\/\/justicapotiguar.com.br\/index.php\/2022\/08\/04\/dallagnol-e-processado-por-suposto-desvio-de-verba-do-fundo-partidario\/\">Mais&#8230;<\/a><\/p>\n","protected":false},"author":5,"featured_media":0,"comment_status":"open","ping_status":"open","sticky":false,"template":"","format":"standard","meta":[],"categories":[1],"tags":[],"_links":{"self":[{"href":"https:\/\/justicapotiguar.com.br\/index.php\/wp-json\/wp\/v2\/posts\/27468"}],"collection":[{"href":"https:\/\/justicapotiguar.com.br\/index.php\/wp-json\/wp\/v2\/posts"}],"about":[{"href":"https:\/\/justicapotiguar.com.br\/index.php\/wp-json\/wp\/v2\/types\/post"}],"author":[{"embeddable":true,"href":"https:\/\/justicapotiguar.com.br\/index.php\/wp-json\/wp\/v2\/users\/5"}],"replies":[{"embeddable":true,"href":"https:\/\/justicapotiguar.com.br\/index.php\/wp-json\/wp\/v2\/comments?post=27468"}],"version-history":[{"count":1,"href":"https:\/\/justicapotiguar.com.br\/index.php\/wp-json\/wp\/v2\/posts\/27468\/revisions"}],"predecessor-version":[{"id":27469,"href":"https:\/\/justicapotiguar.com.br\/index.php\/wp-json\/wp\/v2\/posts\/27468\/revisions\/27469"}],"wp:attachment":[{"href":"https:\/\/justicapotiguar.com.br\/index.php\/wp-json\/wp\/v2\/media?parent=27468"}],"wp:term":[{"taxonomy":"category","embeddable":true,"href":"https:\/\/justicapotiguar.com.br\/index.php\/wp-json\/wp\/v2\/categories?post=27468"},{"taxonomy":"post_tag","embeddable":true,"href":"https:\/\/justicapotiguar.com.br\/index.php\/wp-json\/wp\/v2\/tags?post=27468"}],"curies":[{"name":"wp","href":"https:\/\/api.w.org\/{rel}","templated":true}]}}