{"id":2745,"date":"2019-10-01T17:30:38","date_gmt":"2019-10-01T20:30:38","guid":{"rendered":"https:\/\/justicapotiguar.com.br\/?p=2745"},"modified":"2019-10-01T15:05:27","modified_gmt":"2019-10-01T18:05:27","slug":"beneficio-da-saida-temporaria-e-compativel-com-prisao-domiciliar-por-falta-de-vagas-em-semiaberto","status":"publish","type":"post","link":"https:\/\/justicapotiguar.com.br\/index.php\/2019\/10\/01\/beneficio-da-saida-temporaria-e-compativel-com-prisao-domiciliar-por-falta-de-vagas-em-semiaberto\/","title":{"rendered":"Benef\u00edcio da sa\u00edda tempor\u00e1ria \u00e9 compat\u00edvel com pris\u00e3o domiciliar por falta de vagas em semiaberto"},"content":{"rendered":"\n<figure class=\"wp-block-image is-resized\"><img loading=\"lazy\" src=\"https:\/\/justicapotiguar.com.br\/wp-content\/uploads\/2019\/08\/fuga-prisao3.jpeg\" alt=\"\" class=\"wp-image-1624\" width=\"409\" height=\"307\"\/><figcaption>Foto: Reprodu\u00e7\u00e3o<\/figcaption><\/figure>\n\n\n\n<p>O benef\u00edcio da sa\u00edda tempor\u00e1ria, previsto no&nbsp;<a href=\"http:\/\/www.planalto.gov.br\/ccivil_03\/leis\/l7210.htm#art122\" target=\"_blank\" rel=\"noreferrer noopener\"><strong>artigo 122<\/strong><\/a>&nbsp;da Lei de Execu\u00e7\u00e3o Penal (LEP), \u00e9 compat\u00edvel com o regime de pris\u00e3o domiciliar determinado nas hip\u00f3teses de falta de estabelecimento adequado para o cumprimento de pena no regime semiaberto.<\/p>\n\n\n\n<p>A Sexta Turma do Superior Tribunal de Justi\u00e7a (STJ) firmou o entendimento ao conceder habeas corpus a um homem que cumpre pena em pris\u00e3o domiciliar em virtude da falta de vagas no semiaberto.<\/p>\n\n\n\n<p>Inicialmente, o pedido de 35 sa\u00eddas tempor\u00e1rias por ano foi deferido pelo ju\u00edzo da execu\u00e7\u00e3o penal, sob o fundamento de que o benef\u00edcio \u00e9 compat\u00edvel com o monitoramento eletr\u00f4nico determinado para a pris\u00e3o domiciliar.<\/p>\n\n\n\n<p>Ao analisar o caso, o Tribunal de Justi\u00e7a do Rio Grande de Sul (TJRS) concluiu pela incompatibilidade do benef\u00edcio, uma vez que ele estava em pris\u00e3o domiciliar, e n\u00e3o no regime semiaberto propriamente dito.<\/p>\n\n\n\n<p>Para o tribunal estadual, n\u00e3o havia nenhum impedimento ao contato do preso com a sua fam\u00edlia, e a gravidez de sua companheira \u2013 um dos motivos alegados no pedido \u2013 n\u00e3o seria justificativa legal para a concess\u00e3o das sa\u00eddas tempor\u00e1rias.<\/p><div class=\"idahl69ee99aee5264\" ><!--<a href=\"https:\/\/bit.ly\/3QdrqTZ\" target=\"_blank\">\n<img src=\"https:\/\/justicapotiguar.com.br\/wp-content\/uploads\/2023\/09\/mobile-geral.gif\"\/><a\/>--><\/div><style type=\"text\/css\">\r\n.idahl69ee99aee5264 {\r\ntext-align: center;\r\n}\r\n@media screen and (min-width: 1201px) {\r\n.idahl69ee99aee5264 {\r\ndisplay: none;\r\n}\r\n}\r\n@media screen and (min-width: 993px) and (max-width: 1200px) {\r\n.idahl69ee99aee5264 {\r\ndisplay: none;\r\n}\r\n}\r\n@media screen and (min-width: 769px) and (max-width: 992px) {\r\n.idahl69ee99aee5264 {\r\ndisplay: none;\r\n}\r\n}\r\n@media screen and (min-width: 768px) and (max-width: 768px) {\r\n.idahl69ee99aee5264 {\r\ndisplay: block;\r\n}\r\n}\r\n@media screen and (max-width: 767px) {\r\n.idahl69ee99aee5264 {\r\ndisplay: block;\r\n}\r\n}\r\n<\/style>\r\n<div class=\"udbgm69ee99aee5249\" ><!--<a href=\"https:\/\/bit.ly\/3QdrqTZ\" target=\"_blank\">\n<img src=\"https:\/\/justicapotiguar.com.br\/wp-content\/uploads\/2023\/09\/desktop-geral.gif\"\/><a\/>--><\/div><style type=\"text\/css\">\r\n.udbgm69ee99aee5249 {\r\ntext-align: center;\nmargin-bottom: 1em;\r\n}\r\n@media screen and (min-width: 1201px) {\r\n.udbgm69ee99aee5249 {\r\ndisplay: block;\r\n}\r\n}\r\n@media screen and (min-width: 993px) and (max-width: 1200px) {\r\n.udbgm69ee99aee5249 {\r\ndisplay: block;\r\n}\r\n}\r\n@media screen and (min-width: 769px) and (max-width: 992px) {\r\n.udbgm69ee99aee5249 {\r\ndisplay: block;\r\n}\r\n}\r\n@media screen and (min-width: 768px) and (max-width: 768px) {\r\n.udbgm69ee99aee5249 {\r\ndisplay: none;\r\n}\r\n}\r\n@media screen and (max-width: 767px) {\r\n.udbgm69ee99aee5249 {\r\ndisplay: none;\r\n}\r\n}\r\n<\/style>\r\n\n\n\n\n<p>A decis\u00e3o un\u00e2nime da Sexta Turma restabeleceu a decis\u00e3o do juiz da execu\u00e7\u00e3o penal que deferiu o pedido de sa\u00eddas tempor\u00e1rias.<\/p>\n\n\n\n<p>De acordo com o relator no STJ, o ministro Nefi Cordeiro, foi correta a decis\u00e3o do ju\u00edzo da execu\u00e7\u00e3o, j\u00e1 que o preso preencheu os requisitos objetivos e subjetivos do artigo 122 da LEP.<\/p>\n\n\n\n<h2>Ressocial\u200b\u200biza\u00e7\u00e3o<\/h2>\n\n\n\n<p>A concess\u00e3o do benef\u00edcio da sa\u00edda tempor\u00e1ria, segundo o relator, \u00e9 a medida que se imp\u00f5e no caso.<\/p>\n\n\n\n<p>&#8220;Observado que o benef\u00edcio da sa\u00edda tempor\u00e1ria tem como objetivo a ressocializa\u00e7\u00e3o do preso e \u00e9 concedido ao apenado em regime mais gravoso \u2013 semiaberto \u2013, n\u00e3o se justifica negar a benesse ao reeducando que somente se encontra em regime menos gravoso \u2013 aberto, na modalidade de pris\u00e3o domiciliar \u2013, por des\u00eddia do pr\u00f3prio Estado, que n\u00e3o disp\u00f5e de vagas em estabelecimento prisional compat\u00edvel com o regime para o qual formalmente progrediu&#8221;, explicou o ministro.<\/p>\n\n\n\n<p>Nefi Cordeiro destacou que o artigo 122 da LEP \u00e9 claro ao prever que o preso em regime semiaberto que preencher os requisitos objetivos e subjetivos da lei tem direito ao benef\u00edcio das sa\u00eddas tempor\u00e1rias, independentemente de o regime de cumprimento de pena ter sido alterado para um menos gravoso \u2013 como ocorreu no caso analisado.<\/p>\n","protected":false},"excerpt":{"rendered":"<p>A Sexta Turma do Superior Tribunal de Justi\u00e7a (STJ) firmou o entendimento ao conceder habeas corpus a um homem que cumpre pena em pris\u00e3o domiciliar em virtude da falta de vagas no semiaberto.<br \/><a class=\"more-link\" href=\"https:\/\/justicapotiguar.com.br\/index.php\/2019\/10\/01\/beneficio-da-saida-temporaria-e-compativel-com-prisao-domiciliar-por-falta-de-vagas-em-semiaberto\/\">Mais&#8230;<\/a><\/p>\n","protected":false},"author":5,"featured_media":1624,"comment_status":"open","ping_status":"open","sticky":false,"template":"","format":"standard","meta":[],"categories":[3],"tags":[],"_links":{"self":[{"href":"https:\/\/justicapotiguar.com.br\/index.php\/wp-json\/wp\/v2\/posts\/2745"}],"collection":[{"href":"https:\/\/justicapotiguar.com.br\/index.php\/wp-json\/wp\/v2\/posts"}],"about":[{"href":"https:\/\/justicapotiguar.com.br\/index.php\/wp-json\/wp\/v2\/types\/post"}],"author":[{"embeddable":true,"href":"https:\/\/justicapotiguar.com.br\/index.php\/wp-json\/wp\/v2\/users\/5"}],"replies":[{"embeddable":true,"href":"https:\/\/justicapotiguar.com.br\/index.php\/wp-json\/wp\/v2\/comments?post=2745"}],"version-history":[{"count":1,"href":"https:\/\/justicapotiguar.com.br\/index.php\/wp-json\/wp\/v2\/posts\/2745\/revisions"}],"predecessor-version":[{"id":2746,"href":"https:\/\/justicapotiguar.com.br\/index.php\/wp-json\/wp\/v2\/posts\/2745\/revisions\/2746"}],"wp:featuredmedia":[{"embeddable":true,"href":"https:\/\/justicapotiguar.com.br\/index.php\/wp-json\/wp\/v2\/media\/1624"}],"wp:attachment":[{"href":"https:\/\/justicapotiguar.com.br\/index.php\/wp-json\/wp\/v2\/media?parent=2745"}],"wp:term":[{"taxonomy":"category","embeddable":true,"href":"https:\/\/justicapotiguar.com.br\/index.php\/wp-json\/wp\/v2\/categories?post=2745"},{"taxonomy":"post_tag","embeddable":true,"href":"https:\/\/justicapotiguar.com.br\/index.php\/wp-json\/wp\/v2\/tags?post=2745"}],"curies":[{"name":"wp","href":"https:\/\/api.w.org\/{rel}","templated":true}]}}