{"id":27403,"date":"2022-07-30T13:37:00","date_gmt":"2022-07-30T16:37:00","guid":{"rendered":"https:\/\/justicapotiguar.com.br\/?p=27403"},"modified":"2022-07-30T13:36:37","modified_gmt":"2022-07-30T16:36:37","slug":"anestesista-preso-por-estuprar-gravida-ainda-nao-conseguiu-um-advogado-para-assumir-sua-defesa","status":"publish","type":"post","link":"https:\/\/justicapotiguar.com.br\/index.php\/2022\/07\/30\/anestesista-preso-por-estuprar-gravida-ainda-nao-conseguiu-um-advogado-para-assumir-sua-defesa\/","title":{"rendered":"Anestesista preso por estuprar gr\u00e1vida ainda n\u00e3o conseguiu um advogado para assumir sua defesa"},"content":{"rendered":"\n<figure class=\"wp-block-image size-large\"><img loading=\"lazy\" width=\"661\" height=\"372\" src=\"https:\/\/justicapotiguar.com.br\/wp-content\/uploads\/2022\/07\/Crime.jpeg\" alt=\"\" class=\"wp-image-27121\" srcset=\"https:\/\/justicapotiguar.com.br\/wp-content\/uploads\/2022\/07\/Crime.jpeg 661w, https:\/\/justicapotiguar.com.br\/wp-content\/uploads\/2022\/07\/Crime-300x169.jpeg 300w\" sizes=\"(max-width: 661px) 100vw, 661px\" \/><figcaption>Reprodu\u00e7\u00e3o<\/figcaption><\/figure>\n\n\n\n<p>O\u00a0<a rel=\"noreferrer noopener\" href=\"https:\/\/extra.globo.com\/casos-de-policia\/anestesista-preso-por-abusar-de-mulher-apos-parto-fez-90-cesareas-em-quatro-hospitais-do-estado-documento-da-ses-enviado-defensoria-publica-25548840.html\" target=\"_blank\">anestesista Giovanni Quintella Bezerra<\/a>, acusado do estupro de uma gr\u00e1vida durante o parto no Hospital da Mulher, em S\u00e3o Jo\u00e3o de Meriti, ainda n\u00e3o conseguiu um advogado que assumisse sua defesa. O processo que o m\u00e9dico \u00e9 r\u00e9u corre em segredo de Justi\u00e7a. Segundo o advogado de uma das mulheres que podem ter sido v\u00edtimas do m\u00e9dico, a Justi\u00e7a deu dez dias para que a Defensoria P\u00fablica designe um defensor para o m\u00e9dico, o que ainda n\u00e3o foi feito. Procurada, a Defensoria n\u00e3o se posicionou sobre o caso.<\/p>\n\n\n\n<p>\u2014 Ele ainda n\u00e3o constituiu defesa. O primeiro advogado que iria assumir desistiu. Como \u00e9 um processo penal, ele precisa de um advogado e, ent\u00e3o, a Defensoria P\u00fablica vai cuidar do caso. O juiz vai determinar que a Defensoria assuma em dez dias. Al\u00e9m disso, n\u00e3o existe nenhum pedido de soltura para esse homem \u2014 diz o advogado Joabe Sobrinho, que defende a primeira gr\u00e1vida que deu \u00e0 luz durante o parto em que o anestesista atuou, no Hospital da Mulher, em 10 de julho. No terceiro parto ocorrido naquele dia, a equipe de enfermagem gravou em v\u00eddeo o momento em que Bezerra abusou sexualmente de uma paciente.https:\/\/18176e183f542e5e4516c72242b7e664.safeframe.googlesyndication.com\/safeframe\/1-0-38\/html\/container.html?n=0<\/p>\n\n\n\n<p>Sobre a possibilidade de a defesa do m\u00e9dico tentar desqualificar o v\u00eddeo, afirmando que ele foi feito de forma ilegal, Sobrinho destaca:<\/p><div class=\"ketky69f3dfef9c0d8\" ><!--<a href=\"https:\/\/bit.ly\/3QdrqTZ\" target=\"_blank\">\n<img src=\"https:\/\/justicapotiguar.com.br\/wp-content\/uploads\/2023\/09\/mobile-geral.gif\"\/><a\/>--><\/div><style type=\"text\/css\">\r\n.ketky69f3dfef9c0d8 {\r\ntext-align: center;\r\n}\r\n@media screen and (min-width: 1201px) {\r\n.ketky69f3dfef9c0d8 {\r\ndisplay: none;\r\n}\r\n}\r\n@media screen and (min-width: 993px) and (max-width: 1200px) {\r\n.ketky69f3dfef9c0d8 {\r\ndisplay: none;\r\n}\r\n}\r\n@media screen and (min-width: 769px) and (max-width: 992px) {\r\n.ketky69f3dfef9c0d8 {\r\ndisplay: none;\r\n}\r\n}\r\n@media screen and (min-width: 768px) and (max-width: 768px) {\r\n.ketky69f3dfef9c0d8 {\r\ndisplay: block;\r\n}\r\n}\r\n@media screen and (max-width: 767px) {\r\n.ketky69f3dfef9c0d8 {\r\ndisplay: block;\r\n}\r\n}\r\n<\/style>\r\n<div class=\"rldxk69f3dfef9c0c5\" ><!--<a href=\"https:\/\/bit.ly\/3QdrqTZ\" target=\"_blank\">\n<img src=\"https:\/\/justicapotiguar.com.br\/wp-content\/uploads\/2023\/09\/desktop-geral.gif\"\/><a\/>--><\/div><style type=\"text\/css\">\r\n.rldxk69f3dfef9c0c5 {\r\ntext-align: center;\nmargin-bottom: 1em;\r\n}\r\n@media screen and (min-width: 1201px) {\r\n.rldxk69f3dfef9c0c5 {\r\ndisplay: block;\r\n}\r\n}\r\n@media screen and (min-width: 993px) and (max-width: 1200px) {\r\n.rldxk69f3dfef9c0c5 {\r\ndisplay: block;\r\n}\r\n}\r\n@media screen and (min-width: 769px) and (max-width: 992px) {\r\n.rldxk69f3dfef9c0c5 {\r\ndisplay: block;\r\n}\r\n}\r\n@media screen and (min-width: 768px) and (max-width: 768px) {\r\n.rldxk69f3dfef9c0c5 {\r\ndisplay: none;\r\n}\r\n}\r\n@media screen and (max-width: 767px) {\r\n.rldxk69f3dfef9c0c5 {\r\ndisplay: none;\r\n}\r\n}\r\n<\/style>\r\n\n\n\n\n<p>\u2014 Algumas pessoas est\u00e3o dizendo que o v\u00eddeo seria ilegal, que viola o direito de imagem, que pode anular o processo e ele pode ser solto e, inclusive, processar a equipe m\u00e9dica. Isso \u00e9 fake news. Isso n\u00e3o existe. N\u00e3o existe direito de imagem de um homem que est\u00e1 estuprando uma mulher em um local p\u00fablico. Ou seja, ali \u00e9 um local p\u00fablico e n\u00e3o precisa de autoriza\u00e7\u00e3o. Ademais, se formos pensar no direito de imagem de um estuprador cometendo um delito em local p\u00fablico, versus a intimidade, a honra e a sa\u00fade e a vida da v\u00edtima, isso iria sobrepor a alega\u00e7\u00e3o dele.<\/p>\n\n\n\n<p>Extra<\/p>\n","protected":false},"excerpt":{"rendered":"<p>O\u00a0anestesista Giovanni Quintella Bezerra, acusado do estupro de uma gr\u00e1vida durante o parto no Hospital da Mulher, em S\u00e3o Jo\u00e3o de Meriti, ainda n\u00e3o conseguiu um advogado que assumisse sua defesa. O processo que o m\u00e9dico \u00e9 r\u00e9u corre em segredo de Justi\u00e7a. Segundo o advogado de uma das mulheres que podem ter sido v\u00edtimas<br \/><a class=\"more-link\" href=\"https:\/\/justicapotiguar.com.br\/index.php\/2022\/07\/30\/anestesista-preso-por-estuprar-gravida-ainda-nao-conseguiu-um-advogado-para-assumir-sua-defesa\/\">Mais&#8230;<\/a><\/p>\n","protected":false},"author":5,"featured_media":0,"comment_status":"open","ping_status":"open","sticky":false,"template":"","format":"standard","meta":[],"categories":[1],"tags":[],"_links":{"self":[{"href":"https:\/\/justicapotiguar.com.br\/index.php\/wp-json\/wp\/v2\/posts\/27403"}],"collection":[{"href":"https:\/\/justicapotiguar.com.br\/index.php\/wp-json\/wp\/v2\/posts"}],"about":[{"href":"https:\/\/justicapotiguar.com.br\/index.php\/wp-json\/wp\/v2\/types\/post"}],"author":[{"embeddable":true,"href":"https:\/\/justicapotiguar.com.br\/index.php\/wp-json\/wp\/v2\/users\/5"}],"replies":[{"embeddable":true,"href":"https:\/\/justicapotiguar.com.br\/index.php\/wp-json\/wp\/v2\/comments?post=27403"}],"version-history":[{"count":1,"href":"https:\/\/justicapotiguar.com.br\/index.php\/wp-json\/wp\/v2\/posts\/27403\/revisions"}],"predecessor-version":[{"id":27404,"href":"https:\/\/justicapotiguar.com.br\/index.php\/wp-json\/wp\/v2\/posts\/27403\/revisions\/27404"}],"wp:attachment":[{"href":"https:\/\/justicapotiguar.com.br\/index.php\/wp-json\/wp\/v2\/media?parent=27403"}],"wp:term":[{"taxonomy":"category","embeddable":true,"href":"https:\/\/justicapotiguar.com.br\/index.php\/wp-json\/wp\/v2\/categories?post=27403"},{"taxonomy":"post_tag","embeddable":true,"href":"https:\/\/justicapotiguar.com.br\/index.php\/wp-json\/wp\/v2\/tags?post=27403"}],"curies":[{"name":"wp","href":"https:\/\/api.w.org\/{rel}","templated":true}]}}