{"id":27377,"date":"2022-07-29T09:36:00","date_gmt":"2022-07-29T12:36:00","guid":{"rendered":"https:\/\/justicapotiguar.com.br\/?p=27377"},"modified":"2022-07-29T08:07:32","modified_gmt":"2022-07-29T11:07:32","slug":"desembargador-que-humilhou-guardas-e-punido-por-chamar-pm-de-analfabeta-mas-continua-recebendo","status":"publish","type":"post","link":"https:\/\/justicapotiguar.com.br\/index.php\/2022\/07\/29\/desembargador-que-humilhou-guardas-e-punido-por-chamar-pm-de-analfabeta-mas-continua-recebendo\/","title":{"rendered":"Desembargador que humilhou guardas \u00e9 punido por chamar PM de analfabeta, mas continua recebendo"},"content":{"rendered":"\n<figure class=\"wp-block-image size-large\"><img loading=\"lazy\" width=\"800\" height=\"384\" src=\"https:\/\/justicapotiguar.com.br\/wp-content\/uploads\/2020\/07\/images-21.jpeg\" alt=\"\" class=\"wp-image-11568\" srcset=\"https:\/\/justicapotiguar.com.br\/wp-content\/uploads\/2020\/07\/images-21.jpeg 800w, https:\/\/justicapotiguar.com.br\/wp-content\/uploads\/2020\/07\/images-21-300x144.jpeg 300w, https:\/\/justicapotiguar.com.br\/wp-content\/uploads\/2020\/07\/images-21-768x369.jpeg 768w\" sizes=\"(max-width: 800px) 100vw, 800px\" \/><figcaption>Reprodu\u00e7\u00e3o<\/figcaption><\/figure>\n\n\n\n<p>O TJ-SP (Tribunal de Justi\u00e7a de S\u00e3o Paulo) puniu com pena de disponibilidade o desembargador Eduardo Siqueira, que ficou conhecido por&nbsp;<a href=\"https:\/\/noticias.r7.com\/sao-paulo\/desembargador-que-humilhou-guarda-alega-mal-psiquiatrico-24022021\"><strong>maltratar dois guardas municipais<\/strong><\/a>&nbsp;em Santos, litoral de S\u00e3o Paulo, em 2020. Agora, ele foi julgado por outra den\u00fancia&nbsp;\u2013&nbsp;<a href=\"https:\/\/noticias.r7.com\/sao-paulo\/em-audio-de-2015-desembargador-humilha-pm-por-telefone-17082020\"><strong>mostrada com exclusividade pela Record TV<\/strong><\/a>&nbsp;\u2013, referente a ofensas a uma policial militar.<\/p>\n\n\n\n<p>Por 18 votos a 6, o TJ puniu o desembargador por ofensa e intimida\u00e7\u00e3o a uma policial militar. A pena de disponibilidade \u00e9 a segunda san\u00e7\u00e3o mais grave prevista pela lei da magistratura nacional, atr\u00e1s apenas da aposentadoria compuls\u00f3ria. Na disponibilidade, o magistrado continua recebendo sal\u00e1rio proporcional ao tempo de servi\u00e7o, mas fica impedido de exercer outras fun\u00e7\u00f5es p\u00fablicas por dois anos.<\/p><div class=\"hkkri69f0f13fc52d0\" ><!--<a href=\"https:\/\/bit.ly\/3QdrqTZ\" target=\"_blank\">\n<img src=\"https:\/\/justicapotiguar.com.br\/wp-content\/uploads\/2023\/09\/mobile-geral.gif\"\/><a\/>--><\/div><style type=\"text\/css\">\r\n.hkkri69f0f13fc52d0 {\r\ntext-align: center;\r\n}\r\n@media screen and (min-width: 1201px) {\r\n.hkkri69f0f13fc52d0 {\r\ndisplay: none;\r\n}\r\n}\r\n@media screen and (min-width: 993px) and (max-width: 1200px) {\r\n.hkkri69f0f13fc52d0 {\r\ndisplay: none;\r\n}\r\n}\r\n@media screen and (min-width: 769px) and (max-width: 992px) {\r\n.hkkri69f0f13fc52d0 {\r\ndisplay: none;\r\n}\r\n}\r\n@media screen and (min-width: 768px) and (max-width: 768px) {\r\n.hkkri69f0f13fc52d0 {\r\ndisplay: block;\r\n}\r\n}\r\n@media screen and (max-width: 767px) {\r\n.hkkri69f0f13fc52d0 {\r\ndisplay: block;\r\n}\r\n}\r\n<\/style>\r\n<div class=\"ugmzi69f0f13fc52b2\" ><!--<a href=\"https:\/\/bit.ly\/3QdrqTZ\" target=\"_blank\">\n<img src=\"https:\/\/justicapotiguar.com.br\/wp-content\/uploads\/2023\/09\/desktop-geral.gif\"\/><a\/>--><\/div><style type=\"text\/css\">\r\n.ugmzi69f0f13fc52b2 {\r\ntext-align: center;\nmargin-bottom: 1em;\r\n}\r\n@media screen and (min-width: 1201px) {\r\n.ugmzi69f0f13fc52b2 {\r\ndisplay: block;\r\n}\r\n}\r\n@media screen and (min-width: 993px) and (max-width: 1200px) {\r\n.ugmzi69f0f13fc52b2 {\r\ndisplay: block;\r\n}\r\n}\r\n@media screen and (min-width: 769px) and (max-width: 992px) {\r\n.ugmzi69f0f13fc52b2 {\r\ndisplay: block;\r\n}\r\n}\r\n@media screen and (min-width: 768px) and (max-width: 768px) {\r\n.ugmzi69f0f13fc52b2 {\r\ndisplay: none;\r\n}\r\n}\r\n@media screen and (max-width: 767px) {\r\n.ugmzi69f0f13fc52b2 {\r\ndisplay: none;\r\n}\r\n}\r\n<\/style>\r\n\n\n\n\n<p>Esse processo administrativo disciplinar foi instaurado em dezembro de 2020, ap\u00f3s reportagem, mas o caso que envolve o desembargador e a policial militar aconteceu em 2015. Na ocasi\u00e3o, o jurista ligou para o 190 para pedir ajuda sobre um problema familiar e amea\u00e7ou tirar a policial da corpora\u00e7\u00e3o. Ele disse que tinha poder igual ao de um general do Ex\u00e9rcito. Tamb\u00e9m chamou a policial de analfabeta e rasa.<\/p>\n\n\n\n<p>R7<\/p>\n","protected":false},"excerpt":{"rendered":"<p>O TJ-SP (Tribunal de Justi\u00e7a de S\u00e3o Paulo) puniu com pena de disponibilidade o desembargador Eduardo Siqueira, que ficou conhecido por&nbsp;maltratar dois guardas municipais&nbsp;em Santos, litoral de S\u00e3o Paulo, em 2020. Agora, ele foi julgado por outra den\u00fancia&nbsp;\u2013&nbsp;mostrada com exclusividade pela Record TV&nbsp;\u2013, referente a ofensas a uma policial militar. Por 18 votos a 6,<br \/><a class=\"more-link\" href=\"https:\/\/justicapotiguar.com.br\/index.php\/2022\/07\/29\/desembargador-que-humilhou-guardas-e-punido-por-chamar-pm-de-analfabeta-mas-continua-recebendo\/\">Mais&#8230;<\/a><\/p>\n","protected":false},"author":5,"featured_media":0,"comment_status":"open","ping_status":"open","sticky":false,"template":"","format":"standard","meta":[],"categories":[1],"tags":[],"_links":{"self":[{"href":"https:\/\/justicapotiguar.com.br\/index.php\/wp-json\/wp\/v2\/posts\/27377"}],"collection":[{"href":"https:\/\/justicapotiguar.com.br\/index.php\/wp-json\/wp\/v2\/posts"}],"about":[{"href":"https:\/\/justicapotiguar.com.br\/index.php\/wp-json\/wp\/v2\/types\/post"}],"author":[{"embeddable":true,"href":"https:\/\/justicapotiguar.com.br\/index.php\/wp-json\/wp\/v2\/users\/5"}],"replies":[{"embeddable":true,"href":"https:\/\/justicapotiguar.com.br\/index.php\/wp-json\/wp\/v2\/comments?post=27377"}],"version-history":[{"count":1,"href":"https:\/\/justicapotiguar.com.br\/index.php\/wp-json\/wp\/v2\/posts\/27377\/revisions"}],"predecessor-version":[{"id":27378,"href":"https:\/\/justicapotiguar.com.br\/index.php\/wp-json\/wp\/v2\/posts\/27377\/revisions\/27378"}],"wp:attachment":[{"href":"https:\/\/justicapotiguar.com.br\/index.php\/wp-json\/wp\/v2\/media?parent=27377"}],"wp:term":[{"taxonomy":"category","embeddable":true,"href":"https:\/\/justicapotiguar.com.br\/index.php\/wp-json\/wp\/v2\/categories?post=27377"},{"taxonomy":"post_tag","embeddable":true,"href":"https:\/\/justicapotiguar.com.br\/index.php\/wp-json\/wp\/v2\/tags?post=27377"}],"curies":[{"name":"wp","href":"https:\/\/api.w.org\/{rel}","templated":true}]}}