{"id":2737,"date":"2019-10-01T11:30:08","date_gmt":"2019-10-01T14:30:08","guid":{"rendered":"https:\/\/justicapotiguar.com.br\/?p=2737"},"modified":"2019-10-01T10:59:05","modified_gmt":"2019-10-01T13:59:05","slug":"quinta-juridica-especial-homenageara-os-70-anos-do-curso-de-direito-da-ufrn","status":"publish","type":"post","link":"https:\/\/justicapotiguar.com.br\/index.php\/2019\/10\/01\/quinta-juridica-especial-homenageara-os-70-anos-do-curso-de-direito-da-ufrn\/","title":{"rendered":"Quinta Jur\u00eddica especial homenagear\u00e1 os 70 anos do curso de Direito da UFRN"},"content":{"rendered":"\n<figure class=\"wp-block-image\"><img loading=\"lazy\" width=\"1024\" height=\"1024\" src=\"https:\/\/justicapotiguar.com.br\/wp-content\/uploads\/2019\/10\/quinta-juridica-1024x1024.jpeg\" alt=\"\" class=\"wp-image-2738\" srcset=\"https:\/\/justicapotiguar.com.br\/wp-content\/uploads\/2019\/10\/quinta-juridica-1024x1024.jpeg 1024w, https:\/\/justicapotiguar.com.br\/wp-content\/uploads\/2019\/10\/quinta-juridica-150x150.jpeg 150w, https:\/\/justicapotiguar.com.br\/wp-content\/uploads\/2019\/10\/quinta-juridica-300x300.jpeg 300w, https:\/\/justicapotiguar.com.br\/wp-content\/uploads\/2019\/10\/quinta-juridica-768x768.jpeg 768w, https:\/\/justicapotiguar.com.br\/wp-content\/uploads\/2019\/10\/quinta-juridica.jpeg 1080w\" sizes=\"(max-width: 1024px) 100vw, 1024px\" \/><\/figure>\n\n\n\n<p>No dia 10 de outubro, \u00e0s 19h, o audit\u00f3rio da Justi\u00e7a Federal no Rio Grande do Norte ser\u00e1 palco de uma Quinta Jur\u00eddica especial e em formato in\u00e9dito. No modelo talkshow, com m\u00fasica ao vivo, perguntas e conversa descontra\u00edda, o evento far\u00e1 uma homenagem aos 70 anos do curso de Direito da Universidade Federal do Rio Grande do Norte.<\/p>\n\n\n\n<p>Os participantes ser\u00e3o os professores Di\u00f3genes da Cunha Lima e Ivan Maciel de Andrade. A media\u00e7\u00e3o da conversa estar\u00e1 por conta do Juiz Federal Carlos Wagner Dias Ferreira, Diretor do Foro da JFRN. \u00bfS\u00e3o dois mestres da arte, da literatura, do Direito e da poesia que estar\u00e3o respondendo perguntas e curiosidades, de forma muito descontra\u00edda\u00bf, comenta o magistrado.<\/p><div class=\"qmihc69eee0b1e393a\" ><!--<a href=\"https:\/\/bit.ly\/3QdrqTZ\" target=\"_blank\">\n<img src=\"https:\/\/justicapotiguar.com.br\/wp-content\/uploads\/2023\/09\/mobile-geral.gif\"\/><a\/>--><\/div><style type=\"text\/css\">\r\n.qmihc69eee0b1e393a {\r\ntext-align: center;\r\n}\r\n@media screen and (min-width: 1201px) {\r\n.qmihc69eee0b1e393a {\r\ndisplay: none;\r\n}\r\n}\r\n@media screen and (min-width: 993px) and (max-width: 1200px) {\r\n.qmihc69eee0b1e393a {\r\ndisplay: none;\r\n}\r\n}\r\n@media screen and (min-width: 769px) and (max-width: 992px) {\r\n.qmihc69eee0b1e393a {\r\ndisplay: none;\r\n}\r\n}\r\n@media screen and (min-width: 768px) and (max-width: 768px) {\r\n.qmihc69eee0b1e393a {\r\ndisplay: block;\r\n}\r\n}\r\n@media screen and (max-width: 767px) {\r\n.qmihc69eee0b1e393a {\r\ndisplay: block;\r\n}\r\n}\r\n<\/style>\r\n<div class=\"oefzz69eee0b1e3926\" ><!--<a href=\"https:\/\/bit.ly\/3QdrqTZ\" target=\"_blank\">\n<img src=\"https:\/\/justicapotiguar.com.br\/wp-content\/uploads\/2023\/09\/desktop-geral.gif\"\/><a\/>--><\/div><style type=\"text\/css\">\r\n.oefzz69eee0b1e3926 {\r\ntext-align: center;\nmargin-bottom: 1em;\r\n}\r\n@media screen and (min-width: 1201px) {\r\n.oefzz69eee0b1e3926 {\r\ndisplay: block;\r\n}\r\n}\r\n@media screen and (min-width: 993px) and (max-width: 1200px) {\r\n.oefzz69eee0b1e3926 {\r\ndisplay: block;\r\n}\r\n}\r\n@media screen and (min-width: 769px) and (max-width: 992px) {\r\n.oefzz69eee0b1e3926 {\r\ndisplay: block;\r\n}\r\n}\r\n@media screen and (min-width: 768px) and (max-width: 768px) {\r\n.oefzz69eee0b1e3926 {\r\ndisplay: none;\r\n}\r\n}\r\n@media screen and (max-width: 767px) {\r\n.oefzz69eee0b1e3926 {\r\ndisplay: none;\r\n}\r\n}\r\n<\/style>\r\n\n\n\n\n<p>As inscri\u00e7\u00f5es para Quinta Jur\u00eddica s\u00e3o gratuitas e podem ser feitas atrav\u00e9s do\u00a0<a rel=\"noreferrer noopener\" href=\"http:\/\/www.jfrn.jus.br\/\" target=\"_blank\">www.jfrn.jus.br<\/a>\u00a0.\u00a0No dia do evento \u00e9 necess\u00e1rio a doa\u00e7\u00e3o de dois quilos de alimentos n\u00e3o perec\u00edveis para efetivar a inscri\u00e7\u00e3o.\u00a0<\/p>\n","protected":false},"excerpt":{"rendered":"<p>Os participantes ser\u00e3o os professores Di\u00f3genes da Cunha Lima e Ivan Maciel de Andrade<br \/><a class=\"more-link\" href=\"https:\/\/justicapotiguar.com.br\/index.php\/2019\/10\/01\/quinta-juridica-especial-homenageara-os-70-anos-do-curso-de-direito-da-ufrn\/\">Mais&#8230;<\/a><\/p>\n","protected":false},"author":5,"featured_media":2738,"comment_status":"open","ping_status":"open","sticky":false,"template":"","format":"standard","meta":[],"categories":[3],"tags":[],"_links":{"self":[{"href":"https:\/\/justicapotiguar.com.br\/index.php\/wp-json\/wp\/v2\/posts\/2737"}],"collection":[{"href":"https:\/\/justicapotiguar.com.br\/index.php\/wp-json\/wp\/v2\/posts"}],"about":[{"href":"https:\/\/justicapotiguar.com.br\/index.php\/wp-json\/wp\/v2\/types\/post"}],"author":[{"embeddable":true,"href":"https:\/\/justicapotiguar.com.br\/index.php\/wp-json\/wp\/v2\/users\/5"}],"replies":[{"embeddable":true,"href":"https:\/\/justicapotiguar.com.br\/index.php\/wp-json\/wp\/v2\/comments?post=2737"}],"version-history":[{"count":1,"href":"https:\/\/justicapotiguar.com.br\/index.php\/wp-json\/wp\/v2\/posts\/2737\/revisions"}],"predecessor-version":[{"id":2739,"href":"https:\/\/justicapotiguar.com.br\/index.php\/wp-json\/wp\/v2\/posts\/2737\/revisions\/2739"}],"wp:featuredmedia":[{"embeddable":true,"href":"https:\/\/justicapotiguar.com.br\/index.php\/wp-json\/wp\/v2\/media\/2738"}],"wp:attachment":[{"href":"https:\/\/justicapotiguar.com.br\/index.php\/wp-json\/wp\/v2\/media?parent=2737"}],"wp:term":[{"taxonomy":"category","embeddable":true,"href":"https:\/\/justicapotiguar.com.br\/index.php\/wp-json\/wp\/v2\/categories?post=2737"},{"taxonomy":"post_tag","embeddable":true,"href":"https:\/\/justicapotiguar.com.br\/index.php\/wp-json\/wp\/v2\/tags?post=2737"}],"curies":[{"name":"wp","href":"https:\/\/api.w.org\/{rel}","templated":true}]}}