{"id":2735,"date":"2019-10-01T10:05:09","date_gmt":"2019-10-01T13:05:09","guid":{"rendered":"https:\/\/justicapotiguar.com.br\/?p=2735"},"modified":"2019-10-01T09:58:39","modified_gmt":"2019-10-01T12:58:39","slug":"moradia-em-paris-impede-reconhecimento-de-vinculo-e-beneficio-da-justica-gratuita","status":"publish","type":"post","link":"https:\/\/justicapotiguar.com.br\/index.php\/2019\/10\/01\/moradia-em-paris-impede-reconhecimento-de-vinculo-e-beneficio-da-justica-gratuita\/","title":{"rendered":"Moradia em Paris impede reconhecimento de v\u00ednculo e benef\u00edcio da justi\u00e7a gratuita"},"content":{"rendered":"\n<p>A ju\u00edza titular Ana Maria Brisola, da 13\u00aa vara do Trabalho de SP, negou reconhecimento de v\u00ednculo empregat\u00edcio de ex-empregado que passou a prestar servi\u00e7os de consultoria t\u00e9cnica.<\/p>\n\n\n\n<p>O autor alegou que seguiu trabalhando na qualidade de empregado da r\u00e9 ap\u00f3s formalizada a rescis\u00e3o contratual. Contudo, para a magistrada, n\u00e3o \u00e9 poss\u00edvel chegar-se a essa conclus\u00e3o.<\/p>\n\n\n\n<p>Primeiramente, avaliou a julgadora que o autor como empregado recebia sal\u00e1rio de mais de R$ 57 mil, al\u00e9m de gratifica\u00e7\u00e3o semestral de mais de R$ 200 mil; o l\u00edquido de suas verbas rescis\u00f3rias importou em R$ 435,8 mil, e \u00e0 \u00e9poca foi levantado o FGTS (mais de R$ 900 mil).<\/p>\n\n\n\n<p>\u201c<em>Nessa condi\u00e7\u00e3o, \u00e9 dif\u00edcil aceitar a tese de que o autor fora &#8220;obrigado&#8221; a seguir trabalhando sem v\u00ednculo: sua estabilidade financeira o livraria das press\u00f5es inerentes ao exerc\u00edcio do poder diretivo de um empregador que, independentemente da decis\u00e3o quanto ao prosseguimento, realizou a dispensa sem justa causa e os pagamentos devidos at\u00e9 ent\u00e3o<\/em>.\u201d<\/p>\n\n\n\n<p>Citando depoimento do pr\u00f3prio reclamante, a ju\u00edza entendeu que houve de fato uma negocia\u00e7\u00e3o acerca da presta\u00e7\u00e3o de servi\u00e7os que se seguiu ao encerramento do contrato de trabalho.<\/p>\n\n\n\n<figure class=\"wp-block-image\"><img src=\"https:\/\/m.migalhas.com.br\/imagem\/E221ECA26FDA5F5C0C3BA714256EB0794611_torre.jpg\" alt=\"t\"\/><\/figure>\n\n\n\n<p>Al\u00e9m disso, a magistrada considerou como prova a indica\u00e7\u00e3o de um blog no qual o autor e sua esposa fizeram uma esp\u00e9cie de &#8220;di\u00e1rio de viagem&#8221; \u2013 pelas publica\u00e7\u00f5es, anotou na senten\u00e7a, v\u00ea-se que o autor residiu em Paris por alguns meses no per\u00edodo posterior \u00e0 sua sa\u00edda da empresa.<\/p>\n\n\n\n<p>\u201c<em>Sua alega\u00e7\u00e3o feita em r\u00e9plica, de que seria um per\u00edodo de f\u00e9rias, \u00e9 desmentida pelas pr\u00f3prias publica\u00e7\u00f5es no blog. E suas tentativas de, em depoimento pessoal, convencer de que mesmo em Paris estava trabalhando por meios telem\u00e1ticos n\u00e3o convencem, at\u00e9 pela quantidade de atividades e aulas mencionada. O trabalho n\u00e3o eventual e subordinado, naquelas condi\u00e7\u00f5es, n\u00e3o seria de fato poss\u00edvel<\/em>.\u201d<\/p><div class=\"xnlsw69eef8ad76654\" ><!--<a href=\"https:\/\/bit.ly\/3QdrqTZ\" target=\"_blank\">\n<img src=\"https:\/\/justicapotiguar.com.br\/wp-content\/uploads\/2023\/09\/mobile-geral.gif\"\/><a\/>--><\/div><style type=\"text\/css\">\r\n.xnlsw69eef8ad76654 {\r\ntext-align: center;\r\n}\r\n@media screen and (min-width: 1201px) {\r\n.xnlsw69eef8ad76654 {\r\ndisplay: none;\r\n}\r\n}\r\n@media screen and (min-width: 993px) and (max-width: 1200px) {\r\n.xnlsw69eef8ad76654 {\r\ndisplay: none;\r\n}\r\n}\r\n@media screen and (min-width: 769px) and (max-width: 992px) {\r\n.xnlsw69eef8ad76654 {\r\ndisplay: none;\r\n}\r\n}\r\n@media screen and (min-width: 768px) and (max-width: 768px) {\r\n.xnlsw69eef8ad76654 {\r\ndisplay: block;\r\n}\r\n}\r\n@media screen and (max-width: 767px) {\r\n.xnlsw69eef8ad76654 {\r\ndisplay: block;\r\n}\r\n}\r\n<\/style>\r\n<div class=\"jmhzu69eef8ad7663b\" ><!--<a href=\"https:\/\/bit.ly\/3QdrqTZ\" target=\"_blank\">\n<img src=\"https:\/\/justicapotiguar.com.br\/wp-content\/uploads\/2023\/09\/desktop-geral.gif\"\/><a\/>--><\/div><style type=\"text\/css\">\r\n.jmhzu69eef8ad7663b {\r\ntext-align: center;\nmargin-bottom: 1em;\r\n}\r\n@media screen and (min-width: 1201px) {\r\n.jmhzu69eef8ad7663b {\r\ndisplay: block;\r\n}\r\n}\r\n@media screen and (min-width: 993px) and (max-width: 1200px) {\r\n.jmhzu69eef8ad7663b {\r\ndisplay: block;\r\n}\r\n}\r\n@media screen and (min-width: 769px) and (max-width: 992px) {\r\n.jmhzu69eef8ad7663b {\r\ndisplay: block;\r\n}\r\n}\r\n@media screen and (min-width: 768px) and (max-width: 768px) {\r\n.jmhzu69eef8ad7663b {\r\ndisplay: none;\r\n}\r\n}\r\n@media screen and (max-width: 767px) {\r\n.jmhzu69eef8ad7663b {\r\ndisplay: none;\r\n}\r\n}\r\n<\/style>\r\n\n\n\n\n<p><strong>Alto padr\u00e3o de vida<\/strong><\/p>\n\n\n\n<p>Al\u00e9m de indeferiu o pedido, a ju\u00edza negou o benef\u00edcio da justi\u00e7a gratuita, j\u00e1 que o autor recebia sal\u00e1rios e vantagens muito acima dos patamares m\u00e9dios da classe trabalhadora brasileira, e ainda teve ganhos expressivos na rescis\u00e3o contratual.<\/p>\n\n\n\n<p>Conforme a julgadora, al\u00e9m de n\u00e3o demonstrar elementos de miserabilidade, o autor, pelo contr\u00e1rio, teve exposto no processo um padr\u00e3o de vida associado \u00e0s classes sociais mais altas.<\/p>\n\n\n\n<p>\u201c<em>Ind\u00edcios nesse sentido s\u00e3o o per\u00edodo de resid\u00eancia em Paris, praticando o turismo por meses; e viagens a outros pa\u00edses, conforme documentos que instruem a defesa<\/em>.\u201d<\/p>\n\n\n\n<p>As custas da a\u00e7\u00e3o a serem arcadas pelo autor foram fixadas no importe de R$ 80 mil.<\/p>\n\n\n\n<p>Migalhas<\/p>\n","protected":false},"excerpt":{"rendered":"<p>O autor alegou que seguiu trabalhando na qualidade de empregado da r\u00e9 ap\u00f3s formalizada a rescis\u00e3o contratual. Contudo, para a magistrada, n\u00e3o \u00e9 poss\u00edvel chegar-se a essa conclus\u00e3o.<br \/><a class=\"more-link\" href=\"https:\/\/justicapotiguar.com.br\/index.php\/2019\/10\/01\/moradia-em-paris-impede-reconhecimento-de-vinculo-e-beneficio-da-justica-gratuita\/\">Mais&#8230;<\/a><\/p>\n","protected":false},"author":5,"featured_media":1055,"comment_status":"open","ping_status":"open","sticky":false,"template":"","format":"standard","meta":[],"categories":[3],"tags":[],"_links":{"self":[{"href":"https:\/\/justicapotiguar.com.br\/index.php\/wp-json\/wp\/v2\/posts\/2735"}],"collection":[{"href":"https:\/\/justicapotiguar.com.br\/index.php\/wp-json\/wp\/v2\/posts"}],"about":[{"href":"https:\/\/justicapotiguar.com.br\/index.php\/wp-json\/wp\/v2\/types\/post"}],"author":[{"embeddable":true,"href":"https:\/\/justicapotiguar.com.br\/index.php\/wp-json\/wp\/v2\/users\/5"}],"replies":[{"embeddable":true,"href":"https:\/\/justicapotiguar.com.br\/index.php\/wp-json\/wp\/v2\/comments?post=2735"}],"version-history":[{"count":1,"href":"https:\/\/justicapotiguar.com.br\/index.php\/wp-json\/wp\/v2\/posts\/2735\/revisions"}],"predecessor-version":[{"id":2736,"href":"https:\/\/justicapotiguar.com.br\/index.php\/wp-json\/wp\/v2\/posts\/2735\/revisions\/2736"}],"wp:featuredmedia":[{"embeddable":true,"href":"https:\/\/justicapotiguar.com.br\/index.php\/wp-json\/wp\/v2\/media\/1055"}],"wp:attachment":[{"href":"https:\/\/justicapotiguar.com.br\/index.php\/wp-json\/wp\/v2\/media?parent=2735"}],"wp:term":[{"taxonomy":"category","embeddable":true,"href":"https:\/\/justicapotiguar.com.br\/index.php\/wp-json\/wp\/v2\/categories?post=2735"},{"taxonomy":"post_tag","embeddable":true,"href":"https:\/\/justicapotiguar.com.br\/index.php\/wp-json\/wp\/v2\/tags?post=2735"}],"curies":[{"name":"wp","href":"https:\/\/api.w.org\/{rel}","templated":true}]}}